{"id":1007,"date":"2015-02-23T12:40:33","date_gmt":"2015-02-23T11:40:33","guid":{"rendered":"http:\/\/www.blagnacartsmartiaux.fr\/site\/?p=1007"},"modified":"2015-11-20T23:24:00","modified_gmt":"2015-11-20T22:24:00","slug":"nicolas-en-1ere-division","status":"publish","type":"post","link":"https:\/\/www.blagnacartsmartiaux.fr\/site\/2015\/02\/23\/nicolas-en-1ere-division\/","title":{"rendered":"Nicolas Lesimple en 1\u00e8re division"},"content":{"rendered":"<p><a href=\"https:\/\/www.blagnacartsmartiaux.fr\/site\/wp-content\/uploads\/2015\/02\/BAM_Nico_Les_demi_finales_2015.jpg\"><img fetchpriority=\"high\" decoding=\"async\" class=\"alignnone wp-image-1018 size-large\" src=\"https:\/\/www.blagnacartsmartiaux.fr\/site\/wp-content\/uploads\/2015\/02\/BAM_Nico_Les_demi_finales_2015-1024x603.jpg\" alt=\"BAM_Nico_Les_demi_finales_2015\" width=\"720\" height=\"424\" srcset=\"https:\/\/www.blagnacartsmartiaux.fr\/site\/wp-content\/uploads\/2015\/02\/BAM_Nico_Les_demi_finales_2015-1024x603.jpg 1024w, https:\/\/www.blagnacartsmartiaux.fr\/site\/wp-content\/uploads\/2015\/02\/BAM_Nico_Les_demi_finales_2015-300x177.jpg 300w\" sizes=\"(max-width: 720px) 100vw, 720px\" \/><\/a><\/p>\n<p>Samedi avaient lieu les 1\/2 finales du championnat de France s\u00e9nior 1\u00e8re division \u00e0 Bordeaux.<\/p>\n<p>Apr\u00e8s 6 combats et seulement une d\u00e9faite par yoko en 1\/2 finale, Nicolas Lesimple, le professeur du club, termine 3\u00e8me de la comp\u00e9tition sur 38 s\u00e9lectionn\u00e9s pr\u00e9sents ce jour l\u00e0. <a href=\"http:\/\/www.aquitaine-judo.com\/IMG\/pdf\/1-2_finale_hommes.pdf\">Tableau ICI<\/a><\/p>\n<p>Une tr\u00e8s belle performance qui, au del\u00e0 du r\u00e9sultat, lui permet d&rsquo;acc\u00e9der pour la 1\u00e8re fois au championnat de France S\u00e9niors 1\u00e8re division qui constitue le plus haut niveau de comp\u00e9tition Fran\u00e7ais.<\/p>\n<p>Il sera donc \u00e0 Rouen les 7 et 8 Novembre 2015 pour d\u00e9fendre les couleurs du club avec les meilleurs judokas de sa cat\u00e9gorie (-90kgs).<\/p>\n<p>Cette performance est une fois de plus la preuve de la progression fulgurante des judokas du BAM\u00a0qui ont contribu\u00e9 en tant que partenaires d&rsquo;entra\u00eenement \u00e0 ce r\u00e9sultat. Merci \u00e0 eux et que \u00e7a continue ainsi !<\/p>\n<p>Cyril Chila a \u00e9galement particip\u00e9 \u00e0 cette comp\u00e9tition en -73kgs. Apr\u00e8s 1 victoire au 1er combat, il s&rsquo;incline ensuite. Belle performance pour une reprise de la comp\u00e9tition apr\u00e8s un arr\u00eat de\u00a07\/8 ans.<\/p>\n<figure id=\"attachment_1019\" aria-describedby=\"caption-attachment-1019\" style=\"width: 720px\" class=\"wp-caption alignnone\"><a href=\"https:\/\/www.blagnacartsmartiaux.fr\/site\/wp-content\/uploads\/2015\/02\/IMG_3688.jpg\"><img decoding=\"async\" class=\"wp-image-1019 size-large\" src=\"https:\/\/www.blagnacartsmartiaux.fr\/site\/wp-content\/uploads\/2015\/02\/IMG_3688-e1424691144954-982x1024.jpg\" alt=\"IMG_3688\" width=\"720\" height=\"751\" srcset=\"https:\/\/www.blagnacartsmartiaux.fr\/site\/wp-content\/uploads\/2015\/02\/IMG_3688-e1424691144954-982x1024.jpg 982w, https:\/\/www.blagnacartsmartiaux.fr\/site\/wp-content\/uploads\/2015\/02\/IMG_3688-e1424691144954-288x300.jpg 288w\" sizes=\"(max-width: 720px) 100vw, 720px\" \/><\/a><figcaption id=\"caption-attachment-1019\" class=\"wp-caption-text\">Cyril et Nicolas aux 1\/2 finales du championnat de France S\u00e9niors 1\u00e8re division 2015<\/figcaption><\/figure>\n<p>&nbsp;<\/p>\n<p>&nbsp;<\/p>\n","protected":false},"excerpt":{"rendered":"<p>Samedi avaient lieu les 1\/2 finales du championnat de France s\u00e9nior 1\u00e8re division \u00e0 Bordeaux. Apr\u00e8s 6 combats et seulement une d\u00e9faite par yoko en 1\/2 finale, Nicolas Lesimple, le professeur du club, termine 3\u00e8me de la comp\u00e9tition sur 38 s\u00e9lectionn\u00e9s pr\u00e9sents ce jour l\u00e0. Tableau ICI Une tr\u00e8s belle performance qui, au del\u00e0 du [&hellip;]<\/p>\n","protected":false},"author":1,"featured_media":1018,"comment_status":"closed","ping_status":"open","sticky":false,"template":"","format":"standard","meta":{"site-sidebar-layout":"default","site-content-layout":"","ast-site-content-layout":"default","site-content-style":"default","site-sidebar-style":"default","ast-global-header-display":"","ast-banner-title-visibility":"","ast-main-header-display":"","ast-hfb-above-header-display":"","ast-hfb-below-header-display":"","ast-hfb-mobile-header-display":"","site-post-title":"","ast-breadcrumbs-content":"","ast-featured-img":"","footer-sml-layout":"","ast-disable-related-posts":"","theme-transparent-header-meta":"","adv-header-id-meta":"","stick-header-meta":"","header-above-stick-meta":"","header-main-stick-meta":"","header-below-stick-meta":"","astra-migrate-meta-layouts":"default","ast-page-background-enabled":"default","ast-page-background-meta":{"desktop":{"background-color":"","background-image":"","background-repeat":"repeat","background-position":"center center","background-size":"auto","background-attachment":"scroll","background-type":"","background-media":"","overlay-type":"","overlay-color":"","overlay-opacity":"","overlay-gradient":""},"tablet":{"background-color":"","background-image":"","background-repeat":"repeat","background-position":"center center","background-size":"auto","background-attachment":"scroll","background-type":"","background-media":"","overlay-type":"","overlay-color":"","overlay-opacity":"","overlay-gradient":""},"mobile":{"background-color":"","background-image":"","background-repeat":"repeat","background-position":"center center","background-size":"auto","background-attachment":"scroll","background-type":"","background-media":"","overlay-type":"","overlay-color":"","overlay-opacity":"","overlay-gradient":""}},"ast-content-background-meta":{"desktop":{"background-color":"var(--ast-global-color-5)","background-image":"","background-repeat":"repeat","background-position":"center center","background-size":"auto","background-attachment":"scroll","background-type":"","background-media":"","overlay-type":"","overlay-color":"","overlay-opacity":"","overlay-gradient":""},"tablet":{"background-color":"var(--ast-global-color-5)","background-image":"","background-repeat":"repeat","background-position":"center center","background-size":"auto","background-attachment":"scroll","background-type":"","background-media":"","overlay-type":"","overlay-color":"","overlay-opacity":"","overlay-gradient":""},"mobile":{"background-color":"var(--ast-global-color-5)","background-image":"","background-repeat":"repeat","background-position":"center center","background-size":"auto","background-attachment":"scroll","background-type":"","background-media":"","overlay-type":"","overlay-color":"","overlay-opacity":"","overlay-gradient":""}},"footnotes":""},"categories":[7,4],"tags":[86,31,78,84,119,44,66],"class_list":["post-1007","post","type-post","status-publish","format-standard","has-post-thumbnail","hentry","category-competition","category-judo","tag-1ere-division","tag-bam","tag-blagnac","tag-championnat-de-france","tag-judo","tag-nicolas-lesimple","tag-seniors"],"yoast_head":"<!-- This site is optimized with the Yoast SEO plugin v27.4 - https:\/\/yoast.com\/product\/yoast-seo-wordpress\/ -->\n<title>Nicolas Lesimple en 1\u00e8re division - Blagnac Arts Martiaux<\/title>\n<meta name=\"description\" content=\"Nicolas Lesimple acc\u00e8de \u00e0 la 1\u00e8re division Fran\u00e7aise\" \/>\n<meta name=\"robots\" content=\"index, follow, max-snippet:-1, max-image-preview:large, max-video-preview:-1\" \/>\n<link rel=\"canonical\" href=\"https:\/\/www.blagnacartsmartiaux.fr\/site\/2015\/02\/23\/nicolas-en-1ere-division\/\" \/>\n<meta property=\"og:locale\" content=\"fr_FR\" \/>\n<meta property=\"og:type\" content=\"article\" \/>\n<meta property=\"og:title\" content=\"Nicolas Lesimple en 1\u00e8re division - Blagnac Arts Martiaux\" \/>\n<meta property=\"og:description\" content=\"Nicolas Lesimple acc\u00e8de \u00e0 la 1\u00e8re division Fran\u00e7aise\" \/>\n<meta property=\"og:url\" content=\"https:\/\/www.blagnacartsmartiaux.fr\/site\/2015\/02\/23\/nicolas-en-1ere-division\/\" \/>\n<meta property=\"og:site_name\" content=\"Blagnac Arts Martiaux\" \/>\n<meta property=\"article:publisher\" content=\"https:\/\/www.facebook.com\/BlagnacArtsMartiaux\" \/>\n<meta property=\"article:published_time\" content=\"2015-02-23T11:40:33+00:00\" \/>\n<meta property=\"article:modified_time\" content=\"2015-11-20T22:24:00+00:00\" \/>\n<meta property=\"og:image\" content=\"https:\/\/www.blagnacartsmartiaux.fr\/site\/wp-content\/uploads\/2015\/02\/BAM_Nico_Les_demi_finales_2015.jpg\" \/>\n\t<meta property=\"og:image:width\" content=\"2592\" \/>\n\t<meta property=\"og:image:height\" content=\"1526\" \/>\n\t<meta property=\"og:image:type\" content=\"image\/jpeg\" \/>\n<meta name=\"author\" content=\"Blagnac Arts Martiaux\" \/>\n<meta name=\"twitter:card\" content=\"summary_large_image\" \/>\n<meta name=\"twitter:creator\" content=\"@BlagnacArtsM\" \/>\n<meta name=\"twitter:site\" content=\"@BlagnacArtsM\" \/>\n<meta name=\"twitter:label1\" content=\"\u00c9crit par\" \/>\n\t<meta name=\"twitter:data1\" content=\"Blagnac Arts Martiaux\" \/>\n\t<meta name=\"twitter:label2\" content=\"Dur\u00e9e de lecture estim\u00e9e\" \/>\n\t<meta name=\"twitter:data2\" content=\"1 minute\" \/>\n<script type=\"application\/ld+json\" class=\"yoast-schema-graph\">{\"@context\":\"https:\\\/\\\/schema.org\",\"@graph\":[{\"@type\":\"Article\",\"@id\":\"https:\\\/\\\/www.blagnacartsmartiaux.fr\\\/site\\\/2015\\\/02\\\/23\\\/nicolas-en-1ere-division\\\/#article\",\"isPartOf\":{\"@id\":\"https:\\\/\\\/www.blagnacartsmartiaux.fr\\\/site\\\/2015\\\/02\\\/23\\\/nicolas-en-1ere-division\\\/\"},\"author\":{\"name\":\"Blagnac Arts Martiaux\",\"@id\":\"https:\\\/\\\/www.blagnacartsmartiaux.fr\\\/site\\\/#\\\/schema\\\/person\\\/b33ea38d44e881172328448384ffc27a\"},\"headline\":\"Nicolas Lesimple en 1\u00e8re division\",\"datePublished\":\"2015-02-23T11:40:33+00:00\",\"dateModified\":\"2015-11-20T22:24:00+00:00\",\"mainEntityOfPage\":{\"@id\":\"https:\\\/\\\/www.blagnacartsmartiaux.fr\\\/site\\\/2015\\\/02\\\/23\\\/nicolas-en-1ere-division\\\/\"},\"wordCount\":213,\"publisher\":{\"@id\":\"https:\\\/\\\/www.blagnacartsmartiaux.fr\\\/site\\\/#organization\"},\"image\":{\"@id\":\"https:\\\/\\\/www.blagnacartsmartiaux.fr\\\/site\\\/2015\\\/02\\\/23\\\/nicolas-en-1ere-division\\\/#primaryimage\"},\"thumbnailUrl\":\"https:\\\/\\\/www.blagnacartsmartiaux.fr\\\/site\\\/wp-content\\\/uploads\\\/2015\\\/02\\\/BAM_Nico_Les_demi_finales_2015.jpg\",\"keywords\":[\"1\u00e8re division\",\"BAM\",\"Blagnac\",\"Championnat de France\",\"Judo\",\"Nicolas Lesimple\",\"s\u00e9niors\"],\"articleSection\":[\"Comp\u00e9tition\",\"Judo\"],\"inLanguage\":\"fr-FR\"},{\"@type\":\"WebPage\",\"@id\":\"https:\\\/\\\/www.blagnacartsmartiaux.fr\\\/site\\\/2015\\\/02\\\/23\\\/nicolas-en-1ere-division\\\/\",\"url\":\"https:\\\/\\\/www.blagnacartsmartiaux.fr\\\/site\\\/2015\\\/02\\\/23\\\/nicolas-en-1ere-division\\\/\",\"name\":\"Nicolas Lesimple en 1\u00e8re division - Blagnac Arts Martiaux\",\"isPartOf\":{\"@id\":\"https:\\\/\\\/www.blagnacartsmartiaux.fr\\\/site\\\/#website\"},\"primaryImageOfPage\":{\"@id\":\"https:\\\/\\\/www.blagnacartsmartiaux.fr\\\/site\\\/2015\\\/02\\\/23\\\/nicolas-en-1ere-division\\\/#primaryimage\"},\"image\":{\"@id\":\"https:\\\/\\\/www.blagnacartsmartiaux.fr\\\/site\\\/2015\\\/02\\\/23\\\/nicolas-en-1ere-division\\\/#primaryimage\"},\"thumbnailUrl\":\"https:\\\/\\\/www.blagnacartsmartiaux.fr\\\/site\\\/wp-content\\\/uploads\\\/2015\\\/02\\\/BAM_Nico_Les_demi_finales_2015.jpg\",\"datePublished\":\"2015-02-23T11:40:33+00:00\",\"dateModified\":\"2015-11-20T22:24:00+00:00\",\"description\":\"Nicolas Lesimple acc\u00e8de \u00e0 la 1\u00e8re division Fran\u00e7aise\",\"breadcrumb\":{\"@id\":\"https:\\\/\\\/www.blagnacartsmartiaux.fr\\\/site\\\/2015\\\/02\\\/23\\\/nicolas-en-1ere-division\\\/#breadcrumb\"},\"inLanguage\":\"fr-FR\",\"potentialAction\":[{\"@type\":\"ReadAction\",\"target\":[\"https:\\\/\\\/www.blagnacartsmartiaux.fr\\\/site\\\/2015\\\/02\\\/23\\\/nicolas-en-1ere-division\\\/\"]}]},{\"@type\":\"ImageObject\",\"inLanguage\":\"fr-FR\",\"@id\":\"https:\\\/\\\/www.blagnacartsmartiaux.fr\\\/site\\\/2015\\\/02\\\/23\\\/nicolas-en-1ere-division\\\/#primaryimage\",\"url\":\"https:\\\/\\\/www.blagnacartsmartiaux.fr\\\/site\\\/wp-content\\\/uploads\\\/2015\\\/02\\\/BAM_Nico_Les_demi_finales_2015.jpg\",\"contentUrl\":\"https:\\\/\\\/www.blagnacartsmartiaux.fr\\\/site\\\/wp-content\\\/uploads\\\/2015\\\/02\\\/BAM_Nico_Les_demi_finales_2015.jpg\",\"width\":2592,\"height\":1526},{\"@type\":\"BreadcrumbList\",\"@id\":\"https:\\\/\\\/www.blagnacartsmartiaux.fr\\\/site\\\/2015\\\/02\\\/23\\\/nicolas-en-1ere-division\\\/#breadcrumb\",\"itemListElement\":[{\"@type\":\"ListItem\",\"position\":1,\"name\":\"Accueil\",\"item\":\"https:\\\/\\\/www.blagnacartsmartiaux.fr\\\/site\\\/\"},{\"@type\":\"ListItem\",\"position\":2,\"name\":\"Nicolas Lesimple en 1\u00e8re division\"}]},{\"@type\":\"WebSite\",\"@id\":\"https:\\\/\\\/www.blagnacartsmartiaux.fr\\\/site\\\/#website\",\"url\":\"https:\\\/\\\/www.blagnacartsmartiaux.fr\\\/site\\\/\",\"name\":\"Blagnac Arts Martiaux\",\"description\":\"Le club de Judo, Karat\u00e9, Jujitsu, Arnis Kali et Self D\u00e9fense sur Blagnac\",\"publisher\":{\"@id\":\"https:\\\/\\\/www.blagnacartsmartiaux.fr\\\/site\\\/#organization\"},\"potentialAction\":[{\"@type\":\"SearchAction\",\"target\":{\"@type\":\"EntryPoint\",\"urlTemplate\":\"https:\\\/\\\/www.blagnacartsmartiaux.fr\\\/site\\\/?s={search_term_string}\"},\"query-input\":{\"@type\":\"PropertyValueSpecification\",\"valueRequired\":true,\"valueName\":\"search_term_string\"}}],\"inLanguage\":\"fr-FR\"},{\"@type\":\"Organization\",\"@id\":\"https:\\\/\\\/www.blagnacartsmartiaux.fr\\\/site\\\/#organization\",\"name\":\"Blagnac Arts Martiaux\",\"url\":\"https:\\\/\\\/www.blagnacartsmartiaux.fr\\\/site\\\/\",\"logo\":{\"@type\":\"ImageObject\",\"inLanguage\":\"fr-FR\",\"@id\":\"https:\\\/\\\/www.blagnacartsmartiaux.fr\\\/site\\\/#\\\/schema\\\/logo\\\/image\\\/\",\"url\":\"https:\\\/\\\/www.blagnacartsmartiaux.fr\\\/site\\\/wp-content\\\/uploads\\\/2020\\\/05\\\/cropped-bam-wide.png\",\"contentUrl\":\"https:\\\/\\\/www.blagnacartsmartiaux.fr\\\/site\\\/wp-content\\\/uploads\\\/2020\\\/05\\\/cropped-bam-wide.png\",\"width\":180,\"height\":60,\"caption\":\"Blagnac Arts Martiaux\"},\"image\":{\"@id\":\"https:\\\/\\\/www.blagnacartsmartiaux.fr\\\/site\\\/#\\\/schema\\\/logo\\\/image\\\/\"},\"sameAs\":[\"https:\\\/\\\/www.facebook.com\\\/BlagnacArtsMartiaux\",\"https:\\\/\\\/x.com\\\/BlagnacArtsM\"]},{\"@type\":\"Person\",\"@id\":\"https:\\\/\\\/www.blagnacartsmartiaux.fr\\\/site\\\/#\\\/schema\\\/person\\\/b33ea38d44e881172328448384ffc27a\",\"name\":\"Blagnac Arts Martiaux\",\"image\":{\"@type\":\"ImageObject\",\"inLanguage\":\"fr-FR\",\"@id\":\"https:\\\/\\\/secure.gravatar.com\\\/avatar\\\/042cecfc77c8e7783bd80715818a6e2576590f15b8c8a556fda71b640b99958f?s=96&d=mm&r=g\",\"url\":\"https:\\\/\\\/secure.gravatar.com\\\/avatar\\\/042cecfc77c8e7783bd80715818a6e2576590f15b8c8a556fda71b640b99958f?s=96&d=mm&r=g\",\"contentUrl\":\"https:\\\/\\\/secure.gravatar.com\\\/avatar\\\/042cecfc77c8e7783bd80715818a6e2576590f15b8c8a556fda71b640b99958f?s=96&d=mm&r=g\",\"caption\":\"Blagnac Arts Martiaux\"},\"url\":\"https:\\\/\\\/www.blagnacartsmartiaux.fr\\\/site\\\/author\\\/administrator\\\/\"}]}<\/script>\n<!-- \/ Yoast SEO plugin. -->","yoast_head_json":{"title":"Nicolas Lesimple en 1\u00e8re division - Blagnac Arts Martiaux","description":"Nicolas Lesimple acc\u00e8de \u00e0 la 1\u00e8re division Fran\u00e7aise","robots":{"index":"index","follow":"follow","max-snippet":"max-snippet:-1","max-image-preview":"max-image-preview:large","max-video-preview":"max-video-preview:-1"},"canonical":"https:\/\/www.blagnacartsmartiaux.fr\/site\/2015\/02\/23\/nicolas-en-1ere-division\/","og_locale":"fr_FR","og_type":"article","og_title":"Nicolas Lesimple en 1\u00e8re division - Blagnac Arts Martiaux","og_description":"Nicolas Lesimple acc\u00e8de \u00e0 la 1\u00e8re division Fran\u00e7aise","og_url":"https:\/\/www.blagnacartsmartiaux.fr\/site\/2015\/02\/23\/nicolas-en-1ere-division\/","og_site_name":"Blagnac Arts Martiaux","article_publisher":"https:\/\/www.facebook.com\/BlagnacArtsMartiaux","article_published_time":"2015-02-23T11:40:33+00:00","article_modified_time":"2015-11-20T22:24:00+00:00","og_image":[{"width":2592,"height":1526,"url":"https:\/\/www.blagnacartsmartiaux.fr\/site\/wp-content\/uploads\/2015\/02\/BAM_Nico_Les_demi_finales_2015.jpg","type":"image\/jpeg"}],"author":"Blagnac Arts Martiaux","twitter_card":"summary_large_image","twitter_creator":"@BlagnacArtsM","twitter_site":"@BlagnacArtsM","twitter_misc":{"\u00c9crit par":"Blagnac Arts Martiaux","Dur\u00e9e de lecture estim\u00e9e":"1 minute"},"schema":{"@context":"https:\/\/schema.org","@graph":[{"@type":"Article","@id":"https:\/\/www.blagnacartsmartiaux.fr\/site\/2015\/02\/23\/nicolas-en-1ere-division\/#article","isPartOf":{"@id":"https:\/\/www.blagnacartsmartiaux.fr\/site\/2015\/02\/23\/nicolas-en-1ere-division\/"},"author":{"name":"Blagnac Arts Martiaux","@id":"https:\/\/www.blagnacartsmartiaux.fr\/site\/#\/schema\/person\/b33ea38d44e881172328448384ffc27a"},"headline":"Nicolas Lesimple en 1\u00e8re division","datePublished":"2015-02-23T11:40:33+00:00","dateModified":"2015-11-20T22:24:00+00:00","mainEntityOfPage":{"@id":"https:\/\/www.blagnacartsmartiaux.fr\/site\/2015\/02\/23\/nicolas-en-1ere-division\/"},"wordCount":213,"publisher":{"@id":"https:\/\/www.blagnacartsmartiaux.fr\/site\/#organization"},"image":{"@id":"https:\/\/www.blagnacartsmartiaux.fr\/site\/2015\/02\/23\/nicolas-en-1ere-division\/#primaryimage"},"thumbnailUrl":"https:\/\/www.blagnacartsmartiaux.fr\/site\/wp-content\/uploads\/2015\/02\/BAM_Nico_Les_demi_finales_2015.jpg","keywords":["1\u00e8re division","BAM","Blagnac","Championnat de France","Judo","Nicolas Lesimple","s\u00e9niors"],"articleSection":["Comp\u00e9tition","Judo"],"inLanguage":"fr-FR"},{"@type":"WebPage","@id":"https:\/\/www.blagnacartsmartiaux.fr\/site\/2015\/02\/23\/nicolas-en-1ere-division\/","url":"https:\/\/www.blagnacartsmartiaux.fr\/site\/2015\/02\/23\/nicolas-en-1ere-division\/","name":"Nicolas Lesimple en 1\u00e8re division - Blagnac Arts Martiaux","isPartOf":{"@id":"https:\/\/www.blagnacartsmartiaux.fr\/site\/#website"},"primaryImageOfPage":{"@id":"https:\/\/www.blagnacartsmartiaux.fr\/site\/2015\/02\/23\/nicolas-en-1ere-division\/#primaryimage"},"image":{"@id":"https:\/\/www.blagnacartsmartiaux.fr\/site\/2015\/02\/23\/nicolas-en-1ere-division\/#primaryimage"},"thumbnailUrl":"https:\/\/www.blagnacartsmartiaux.fr\/site\/wp-content\/uploads\/2015\/02\/BAM_Nico_Les_demi_finales_2015.jpg","datePublished":"2015-02-23T11:40:33+00:00","dateModified":"2015-11-20T22:24:00+00:00","description":"Nicolas Lesimple acc\u00e8de \u00e0 la 1\u00e8re division Fran\u00e7aise","breadcrumb":{"@id":"https:\/\/www.blagnacartsmartiaux.fr\/site\/2015\/02\/23\/nicolas-en-1ere-division\/#breadcrumb"},"inLanguage":"fr-FR","potentialAction":[{"@type":"ReadAction","target":["https:\/\/www.blagnacartsmartiaux.fr\/site\/2015\/02\/23\/nicolas-en-1ere-division\/"]}]},{"@type":"ImageObject","inLanguage":"fr-FR","@id":"https:\/\/www.blagnacartsmartiaux.fr\/site\/2015\/02\/23\/nicolas-en-1ere-division\/#primaryimage","url":"https:\/\/www.blagnacartsmartiaux.fr\/site\/wp-content\/uploads\/2015\/02\/BAM_Nico_Les_demi_finales_2015.jpg","contentUrl":"https:\/\/www.blagnacartsmartiaux.fr\/site\/wp-content\/uploads\/2015\/02\/BAM_Nico_Les_demi_finales_2015.jpg","width":2592,"height":1526},{"@type":"BreadcrumbList","@id":"https:\/\/www.blagnacartsmartiaux.fr\/site\/2015\/02\/23\/nicolas-en-1ere-division\/#breadcrumb","itemListElement":[{"@type":"ListItem","position":1,"name":"Accueil","item":"https:\/\/www.blagnacartsmartiaux.fr\/site\/"},{"@type":"ListItem","position":2,"name":"Nicolas Lesimple en 1\u00e8re division"}]},{"@type":"WebSite","@id":"https:\/\/www.blagnacartsmartiaux.fr\/site\/#website","url":"https:\/\/www.blagnacartsmartiaux.fr\/site\/","name":"Blagnac Arts Martiaux","description":"Le club de Judo, Karat\u00e9, Jujitsu, Arnis Kali et Self D\u00e9fense sur Blagnac","publisher":{"@id":"https:\/\/www.blagnacartsmartiaux.fr\/site\/#organization"},"potentialAction":[{"@type":"SearchAction","target":{"@type":"EntryPoint","urlTemplate":"https:\/\/www.blagnacartsmartiaux.fr\/site\/?s={search_term_string}"},"query-input":{"@type":"PropertyValueSpecification","valueRequired":true,"valueName":"search_term_string"}}],"inLanguage":"fr-FR"},{"@type":"Organization","@id":"https:\/\/www.blagnacartsmartiaux.fr\/site\/#organization","name":"Blagnac Arts Martiaux","url":"https:\/\/www.blagnacartsmartiaux.fr\/site\/","logo":{"@type":"ImageObject","inLanguage":"fr-FR","@id":"https:\/\/www.blagnacartsmartiaux.fr\/site\/#\/schema\/logo\/image\/","url":"https:\/\/www.blagnacartsmartiaux.fr\/site\/wp-content\/uploads\/2020\/05\/cropped-bam-wide.png","contentUrl":"https:\/\/www.blagnacartsmartiaux.fr\/site\/wp-content\/uploads\/2020\/05\/cropped-bam-wide.png","width":180,"height":60,"caption":"Blagnac Arts Martiaux"},"image":{"@id":"https:\/\/www.blagnacartsmartiaux.fr\/site\/#\/schema\/logo\/image\/"},"sameAs":["https:\/\/www.facebook.com\/BlagnacArtsMartiaux","https:\/\/x.com\/BlagnacArtsM"]},{"@type":"Person","@id":"https:\/\/www.blagnacartsmartiaux.fr\/site\/#\/schema\/person\/b33ea38d44e881172328448384ffc27a","name":"Blagnac Arts Martiaux","image":{"@type":"ImageObject","inLanguage":"fr-FR","@id":"https:\/\/secure.gravatar.com\/avatar\/042cecfc77c8e7783bd80715818a6e2576590f15b8c8a556fda71b640b99958f?s=96&d=mm&r=g","url":"https:\/\/secure.gravatar.com\/avatar\/042cecfc77c8e7783bd80715818a6e2576590f15b8c8a556fda71b640b99958f?s=96&d=mm&r=g","contentUrl":"https:\/\/secure.gravatar.com\/avatar\/042cecfc77c8e7783bd80715818a6e2576590f15b8c8a556fda71b640b99958f?s=96&d=mm&r=g","caption":"Blagnac Arts Martiaux"},"url":"https:\/\/www.blagnacartsmartiaux.fr\/site\/author\/administrator\/"}]}},"_links":{"self":[{"href":"https:\/\/www.blagnacartsmartiaux.fr\/site\/wp-json\/wp\/v2\/posts\/1007","targetHints":{"allow":["GET"]}}],"collection":[{"href":"https:\/\/www.blagnacartsmartiaux.fr\/site\/wp-json\/wp\/v2\/posts"}],"about":[{"href":"https:\/\/www.blagnacartsmartiaux.fr\/site\/wp-json\/wp\/v2\/types\/post"}],"author":[{"embeddable":true,"href":"https:\/\/www.blagnacartsmartiaux.fr\/site\/wp-json\/wp\/v2\/users\/1"}],"replies":[{"embeddable":true,"href":"https:\/\/www.blagnacartsmartiaux.fr\/site\/wp-json\/wp\/v2\/comments?post=1007"}],"version-history":[{"count":5,"href":"https:\/\/www.blagnacartsmartiaux.fr\/site\/wp-json\/wp\/v2\/posts\/1007\/revisions"}],"predecessor-version":[{"id":1039,"href":"https:\/\/www.blagnacartsmartiaux.fr\/site\/wp-json\/wp\/v2\/posts\/1007\/revisions\/1039"}],"wp:featuredmedia":[{"embeddable":true,"href":"https:\/\/www.blagnacartsmartiaux.fr\/site\/wp-json\/wp\/v2\/media\/1018"}],"wp:attachment":[{"href":"https:\/\/www.blagnacartsmartiaux.fr\/site\/wp-json\/wp\/v2\/media?parent=1007"}],"wp:term":[{"taxonomy":"category","embeddable":true,"href":"https:\/\/www.blagnacartsmartiaux.fr\/site\/wp-json\/wp\/v2\/categories?post=1007"},{"taxonomy":"post_tag","embeddable":true,"href":"https:\/\/www.blagnacartsmartiaux.fr\/site\/wp-json\/wp\/v2\/tags?post=1007"}],"curies":[{"name":"wp","href":"https:\/\/api.w.org\/{rel}","templated":true}]}}