{"id":1319,"date":"2015-09-19T17:41:36","date_gmt":"2015-09-19T16:41:36","guid":{"rendered":"http:\/\/www.blagnacartsmartiaux.fr\/site\/?p=1319"},"modified":"2015-11-20T23:22:58","modified_gmt":"2015-11-20T22:22:58","slug":"stage-kyusho-en-octobre-au-bam","status":"publish","type":"post","link":"https:\/\/www.blagnacartsmartiaux.fr\/site\/2015\/09\/19\/stage-kyusho-en-octobre-au-bam\/","title":{"rendered":"Stage Kyusho en octobre au BAM"},"content":{"rendered":"<p>Le\u00a024 et 25 octobre 2015, nous seront depuis peu dans le nouveau dojo dans la complexe sportif Androm\u00e8de. Ce stage sera l&rsquo;occasion de profiter de notre belle et nouvelle salle d&rsquo;arts martiaux.<\/p>\n<p><strong>Serge Rebois<\/strong>, expert en Kyusho (points vitaux), professeur de Ju-Jitsu, Judo et Nihon Tai Jitsu revient pour notre plus grand plaisir pour une troisi\u00e8me ann\u00e9e cons\u00e9cutive.<\/p>\n<p><strong>Ce stage est gratuit pour tous les membres du Blagnac Arts Martiaux. On esp\u00e8re donc vous voir tr\u00e8s tr\u00e8s nombreux les Judoka,\u00a0Karat\u00e9ka, Ju-Jitsuka et Arnisadores !<\/strong><\/p>\n<p>Un repas du samedi midi et samedi soir sera mis en place par le comit\u00e9 des f\u00eates du BAM.<\/p>\n<p>Merci de diffuser cette information, pour que cette manifestation soit une belle\u00a0r\u00e9ussite.<\/p>\n<p><span style=\"text-decoration: underline;\"><strong>Le staff\u00a0du BAM<\/strong><\/span><\/p>\n<p><span style=\"text-decoration: underline;\">PS<\/span>: <strong>RESERVEZ<\/strong> d\u00e8s \u00e0 pr\u00e9sent votre week-end !<\/p>\n","protected":false},"excerpt":{"rendered":"<p>Le\u00a024 et 25 octobre 2015, nous seront depuis peu dans le nouveau dojo dans la complexe sportif Androm\u00e8de. Ce stage sera l&rsquo;occasion de profiter de notre belle et nouvelle salle d&rsquo;arts martiaux. Serge Rebois, expert en Kyusho (points vitaux), professeur de Ju-Jitsu, Judo et Nihon Tai Jitsu revient pour notre plus grand plaisir pour une [&hellip;]<\/p>\n","protected":false},"author":1,"featured_media":1338,"comment_status":"closed","ping_status":"open","sticky":false,"template":"","format":"standard","meta":{"site-sidebar-layout":"default","site-content-layout":"","ast-site-content-layout":"default","site-content-style":"default","site-sidebar-style":"default","ast-global-header-display":"","ast-banner-title-visibility":"","ast-main-header-display":"","ast-hfb-above-header-display":"","ast-hfb-below-header-display":"","ast-hfb-mobile-header-display":"","site-post-title":"","ast-breadcrumbs-content":"","ast-featured-img":"","footer-sml-layout":"","ast-disable-related-posts":"","theme-transparent-header-meta":"","adv-header-id-meta":"","stick-header-meta":"","header-above-stick-meta":"","header-main-stick-meta":"","header-below-stick-meta":"","astra-migrate-meta-layouts":"default","ast-page-background-enabled":"default","ast-page-background-meta":{"desktop":{"background-color":"","background-image":"","background-repeat":"repeat","background-position":"center center","background-size":"auto","background-attachment":"scroll","background-type":"","background-media":"","overlay-type":"","overlay-color":"","overlay-opacity":"","overlay-gradient":""},"tablet":{"background-color":"","background-image":"","background-repeat":"repeat","background-position":"center center","background-size":"auto","background-attachment":"scroll","background-type":"","background-media":"","overlay-type":"","overlay-color":"","overlay-opacity":"","overlay-gradient":""},"mobile":{"background-color":"","background-image":"","background-repeat":"repeat","background-position":"center center","background-size":"auto","background-attachment":"scroll","background-type":"","background-media":"","overlay-type":"","overlay-color":"","overlay-opacity":"","overlay-gradient":""}},"ast-content-background-meta":{"desktop":{"background-color":"var(--ast-global-color-5)","background-image":"","background-repeat":"repeat","background-position":"center center","background-size":"auto","background-attachment":"scroll","background-type":"","background-media":"","overlay-type":"","overlay-color":"","overlay-opacity":"","overlay-gradient":""},"tablet":{"background-color":"var(--ast-global-color-5)","background-image":"","background-repeat":"repeat","background-position":"center center","background-size":"auto","background-attachment":"scroll","background-type":"","background-media":"","overlay-type":"","overlay-color":"","overlay-opacity":"","overlay-gradient":""},"mobile":{"background-color":"var(--ast-global-color-5)","background-image":"","background-repeat":"repeat","background-position":"center center","background-size":"auto","background-attachment":"scroll","background-type":"","background-media":"","overlay-type":"","overlay-color":"","overlay-opacity":"","overlay-gradient":""}},"footnotes":""},"categories":[8,4,5,6,3],"tags":[118],"class_list":["post-1319","post","type-post","status-publish","format-standard","has-post-thumbnail","hentry","category-evenement","category-judo","category-jujitsu","category-karate","category-stage","tag-stage"],"yoast_head":"<!-- This site is optimized with the Yoast SEO plugin v27.5 - https:\/\/yoast.com\/product\/yoast-seo-wordpress\/ -->\n<title>Stage Kyusho en octobre au BAM - Blagnac Arts Martiaux<\/title>\n<meta name=\"description\" content=\"Grand stage de Kyusho Jitsu \u00e0 Blagnac sous la direction de Serge Rebois, expert Nihon Tai Jitsu, Ju-Jitsu en octobre 2015.\" \/>\n<meta name=\"robots\" content=\"index, follow, max-snippet:-1, max-image-preview:large, max-video-preview:-1\" \/>\n<link rel=\"canonical\" href=\"https:\/\/www.blagnacartsmartiaux.fr\/site\/2015\/09\/19\/stage-kyusho-en-octobre-au-bam\/\" \/>\n<meta property=\"og:locale\" content=\"fr_FR\" \/>\n<meta property=\"og:type\" content=\"article\" \/>\n<meta property=\"og:title\" content=\"Stage Kyusho en octobre au BAM - Blagnac Arts Martiaux\" \/>\n<meta property=\"og:description\" content=\"Grand stage de Kyusho Jitsu \u00e0 Blagnac sous la direction de Serge Rebois, expert Nihon Tai Jitsu, Ju-Jitsu.\" \/>\n<meta property=\"og:url\" content=\"https:\/\/www.blagnacartsmartiaux.fr\/site\/2015\/09\/19\/stage-kyusho-en-octobre-au-bam\/\" \/>\n<meta property=\"og:site_name\" content=\"Blagnac Arts Martiaux\" \/>\n<meta property=\"article:publisher\" content=\"https:\/\/www.facebook.com\/BlagnacArtsMartiaux\" \/>\n<meta property=\"article:published_time\" content=\"2015-09-19T16:41:36+00:00\" \/>\n<meta property=\"article:modified_time\" content=\"2015-11-20T22:22:58+00:00\" \/>\n<meta property=\"og:image\" content=\"https:\/\/www.blagnacartsmartiaux.fr\/site\/wp-content\/uploads\/2015\/09\/stage-kyusho-2015-blagnac-toulouse.jpg\" \/>\n\t<meta property=\"og:image:width\" content=\"566\" \/>\n\t<meta property=\"og:image:height\" content=\"800\" \/>\n\t<meta property=\"og:image:type\" content=\"image\/jpeg\" \/>\n<meta name=\"author\" content=\"Blagnac Arts Martiaux\" \/>\n<meta name=\"twitter:card\" content=\"summary_large_image\" \/>\n<meta name=\"twitter:description\" content=\"Grand stage de Kyusho Jitsu \u00e0 Blagnac sous la direction de Serge Rebois, expert Nihon Tai Jitsu, Ju-Jitsu.\" \/>\n<meta name=\"twitter:image\" content=\"http:\/\/www.blagnacartsmartiaux.fr\/site\/wp-content\/uploads\/2015\/09\/stage-kyusho-2015-blagnac-toulouse.jpg\" \/>\n<meta name=\"twitter:creator\" content=\"@BlagnacArtsM\" \/>\n<meta name=\"twitter:site\" content=\"@BlagnacArtsM\" \/>\n<meta name=\"twitter:label1\" content=\"\u00c9crit par\" \/>\n\t<meta name=\"twitter:data1\" content=\"Blagnac Arts Martiaux\" \/>\n\t<meta name=\"twitter:label2\" content=\"Dur\u00e9e de lecture estim\u00e9e\" \/>\n\t<meta name=\"twitter:data2\" content=\"1 minute\" \/>\n<script type=\"application\/ld+json\" class=\"yoast-schema-graph\">{\"@context\":\"https:\\\/\\\/schema.org\",\"@graph\":[{\"@type\":\"Article\",\"@id\":\"https:\\\/\\\/www.blagnacartsmartiaux.fr\\\/site\\\/2015\\\/09\\\/19\\\/stage-kyusho-en-octobre-au-bam\\\/#article\",\"isPartOf\":{\"@id\":\"https:\\\/\\\/www.blagnacartsmartiaux.fr\\\/site\\\/2015\\\/09\\\/19\\\/stage-kyusho-en-octobre-au-bam\\\/\"},\"author\":{\"name\":\"Blagnac Arts Martiaux\",\"@id\":\"https:\\\/\\\/www.blagnacartsmartiaux.fr\\\/site\\\/#\\\/schema\\\/person\\\/b33ea38d44e881172328448384ffc27a\"},\"headline\":\"Stage Kyusho en octobre au BAM\",\"datePublished\":\"2015-09-19T16:41:36+00:00\",\"dateModified\":\"2015-11-20T22:22:58+00:00\",\"mainEntityOfPage\":{\"@id\":\"https:\\\/\\\/www.blagnacartsmartiaux.fr\\\/site\\\/2015\\\/09\\\/19\\\/stage-kyusho-en-octobre-au-bam\\\/\"},\"wordCount\":144,\"publisher\":{\"@id\":\"https:\\\/\\\/www.blagnacartsmartiaux.fr\\\/site\\\/#organization\"},\"image\":{\"@id\":\"https:\\\/\\\/www.blagnacartsmartiaux.fr\\\/site\\\/2015\\\/09\\\/19\\\/stage-kyusho-en-octobre-au-bam\\\/#primaryimage\"},\"thumbnailUrl\":\"https:\\\/\\\/www.blagnacartsmartiaux.fr\\\/site\\\/wp-content\\\/uploads\\\/2015\\\/09\\\/stage-kyusho-2015-blagnac-toulouse.jpg\",\"keywords\":[\"Stage\"],\"articleSection\":[\"Evenement\",\"Judo\",\"Jujitsu\",\"Karate\",\"Stage\"],\"inLanguage\":\"fr-FR\"},{\"@type\":\"WebPage\",\"@id\":\"https:\\\/\\\/www.blagnacartsmartiaux.fr\\\/site\\\/2015\\\/09\\\/19\\\/stage-kyusho-en-octobre-au-bam\\\/\",\"url\":\"https:\\\/\\\/www.blagnacartsmartiaux.fr\\\/site\\\/2015\\\/09\\\/19\\\/stage-kyusho-en-octobre-au-bam\\\/\",\"name\":\"Stage Kyusho en octobre au BAM - Blagnac Arts Martiaux\",\"isPartOf\":{\"@id\":\"https:\\\/\\\/www.blagnacartsmartiaux.fr\\\/site\\\/#website\"},\"primaryImageOfPage\":{\"@id\":\"https:\\\/\\\/www.blagnacartsmartiaux.fr\\\/site\\\/2015\\\/09\\\/19\\\/stage-kyusho-en-octobre-au-bam\\\/#primaryimage\"},\"image\":{\"@id\":\"https:\\\/\\\/www.blagnacartsmartiaux.fr\\\/site\\\/2015\\\/09\\\/19\\\/stage-kyusho-en-octobre-au-bam\\\/#primaryimage\"},\"thumbnailUrl\":\"https:\\\/\\\/www.blagnacartsmartiaux.fr\\\/site\\\/wp-content\\\/uploads\\\/2015\\\/09\\\/stage-kyusho-2015-blagnac-toulouse.jpg\",\"datePublished\":\"2015-09-19T16:41:36+00:00\",\"dateModified\":\"2015-11-20T22:22:58+00:00\",\"description\":\"Grand stage de Kyusho Jitsu \u00e0 Blagnac sous la direction de Serge Rebois, expert Nihon Tai Jitsu, Ju-Jitsu en octobre 2015.\",\"breadcrumb\":{\"@id\":\"https:\\\/\\\/www.blagnacartsmartiaux.fr\\\/site\\\/2015\\\/09\\\/19\\\/stage-kyusho-en-octobre-au-bam\\\/#breadcrumb\"},\"inLanguage\":\"fr-FR\",\"potentialAction\":[{\"@type\":\"ReadAction\",\"target\":[\"https:\\\/\\\/www.blagnacartsmartiaux.fr\\\/site\\\/2015\\\/09\\\/19\\\/stage-kyusho-en-octobre-au-bam\\\/\"]}]},{\"@type\":\"ImageObject\",\"inLanguage\":\"fr-FR\",\"@id\":\"https:\\\/\\\/www.blagnacartsmartiaux.fr\\\/site\\\/2015\\\/09\\\/19\\\/stage-kyusho-en-octobre-au-bam\\\/#primaryimage\",\"url\":\"https:\\\/\\\/www.blagnacartsmartiaux.fr\\\/site\\\/wp-content\\\/uploads\\\/2015\\\/09\\\/stage-kyusho-2015-blagnac-toulouse.jpg\",\"contentUrl\":\"https:\\\/\\\/www.blagnacartsmartiaux.fr\\\/site\\\/wp-content\\\/uploads\\\/2015\\\/09\\\/stage-kyusho-2015-blagnac-toulouse.jpg\",\"width\":566,\"height\":800,\"caption\":\"stage kyusho blagnac toulouse 2015\"},{\"@type\":\"BreadcrumbList\",\"@id\":\"https:\\\/\\\/www.blagnacartsmartiaux.fr\\\/site\\\/2015\\\/09\\\/19\\\/stage-kyusho-en-octobre-au-bam\\\/#breadcrumb\",\"itemListElement\":[{\"@type\":\"ListItem\",\"position\":1,\"name\":\"Accueil\",\"item\":\"https:\\\/\\\/www.blagnacartsmartiaux.fr\\\/site\\\/\"},{\"@type\":\"ListItem\",\"position\":2,\"name\":\"Stage Kyusho en octobre au BAM\"}]},{\"@type\":\"WebSite\",\"@id\":\"https:\\\/\\\/www.blagnacartsmartiaux.fr\\\/site\\\/#website\",\"url\":\"https:\\\/\\\/www.blagnacartsmartiaux.fr\\\/site\\\/\",\"name\":\"Blagnac Arts Martiaux\",\"description\":\"Le club de Judo, Karat\u00e9, Jujitsu, Arnis Kali et Self D\u00e9fense sur Blagnac\",\"publisher\":{\"@id\":\"https:\\\/\\\/www.blagnacartsmartiaux.fr\\\/site\\\/#organization\"},\"potentialAction\":[{\"@type\":\"SearchAction\",\"target\":{\"@type\":\"EntryPoint\",\"urlTemplate\":\"https:\\\/\\\/www.blagnacartsmartiaux.fr\\\/site\\\/?s={search_term_string}\"},\"query-input\":{\"@type\":\"PropertyValueSpecification\",\"valueRequired\":true,\"valueName\":\"search_term_string\"}}],\"inLanguage\":\"fr-FR\"},{\"@type\":\"Organization\",\"@id\":\"https:\\\/\\\/www.blagnacartsmartiaux.fr\\\/site\\\/#organization\",\"name\":\"Blagnac Arts Martiaux\",\"url\":\"https:\\\/\\\/www.blagnacartsmartiaux.fr\\\/site\\\/\",\"logo\":{\"@type\":\"ImageObject\",\"inLanguage\":\"fr-FR\",\"@id\":\"https:\\\/\\\/www.blagnacartsmartiaux.fr\\\/site\\\/#\\\/schema\\\/logo\\\/image\\\/\",\"url\":\"https:\\\/\\\/www.blagnacartsmartiaux.fr\\\/site\\\/wp-content\\\/uploads\\\/2020\\\/05\\\/cropped-bam-wide.png\",\"contentUrl\":\"https:\\\/\\\/www.blagnacartsmartiaux.fr\\\/site\\\/wp-content\\\/uploads\\\/2020\\\/05\\\/cropped-bam-wide.png\",\"width\":180,\"height\":60,\"caption\":\"Blagnac Arts Martiaux\"},\"image\":{\"@id\":\"https:\\\/\\\/www.blagnacartsmartiaux.fr\\\/site\\\/#\\\/schema\\\/logo\\\/image\\\/\"},\"sameAs\":[\"https:\\\/\\\/www.facebook.com\\\/BlagnacArtsMartiaux\",\"https:\\\/\\\/x.com\\\/BlagnacArtsM\"]},{\"@type\":\"Person\",\"@id\":\"https:\\\/\\\/www.blagnacartsmartiaux.fr\\\/site\\\/#\\\/schema\\\/person\\\/b33ea38d44e881172328448384ffc27a\",\"name\":\"Blagnac Arts Martiaux\",\"image\":{\"@type\":\"ImageObject\",\"inLanguage\":\"fr-FR\",\"@id\":\"https:\\\/\\\/secure.gravatar.com\\\/avatar\\\/042cecfc77c8e7783bd80715818a6e2576590f15b8c8a556fda71b640b99958f?s=96&d=mm&r=g\",\"url\":\"https:\\\/\\\/secure.gravatar.com\\\/avatar\\\/042cecfc77c8e7783bd80715818a6e2576590f15b8c8a556fda71b640b99958f?s=96&d=mm&r=g\",\"contentUrl\":\"https:\\\/\\\/secure.gravatar.com\\\/avatar\\\/042cecfc77c8e7783bd80715818a6e2576590f15b8c8a556fda71b640b99958f?s=96&d=mm&r=g\",\"caption\":\"Blagnac Arts Martiaux\"},\"url\":\"https:\\\/\\\/www.blagnacartsmartiaux.fr\\\/site\\\/author\\\/administrator\\\/\"}]}<\/script>\n<!-- \/ Yoast SEO plugin. -->","yoast_head_json":{"title":"Stage Kyusho en octobre au BAM - Blagnac Arts Martiaux","description":"Grand stage de Kyusho Jitsu \u00e0 Blagnac sous la direction de Serge Rebois, expert Nihon Tai Jitsu, Ju-Jitsu en octobre 2015.","robots":{"index":"index","follow":"follow","max-snippet":"max-snippet:-1","max-image-preview":"max-image-preview:large","max-video-preview":"max-video-preview:-1"},"canonical":"https:\/\/www.blagnacartsmartiaux.fr\/site\/2015\/09\/19\/stage-kyusho-en-octobre-au-bam\/","og_locale":"fr_FR","og_type":"article","og_title":"Stage Kyusho en octobre au BAM - Blagnac Arts Martiaux","og_description":"Grand stage de Kyusho Jitsu \u00e0 Blagnac sous la direction de Serge Rebois, expert Nihon Tai Jitsu, Ju-Jitsu.","og_url":"https:\/\/www.blagnacartsmartiaux.fr\/site\/2015\/09\/19\/stage-kyusho-en-octobre-au-bam\/","og_site_name":"Blagnac Arts Martiaux","article_publisher":"https:\/\/www.facebook.com\/BlagnacArtsMartiaux","article_published_time":"2015-09-19T16:41:36+00:00","article_modified_time":"2015-11-20T22:22:58+00:00","og_image":[{"width":566,"height":800,"url":"https:\/\/www.blagnacartsmartiaux.fr\/site\/wp-content\/uploads\/2015\/09\/stage-kyusho-2015-blagnac-toulouse.jpg","type":"image\/jpeg"}],"author":"Blagnac Arts Martiaux","twitter_card":"summary_large_image","twitter_description":"Grand stage de Kyusho Jitsu \u00e0 Blagnac sous la direction de Serge Rebois, expert Nihon Tai Jitsu, Ju-Jitsu.","twitter_image":"http:\/\/www.blagnacartsmartiaux.fr\/site\/wp-content\/uploads\/2015\/09\/stage-kyusho-2015-blagnac-toulouse.jpg","twitter_creator":"@BlagnacArtsM","twitter_site":"@BlagnacArtsM","twitter_misc":{"\u00c9crit par":"Blagnac Arts Martiaux","Dur\u00e9e de lecture estim\u00e9e":"1 minute"},"schema":{"@context":"https:\/\/schema.org","@graph":[{"@type":"Article","@id":"https:\/\/www.blagnacartsmartiaux.fr\/site\/2015\/09\/19\/stage-kyusho-en-octobre-au-bam\/#article","isPartOf":{"@id":"https:\/\/www.blagnacartsmartiaux.fr\/site\/2015\/09\/19\/stage-kyusho-en-octobre-au-bam\/"},"author":{"name":"Blagnac Arts Martiaux","@id":"https:\/\/www.blagnacartsmartiaux.fr\/site\/#\/schema\/person\/b33ea38d44e881172328448384ffc27a"},"headline":"Stage Kyusho en octobre au BAM","datePublished":"2015-09-19T16:41:36+00:00","dateModified":"2015-11-20T22:22:58+00:00","mainEntityOfPage":{"@id":"https:\/\/www.blagnacartsmartiaux.fr\/site\/2015\/09\/19\/stage-kyusho-en-octobre-au-bam\/"},"wordCount":144,"publisher":{"@id":"https:\/\/www.blagnacartsmartiaux.fr\/site\/#organization"},"image":{"@id":"https:\/\/www.blagnacartsmartiaux.fr\/site\/2015\/09\/19\/stage-kyusho-en-octobre-au-bam\/#primaryimage"},"thumbnailUrl":"https:\/\/www.blagnacartsmartiaux.fr\/site\/wp-content\/uploads\/2015\/09\/stage-kyusho-2015-blagnac-toulouse.jpg","keywords":["Stage"],"articleSection":["Evenement","Judo","Jujitsu","Karate","Stage"],"inLanguage":"fr-FR"},{"@type":"WebPage","@id":"https:\/\/www.blagnacartsmartiaux.fr\/site\/2015\/09\/19\/stage-kyusho-en-octobre-au-bam\/","url":"https:\/\/www.blagnacartsmartiaux.fr\/site\/2015\/09\/19\/stage-kyusho-en-octobre-au-bam\/","name":"Stage Kyusho en octobre au BAM - Blagnac Arts Martiaux","isPartOf":{"@id":"https:\/\/www.blagnacartsmartiaux.fr\/site\/#website"},"primaryImageOfPage":{"@id":"https:\/\/www.blagnacartsmartiaux.fr\/site\/2015\/09\/19\/stage-kyusho-en-octobre-au-bam\/#primaryimage"},"image":{"@id":"https:\/\/www.blagnacartsmartiaux.fr\/site\/2015\/09\/19\/stage-kyusho-en-octobre-au-bam\/#primaryimage"},"thumbnailUrl":"https:\/\/www.blagnacartsmartiaux.fr\/site\/wp-content\/uploads\/2015\/09\/stage-kyusho-2015-blagnac-toulouse.jpg","datePublished":"2015-09-19T16:41:36+00:00","dateModified":"2015-11-20T22:22:58+00:00","description":"Grand stage de Kyusho Jitsu \u00e0 Blagnac sous la direction de Serge Rebois, expert Nihon Tai Jitsu, Ju-Jitsu en octobre 2015.","breadcrumb":{"@id":"https:\/\/www.blagnacartsmartiaux.fr\/site\/2015\/09\/19\/stage-kyusho-en-octobre-au-bam\/#breadcrumb"},"inLanguage":"fr-FR","potentialAction":[{"@type":"ReadAction","target":["https:\/\/www.blagnacartsmartiaux.fr\/site\/2015\/09\/19\/stage-kyusho-en-octobre-au-bam\/"]}]},{"@type":"ImageObject","inLanguage":"fr-FR","@id":"https:\/\/www.blagnacartsmartiaux.fr\/site\/2015\/09\/19\/stage-kyusho-en-octobre-au-bam\/#primaryimage","url":"https:\/\/www.blagnacartsmartiaux.fr\/site\/wp-content\/uploads\/2015\/09\/stage-kyusho-2015-blagnac-toulouse.jpg","contentUrl":"https:\/\/www.blagnacartsmartiaux.fr\/site\/wp-content\/uploads\/2015\/09\/stage-kyusho-2015-blagnac-toulouse.jpg","width":566,"height":800,"caption":"stage kyusho blagnac toulouse 2015"},{"@type":"BreadcrumbList","@id":"https:\/\/www.blagnacartsmartiaux.fr\/site\/2015\/09\/19\/stage-kyusho-en-octobre-au-bam\/#breadcrumb","itemListElement":[{"@type":"ListItem","position":1,"name":"Accueil","item":"https:\/\/www.blagnacartsmartiaux.fr\/site\/"},{"@type":"ListItem","position":2,"name":"Stage Kyusho en octobre au BAM"}]},{"@type":"WebSite","@id":"https:\/\/www.blagnacartsmartiaux.fr\/site\/#website","url":"https:\/\/www.blagnacartsmartiaux.fr\/site\/","name":"Blagnac Arts Martiaux","description":"Le club de Judo, Karat\u00e9, Jujitsu, Arnis Kali et Self D\u00e9fense sur Blagnac","publisher":{"@id":"https:\/\/www.blagnacartsmartiaux.fr\/site\/#organization"},"potentialAction":[{"@type":"SearchAction","target":{"@type":"EntryPoint","urlTemplate":"https:\/\/www.blagnacartsmartiaux.fr\/site\/?s={search_term_string}"},"query-input":{"@type":"PropertyValueSpecification","valueRequired":true,"valueName":"search_term_string"}}],"inLanguage":"fr-FR"},{"@type":"Organization","@id":"https:\/\/www.blagnacartsmartiaux.fr\/site\/#organization","name":"Blagnac Arts Martiaux","url":"https:\/\/www.blagnacartsmartiaux.fr\/site\/","logo":{"@type":"ImageObject","inLanguage":"fr-FR","@id":"https:\/\/www.blagnacartsmartiaux.fr\/site\/#\/schema\/logo\/image\/","url":"https:\/\/www.blagnacartsmartiaux.fr\/site\/wp-content\/uploads\/2020\/05\/cropped-bam-wide.png","contentUrl":"https:\/\/www.blagnacartsmartiaux.fr\/site\/wp-content\/uploads\/2020\/05\/cropped-bam-wide.png","width":180,"height":60,"caption":"Blagnac Arts Martiaux"},"image":{"@id":"https:\/\/www.blagnacartsmartiaux.fr\/site\/#\/schema\/logo\/image\/"},"sameAs":["https:\/\/www.facebook.com\/BlagnacArtsMartiaux","https:\/\/x.com\/BlagnacArtsM"]},{"@type":"Person","@id":"https:\/\/www.blagnacartsmartiaux.fr\/site\/#\/schema\/person\/b33ea38d44e881172328448384ffc27a","name":"Blagnac Arts Martiaux","image":{"@type":"ImageObject","inLanguage":"fr-FR","@id":"https:\/\/secure.gravatar.com\/avatar\/042cecfc77c8e7783bd80715818a6e2576590f15b8c8a556fda71b640b99958f?s=96&d=mm&r=g","url":"https:\/\/secure.gravatar.com\/avatar\/042cecfc77c8e7783bd80715818a6e2576590f15b8c8a556fda71b640b99958f?s=96&d=mm&r=g","contentUrl":"https:\/\/secure.gravatar.com\/avatar\/042cecfc77c8e7783bd80715818a6e2576590f15b8c8a556fda71b640b99958f?s=96&d=mm&r=g","caption":"Blagnac Arts Martiaux"},"url":"https:\/\/www.blagnacartsmartiaux.fr\/site\/author\/administrator\/"}]}},"_links":{"self":[{"href":"https:\/\/www.blagnacartsmartiaux.fr\/site\/wp-json\/wp\/v2\/posts\/1319","targetHints":{"allow":["GET"]}}],"collection":[{"href":"https:\/\/www.blagnacartsmartiaux.fr\/site\/wp-json\/wp\/v2\/posts"}],"about":[{"href":"https:\/\/www.blagnacartsmartiaux.fr\/site\/wp-json\/wp\/v2\/types\/post"}],"author":[{"embeddable":true,"href":"https:\/\/www.blagnacartsmartiaux.fr\/site\/wp-json\/wp\/v2\/users\/1"}],"replies":[{"embeddable":true,"href":"https:\/\/www.blagnacartsmartiaux.fr\/site\/wp-json\/wp\/v2\/comments?post=1319"}],"version-history":[{"count":4,"href":"https:\/\/www.blagnacartsmartiaux.fr\/site\/wp-json\/wp\/v2\/posts\/1319\/revisions"}],"predecessor-version":[{"id":1324,"href":"https:\/\/www.blagnacartsmartiaux.fr\/site\/wp-json\/wp\/v2\/posts\/1319\/revisions\/1324"}],"wp:featuredmedia":[{"embeddable":true,"href":"https:\/\/www.blagnacartsmartiaux.fr\/site\/wp-json\/wp\/v2\/media\/1338"}],"wp:attachment":[{"href":"https:\/\/www.blagnacartsmartiaux.fr\/site\/wp-json\/wp\/v2\/media?parent=1319"}],"wp:term":[{"taxonomy":"category","embeddable":true,"href":"https:\/\/www.blagnacartsmartiaux.fr\/site\/wp-json\/wp\/v2\/categories?post=1319"},{"taxonomy":"post_tag","embeddable":true,"href":"https:\/\/www.blagnacartsmartiaux.fr\/site\/wp-json\/wp\/v2\/tags?post=1319"}],"curies":[{"name":"wp","href":"https:\/\/api.w.org\/{rel}","templated":true}]}}