{"id":1554,"date":"2015-12-07T13:19:56","date_gmt":"2015-12-07T12:19:56","guid":{"rendered":"http:\/\/www.blagnacartsmartiaux.fr\/site\/?p=1554"},"modified":"2015-12-09T22:54:04","modified_gmt":"2015-12-09T21:54:04","slug":"nuit-du-combat-telethon","status":"publish","type":"post","link":"https:\/\/www.blagnacartsmartiaux.fr\/site\/2015\/12\/07\/nuit-du-combat-telethon\/","title":{"rendered":"Nuit du combat &#8211; T\u00e9l\u00e9thon"},"content":{"rendered":"<div>Cette premi\u00e8re \u00e9dition de notre Nuit u combat fut une vraie r\u00e9ussite !<\/div>\n<div>Nous avons accueilli environ 300 personnes durant toute la soir\u00e9e et plus d&rsquo;une centaine de pratiquants ont r\u00e9alis\u00e9 des combats de Jujitsu, Judo et Karat\u00e9. Ce fut un beau moment de partage entre les diff\u00e9rentes disciplines ! Les combattants les plus motiv\u00e9s ont r\u00e9alis\u00e9 plus de 25 combats (de 5&prime;) pendant plus de 4h, une tr\u00e8s belle performance d&rsquo;endurance.<\/div>\n<div>Dominique Parayre, dipl\u00f4m\u00e9 en massage Shiatsu a \u00e9galement propos\u00e9 des s\u00e9ances de relaxations toujours au b\u00e9n\u00e9fice du T\u00e9l\u00e9thon avec des pratiquants et des spectateurs.<\/div>\n<div>Nous avons r\u00e9colt\u00e9 tout au long de cette soir\u00e9e plus de 800 euros pour le T\u00e9l\u00e9thon entre les dons et les recettes, ce qui d\u00e9passe nos esp\u00e9rances !<\/div>\n<div>Nous avons \u00e9galement eu le plaisir d&rsquo;accueillir des \u00e9lus de la ville de Blagnac, 2 membres de la coordination AFM T\u00e9l\u00e9thon 31, le bureau du comit\u00e9 d\u00e9partemental de la Haute Garonne de Judo et plus de 10 clubs qui ont fait le d\u00e9placement dont le plus loin \u00e9tait celui de Carmaux dans le Tarn.<\/div>\n<div><\/div>\n<div>Les deux clubs de Judo de Blagnac se sont retrouv\u00e9s ensemble pour cette nuit du combat sur les tatamis Blagnacais, une premi\u00e8re symbolique entre le BSC et le BAM qui ne demandent qu&rsquo;\u00e0 renouveler cette exp\u00e9rience d&rsquo;\u00e9change.<\/div>\n<div><\/div>\n<div>Merci \u00e0 nos sponsors qui nous ont bien aid\u00e9 pour cet \u00e9v\u00e8nement et sans qui les b\u00e9n\u00e9fices n&rsquo;auraient pas \u00e9t\u00e9 aussi important pour le T\u00e9l\u00e9thon : La pizz\u00e9ria l&rsquo;Arlequin, la Boucherie du Parc et VnB Purpan.<\/div>\n<div><\/div>\n<div>La soir\u00e9e s&rsquo;est tr\u00e8s tr\u00e8s bien pass\u00e9e et s&rsquo;est cl\u00f4tur\u00e9e par un pot de l&rsquo;amiti\u00e9, une chose est s\u00fbre, une 2\u00e8me \u00e9dition est \u00e0 pr\u00e9voir !<\/div>\n<div><a href=\"https:\/\/www.blagnacartsmartiaux.fr\/site\/wp-content\/uploads\/2015\/12\/photo-article-fin-2.jpg\"><img fetchpriority=\"high\" decoding=\"async\" class=\"alignnone wp-image-1556 size-large\" src=\"https:\/\/www.blagnacartsmartiaux.fr\/site\/wp-content\/uploads\/2015\/12\/photo-article-fin-2-e1449490778726-1024x682.jpg\" alt=\"Salut de d\u00e9but de la nuit du combat\" width=\"1024\" height=\"682\" srcset=\"https:\/\/www.blagnacartsmartiaux.fr\/site\/wp-content\/uploads\/2015\/12\/photo-article-fin-2-e1449490778726-1024x682.jpg 1024w, https:\/\/www.blagnacartsmartiaux.fr\/site\/wp-content\/uploads\/2015\/12\/photo-article-fin-2-e1449490778726-300x200.jpg 300w, https:\/\/www.blagnacartsmartiaux.fr\/site\/wp-content\/uploads\/2015\/12\/photo-article-fin-2-e1449490778726-272x182.jpg 272w\" sizes=\"(max-width: 1024px) 100vw, 1024px\" \/><\/a><\/div>\n","protected":false},"excerpt":{"rendered":"<p>Cette premi\u00e8re \u00e9dition de notre Nuit u combat fut une vraie r\u00e9ussite ! Nous avons accueilli environ 300 personnes durant toute la soir\u00e9e et plus d&rsquo;une centaine de pratiquants ont r\u00e9alis\u00e9 des combats de Jujitsu, Judo et Karat\u00e9. Ce fut un beau moment de partage entre les diff\u00e9rentes disciplines ! Les combattants les plus motiv\u00e9s [&hellip;]<\/p>\n","protected":false},"author":1,"featured_media":1555,"comment_status":"closed","ping_status":"open","sticky":false,"template":"","format":"standard","meta":{"site-sidebar-layout":"default","site-content-layout":"","ast-site-content-layout":"default","site-content-style":"default","site-sidebar-style":"default","ast-global-header-display":"","ast-banner-title-visibility":"","ast-main-header-display":"","ast-hfb-above-header-display":"","ast-hfb-below-header-display":"","ast-hfb-mobile-header-display":"","site-post-title":"","ast-breadcrumbs-content":"","ast-featured-img":"","footer-sml-layout":"","ast-disable-related-posts":"","theme-transparent-header-meta":"","adv-header-id-meta":"","stick-header-meta":"","header-above-stick-meta":"","header-main-stick-meta":"","header-below-stick-meta":"","astra-migrate-meta-layouts":"default","ast-page-background-enabled":"default","ast-page-background-meta":{"desktop":{"background-color":"","background-image":"","background-repeat":"repeat","background-position":"center center","background-size":"auto","background-attachment":"scroll","background-type":"","background-media":"","overlay-type":"","overlay-color":"","overlay-opacity":"","overlay-gradient":""},"tablet":{"background-color":"","background-image":"","background-repeat":"repeat","background-position":"center center","background-size":"auto","background-attachment":"scroll","background-type":"","background-media":"","overlay-type":"","overlay-color":"","overlay-opacity":"","overlay-gradient":""},"mobile":{"background-color":"","background-image":"","background-repeat":"repeat","background-position":"center center","background-size":"auto","background-attachment":"scroll","background-type":"","background-media":"","overlay-type":"","overlay-color":"","overlay-opacity":"","overlay-gradient":""}},"ast-content-background-meta":{"desktop":{"background-color":"var(--ast-global-color-5)","background-image":"","background-repeat":"repeat","background-position":"center center","background-size":"auto","background-attachment":"scroll","background-type":"","background-media":"","overlay-type":"","overlay-color":"","overlay-opacity":"","overlay-gradient":""},"tablet":{"background-color":"var(--ast-global-color-5)","background-image":"","background-repeat":"repeat","background-position":"center center","background-size":"auto","background-attachment":"scroll","background-type":"","background-media":"","overlay-type":"","overlay-color":"","overlay-opacity":"","overlay-gradient":""},"mobile":{"background-color":"var(--ast-global-color-5)","background-image":"","background-repeat":"repeat","background-position":"center center","background-size":"auto","background-attachment":"scroll","background-type":"","background-media":"","overlay-type":"","overlay-color":"","overlay-opacity":"","overlay-gradient":""}},"footnotes":""},"categories":[8,4,5,6],"tags":[120],"class_list":["post-1554","post","type-post","status-publish","format-standard","has-post-thumbnail","hentry","category-evenement","category-judo","category-jujitsu","category-karate","tag-nuit-du-combat"],"yoast_head":"<!-- This site is optimized with the Yoast SEO plugin v27.5 - https:\/\/yoast.com\/product\/yoast-seo-wordpress\/ -->\n<title>Nuit du combat - T\u00e9l\u00e9thon - Blagnac Arts Martiaux<\/title>\n<meta name=\"robots\" content=\"index, follow, max-snippet:-1, max-image-preview:large, max-video-preview:-1\" \/>\n<link rel=\"canonical\" href=\"https:\/\/www.blagnacartsmartiaux.fr\/site\/2015\/12\/07\/nuit-du-combat-telethon\/\" \/>\n<meta property=\"og:locale\" content=\"fr_FR\" \/>\n<meta property=\"og:type\" content=\"article\" \/>\n<meta property=\"og:title\" content=\"Nuit du combat - T\u00e9l\u00e9thon - Blagnac Arts Martiaux\" \/>\n<meta property=\"og:description\" content=\"Cette premi\u00e8re \u00e9dition de notre Nuit u combat fut une vraie r\u00e9ussite ! Nous avons accueilli environ 300 personnes durant toute la soir\u00e9e et plus d&rsquo;une centaine de pratiquants ont r\u00e9alis\u00e9 des combats de Jujitsu, Judo et Karat\u00e9. Ce fut un beau moment de partage entre les diff\u00e9rentes disciplines ! Les combattants les plus motiv\u00e9s [&hellip;]\" \/>\n<meta property=\"og:url\" content=\"https:\/\/www.blagnacartsmartiaux.fr\/site\/2015\/12\/07\/nuit-du-combat-telethon\/\" \/>\n<meta property=\"og:site_name\" content=\"Blagnac Arts Martiaux\" \/>\n<meta property=\"article:publisher\" content=\"https:\/\/www.facebook.com\/BlagnacArtsMartiaux\" \/>\n<meta property=\"article:published_time\" content=\"2015-12-07T12:19:56+00:00\" \/>\n<meta property=\"article:modified_time\" content=\"2015-12-09T21:54:04+00:00\" \/>\n<meta property=\"og:image\" content=\"https:\/\/www.blagnacartsmartiaux.fr\/site\/wp-content\/uploads\/2015\/12\/photo-article-fin-1-1024x683.jpg\" \/>\n\t<meta property=\"og:image:width\" content=\"1024\" \/>\n\t<meta property=\"og:image:height\" content=\"683\" \/>\n\t<meta property=\"og:image:type\" content=\"image\/jpeg\" \/>\n<meta name=\"author\" content=\"Blagnac Arts Martiaux\" \/>\n<meta name=\"twitter:card\" content=\"summary_large_image\" \/>\n<meta name=\"twitter:creator\" content=\"@BlagnacArtsM\" \/>\n<meta name=\"twitter:site\" content=\"@BlagnacArtsM\" \/>\n<meta name=\"twitter:label1\" content=\"\u00c9crit par\" \/>\n\t<meta name=\"twitter:data1\" content=\"Blagnac Arts Martiaux\" \/>\n\t<meta name=\"twitter:label2\" content=\"Dur\u00e9e de lecture estim\u00e9e\" \/>\n\t<meta name=\"twitter:data2\" content=\"2 minutes\" \/>\n<script type=\"application\/ld+json\" class=\"yoast-schema-graph\">{\"@context\":\"https:\\\/\\\/schema.org\",\"@graph\":[{\"@type\":\"Article\",\"@id\":\"https:\\\/\\\/www.blagnacartsmartiaux.fr\\\/site\\\/2015\\\/12\\\/07\\\/nuit-du-combat-telethon\\\/#article\",\"isPartOf\":{\"@id\":\"https:\\\/\\\/www.blagnacartsmartiaux.fr\\\/site\\\/2015\\\/12\\\/07\\\/nuit-du-combat-telethon\\\/\"},\"author\":{\"name\":\"Blagnac Arts Martiaux\",\"@id\":\"https:\\\/\\\/www.blagnacartsmartiaux.fr\\\/site\\\/#\\\/schema\\\/person\\\/b33ea38d44e881172328448384ffc27a\"},\"headline\":\"Nuit du combat &#8211; T\u00e9l\u00e9thon\",\"datePublished\":\"2015-12-07T12:19:56+00:00\",\"dateModified\":\"2015-12-09T21:54:04+00:00\",\"mainEntityOfPage\":{\"@id\":\"https:\\\/\\\/www.blagnacartsmartiaux.fr\\\/site\\\/2015\\\/12\\\/07\\\/nuit-du-combat-telethon\\\/\"},\"wordCount\":320,\"publisher\":{\"@id\":\"https:\\\/\\\/www.blagnacartsmartiaux.fr\\\/site\\\/#organization\"},\"image\":{\"@id\":\"https:\\\/\\\/www.blagnacartsmartiaux.fr\\\/site\\\/2015\\\/12\\\/07\\\/nuit-du-combat-telethon\\\/#primaryimage\"},\"thumbnailUrl\":\"https:\\\/\\\/www.blagnacartsmartiaux.fr\\\/site\\\/wp-content\\\/uploads\\\/2015\\\/12\\\/photo-article-fin-1.jpg\",\"keywords\":[\"Nuit du combat\"],\"articleSection\":[\"Evenement\",\"Judo\",\"Jujitsu\",\"Karate\"],\"inLanguage\":\"fr-FR\"},{\"@type\":\"WebPage\",\"@id\":\"https:\\\/\\\/www.blagnacartsmartiaux.fr\\\/site\\\/2015\\\/12\\\/07\\\/nuit-du-combat-telethon\\\/\",\"url\":\"https:\\\/\\\/www.blagnacartsmartiaux.fr\\\/site\\\/2015\\\/12\\\/07\\\/nuit-du-combat-telethon\\\/\",\"name\":\"Nuit du combat - T\u00e9l\u00e9thon - Blagnac Arts Martiaux\",\"isPartOf\":{\"@id\":\"https:\\\/\\\/www.blagnacartsmartiaux.fr\\\/site\\\/#website\"},\"primaryImageOfPage\":{\"@id\":\"https:\\\/\\\/www.blagnacartsmartiaux.fr\\\/site\\\/2015\\\/12\\\/07\\\/nuit-du-combat-telethon\\\/#primaryimage\"},\"image\":{\"@id\":\"https:\\\/\\\/www.blagnacartsmartiaux.fr\\\/site\\\/2015\\\/12\\\/07\\\/nuit-du-combat-telethon\\\/#primaryimage\"},\"thumbnailUrl\":\"https:\\\/\\\/www.blagnacartsmartiaux.fr\\\/site\\\/wp-content\\\/uploads\\\/2015\\\/12\\\/photo-article-fin-1.jpg\",\"datePublished\":\"2015-12-07T12:19:56+00:00\",\"dateModified\":\"2015-12-09T21:54:04+00:00\",\"breadcrumb\":{\"@id\":\"https:\\\/\\\/www.blagnacartsmartiaux.fr\\\/site\\\/2015\\\/12\\\/07\\\/nuit-du-combat-telethon\\\/#breadcrumb\"},\"inLanguage\":\"fr-FR\",\"potentialAction\":[{\"@type\":\"ReadAction\",\"target\":[\"https:\\\/\\\/www.blagnacartsmartiaux.fr\\\/site\\\/2015\\\/12\\\/07\\\/nuit-du-combat-telethon\\\/\"]}]},{\"@type\":\"ImageObject\",\"inLanguage\":\"fr-FR\",\"@id\":\"https:\\\/\\\/www.blagnacartsmartiaux.fr\\\/site\\\/2015\\\/12\\\/07\\\/nuit-du-combat-telethon\\\/#primaryimage\",\"url\":\"https:\\\/\\\/www.blagnacartsmartiaux.fr\\\/site\\\/wp-content\\\/uploads\\\/2015\\\/12\\\/photo-article-fin-1.jpg\",\"contentUrl\":\"https:\\\/\\\/www.blagnacartsmartiaux.fr\\\/site\\\/wp-content\\\/uploads\\\/2015\\\/12\\\/photo-article-fin-1.jpg\",\"width\":6000,\"height\":4000},{\"@type\":\"BreadcrumbList\",\"@id\":\"https:\\\/\\\/www.blagnacartsmartiaux.fr\\\/site\\\/2015\\\/12\\\/07\\\/nuit-du-combat-telethon\\\/#breadcrumb\",\"itemListElement\":[{\"@type\":\"ListItem\",\"position\":1,\"name\":\"Accueil\",\"item\":\"https:\\\/\\\/www.blagnacartsmartiaux.fr\\\/site\\\/\"},{\"@type\":\"ListItem\",\"position\":2,\"name\":\"Nuit du combat &#8211; T\u00e9l\u00e9thon\"}]},{\"@type\":\"WebSite\",\"@id\":\"https:\\\/\\\/www.blagnacartsmartiaux.fr\\\/site\\\/#website\",\"url\":\"https:\\\/\\\/www.blagnacartsmartiaux.fr\\\/site\\\/\",\"name\":\"Blagnac Arts Martiaux\",\"description\":\"Le club de Judo, Karat\u00e9, Jujitsu, Arnis Kali et Self D\u00e9fense sur Blagnac\",\"publisher\":{\"@id\":\"https:\\\/\\\/www.blagnacartsmartiaux.fr\\\/site\\\/#organization\"},\"potentialAction\":[{\"@type\":\"SearchAction\",\"target\":{\"@type\":\"EntryPoint\",\"urlTemplate\":\"https:\\\/\\\/www.blagnacartsmartiaux.fr\\\/site\\\/?s={search_term_string}\"},\"query-input\":{\"@type\":\"PropertyValueSpecification\",\"valueRequired\":true,\"valueName\":\"search_term_string\"}}],\"inLanguage\":\"fr-FR\"},{\"@type\":\"Organization\",\"@id\":\"https:\\\/\\\/www.blagnacartsmartiaux.fr\\\/site\\\/#organization\",\"name\":\"Blagnac Arts Martiaux\",\"url\":\"https:\\\/\\\/www.blagnacartsmartiaux.fr\\\/site\\\/\",\"logo\":{\"@type\":\"ImageObject\",\"inLanguage\":\"fr-FR\",\"@id\":\"https:\\\/\\\/www.blagnacartsmartiaux.fr\\\/site\\\/#\\\/schema\\\/logo\\\/image\\\/\",\"url\":\"https:\\\/\\\/www.blagnacartsmartiaux.fr\\\/site\\\/wp-content\\\/uploads\\\/2020\\\/05\\\/cropped-bam-wide.png\",\"contentUrl\":\"https:\\\/\\\/www.blagnacartsmartiaux.fr\\\/site\\\/wp-content\\\/uploads\\\/2020\\\/05\\\/cropped-bam-wide.png\",\"width\":180,\"height\":60,\"caption\":\"Blagnac Arts Martiaux\"},\"image\":{\"@id\":\"https:\\\/\\\/www.blagnacartsmartiaux.fr\\\/site\\\/#\\\/schema\\\/logo\\\/image\\\/\"},\"sameAs\":[\"https:\\\/\\\/www.facebook.com\\\/BlagnacArtsMartiaux\",\"https:\\\/\\\/x.com\\\/BlagnacArtsM\"]},{\"@type\":\"Person\",\"@id\":\"https:\\\/\\\/www.blagnacartsmartiaux.fr\\\/site\\\/#\\\/schema\\\/person\\\/b33ea38d44e881172328448384ffc27a\",\"name\":\"Blagnac Arts Martiaux\",\"image\":{\"@type\":\"ImageObject\",\"inLanguage\":\"fr-FR\",\"@id\":\"https:\\\/\\\/secure.gravatar.com\\\/avatar\\\/042cecfc77c8e7783bd80715818a6e2576590f15b8c8a556fda71b640b99958f?s=96&d=mm&r=g\",\"url\":\"https:\\\/\\\/secure.gravatar.com\\\/avatar\\\/042cecfc77c8e7783bd80715818a6e2576590f15b8c8a556fda71b640b99958f?s=96&d=mm&r=g\",\"contentUrl\":\"https:\\\/\\\/secure.gravatar.com\\\/avatar\\\/042cecfc77c8e7783bd80715818a6e2576590f15b8c8a556fda71b640b99958f?s=96&d=mm&r=g\",\"caption\":\"Blagnac Arts Martiaux\"},\"url\":\"https:\\\/\\\/www.blagnacartsmartiaux.fr\\\/site\\\/author\\\/administrator\\\/\"}]}<\/script>\n<!-- \/ Yoast SEO plugin. -->","yoast_head_json":{"title":"Nuit du combat - T\u00e9l\u00e9thon - Blagnac Arts Martiaux","robots":{"index":"index","follow":"follow","max-snippet":"max-snippet:-1","max-image-preview":"max-image-preview:large","max-video-preview":"max-video-preview:-1"},"canonical":"https:\/\/www.blagnacartsmartiaux.fr\/site\/2015\/12\/07\/nuit-du-combat-telethon\/","og_locale":"fr_FR","og_type":"article","og_title":"Nuit du combat - T\u00e9l\u00e9thon - Blagnac Arts Martiaux","og_description":"Cette premi\u00e8re \u00e9dition de notre Nuit u combat fut une vraie r\u00e9ussite ! Nous avons accueilli environ 300 personnes durant toute la soir\u00e9e et plus d&rsquo;une centaine de pratiquants ont r\u00e9alis\u00e9 des combats de Jujitsu, Judo et Karat\u00e9. Ce fut un beau moment de partage entre les diff\u00e9rentes disciplines ! Les combattants les plus motiv\u00e9s [&hellip;]","og_url":"https:\/\/www.blagnacartsmartiaux.fr\/site\/2015\/12\/07\/nuit-du-combat-telethon\/","og_site_name":"Blagnac Arts Martiaux","article_publisher":"https:\/\/www.facebook.com\/BlagnacArtsMartiaux","article_published_time":"2015-12-07T12:19:56+00:00","article_modified_time":"2015-12-09T21:54:04+00:00","og_image":[{"width":1024,"height":683,"url":"https:\/\/www.blagnacartsmartiaux.fr\/site\/wp-content\/uploads\/2015\/12\/photo-article-fin-1-1024x683.jpg","type":"image\/jpeg"}],"author":"Blagnac Arts Martiaux","twitter_card":"summary_large_image","twitter_creator":"@BlagnacArtsM","twitter_site":"@BlagnacArtsM","twitter_misc":{"\u00c9crit par":"Blagnac Arts Martiaux","Dur\u00e9e de lecture estim\u00e9e":"2 minutes"},"schema":{"@context":"https:\/\/schema.org","@graph":[{"@type":"Article","@id":"https:\/\/www.blagnacartsmartiaux.fr\/site\/2015\/12\/07\/nuit-du-combat-telethon\/#article","isPartOf":{"@id":"https:\/\/www.blagnacartsmartiaux.fr\/site\/2015\/12\/07\/nuit-du-combat-telethon\/"},"author":{"name":"Blagnac Arts Martiaux","@id":"https:\/\/www.blagnacartsmartiaux.fr\/site\/#\/schema\/person\/b33ea38d44e881172328448384ffc27a"},"headline":"Nuit du combat &#8211; T\u00e9l\u00e9thon","datePublished":"2015-12-07T12:19:56+00:00","dateModified":"2015-12-09T21:54:04+00:00","mainEntityOfPage":{"@id":"https:\/\/www.blagnacartsmartiaux.fr\/site\/2015\/12\/07\/nuit-du-combat-telethon\/"},"wordCount":320,"publisher":{"@id":"https:\/\/www.blagnacartsmartiaux.fr\/site\/#organization"},"image":{"@id":"https:\/\/www.blagnacartsmartiaux.fr\/site\/2015\/12\/07\/nuit-du-combat-telethon\/#primaryimage"},"thumbnailUrl":"https:\/\/www.blagnacartsmartiaux.fr\/site\/wp-content\/uploads\/2015\/12\/photo-article-fin-1.jpg","keywords":["Nuit du combat"],"articleSection":["Evenement","Judo","Jujitsu","Karate"],"inLanguage":"fr-FR"},{"@type":"WebPage","@id":"https:\/\/www.blagnacartsmartiaux.fr\/site\/2015\/12\/07\/nuit-du-combat-telethon\/","url":"https:\/\/www.blagnacartsmartiaux.fr\/site\/2015\/12\/07\/nuit-du-combat-telethon\/","name":"Nuit du combat - T\u00e9l\u00e9thon - Blagnac Arts Martiaux","isPartOf":{"@id":"https:\/\/www.blagnacartsmartiaux.fr\/site\/#website"},"primaryImageOfPage":{"@id":"https:\/\/www.blagnacartsmartiaux.fr\/site\/2015\/12\/07\/nuit-du-combat-telethon\/#primaryimage"},"image":{"@id":"https:\/\/www.blagnacartsmartiaux.fr\/site\/2015\/12\/07\/nuit-du-combat-telethon\/#primaryimage"},"thumbnailUrl":"https:\/\/www.blagnacartsmartiaux.fr\/site\/wp-content\/uploads\/2015\/12\/photo-article-fin-1.jpg","datePublished":"2015-12-07T12:19:56+00:00","dateModified":"2015-12-09T21:54:04+00:00","breadcrumb":{"@id":"https:\/\/www.blagnacartsmartiaux.fr\/site\/2015\/12\/07\/nuit-du-combat-telethon\/#breadcrumb"},"inLanguage":"fr-FR","potentialAction":[{"@type":"ReadAction","target":["https:\/\/www.blagnacartsmartiaux.fr\/site\/2015\/12\/07\/nuit-du-combat-telethon\/"]}]},{"@type":"ImageObject","inLanguage":"fr-FR","@id":"https:\/\/www.blagnacartsmartiaux.fr\/site\/2015\/12\/07\/nuit-du-combat-telethon\/#primaryimage","url":"https:\/\/www.blagnacartsmartiaux.fr\/site\/wp-content\/uploads\/2015\/12\/photo-article-fin-1.jpg","contentUrl":"https:\/\/www.blagnacartsmartiaux.fr\/site\/wp-content\/uploads\/2015\/12\/photo-article-fin-1.jpg","width":6000,"height":4000},{"@type":"BreadcrumbList","@id":"https:\/\/www.blagnacartsmartiaux.fr\/site\/2015\/12\/07\/nuit-du-combat-telethon\/#breadcrumb","itemListElement":[{"@type":"ListItem","position":1,"name":"Accueil","item":"https:\/\/www.blagnacartsmartiaux.fr\/site\/"},{"@type":"ListItem","position":2,"name":"Nuit du combat &#8211; T\u00e9l\u00e9thon"}]},{"@type":"WebSite","@id":"https:\/\/www.blagnacartsmartiaux.fr\/site\/#website","url":"https:\/\/www.blagnacartsmartiaux.fr\/site\/","name":"Blagnac Arts Martiaux","description":"Le club de Judo, Karat\u00e9, Jujitsu, Arnis Kali et Self D\u00e9fense sur Blagnac","publisher":{"@id":"https:\/\/www.blagnacartsmartiaux.fr\/site\/#organization"},"potentialAction":[{"@type":"SearchAction","target":{"@type":"EntryPoint","urlTemplate":"https:\/\/www.blagnacartsmartiaux.fr\/site\/?s={search_term_string}"},"query-input":{"@type":"PropertyValueSpecification","valueRequired":true,"valueName":"search_term_string"}}],"inLanguage":"fr-FR"},{"@type":"Organization","@id":"https:\/\/www.blagnacartsmartiaux.fr\/site\/#organization","name":"Blagnac Arts Martiaux","url":"https:\/\/www.blagnacartsmartiaux.fr\/site\/","logo":{"@type":"ImageObject","inLanguage":"fr-FR","@id":"https:\/\/www.blagnacartsmartiaux.fr\/site\/#\/schema\/logo\/image\/","url":"https:\/\/www.blagnacartsmartiaux.fr\/site\/wp-content\/uploads\/2020\/05\/cropped-bam-wide.png","contentUrl":"https:\/\/www.blagnacartsmartiaux.fr\/site\/wp-content\/uploads\/2020\/05\/cropped-bam-wide.png","width":180,"height":60,"caption":"Blagnac Arts Martiaux"},"image":{"@id":"https:\/\/www.blagnacartsmartiaux.fr\/site\/#\/schema\/logo\/image\/"},"sameAs":["https:\/\/www.facebook.com\/BlagnacArtsMartiaux","https:\/\/x.com\/BlagnacArtsM"]},{"@type":"Person","@id":"https:\/\/www.blagnacartsmartiaux.fr\/site\/#\/schema\/person\/b33ea38d44e881172328448384ffc27a","name":"Blagnac Arts Martiaux","image":{"@type":"ImageObject","inLanguage":"fr-FR","@id":"https:\/\/secure.gravatar.com\/avatar\/042cecfc77c8e7783bd80715818a6e2576590f15b8c8a556fda71b640b99958f?s=96&d=mm&r=g","url":"https:\/\/secure.gravatar.com\/avatar\/042cecfc77c8e7783bd80715818a6e2576590f15b8c8a556fda71b640b99958f?s=96&d=mm&r=g","contentUrl":"https:\/\/secure.gravatar.com\/avatar\/042cecfc77c8e7783bd80715818a6e2576590f15b8c8a556fda71b640b99958f?s=96&d=mm&r=g","caption":"Blagnac Arts Martiaux"},"url":"https:\/\/www.blagnacartsmartiaux.fr\/site\/author\/administrator\/"}]}},"_links":{"self":[{"href":"https:\/\/www.blagnacartsmartiaux.fr\/site\/wp-json\/wp\/v2\/posts\/1554","targetHints":{"allow":["GET"]}}],"collection":[{"href":"https:\/\/www.blagnacartsmartiaux.fr\/site\/wp-json\/wp\/v2\/posts"}],"about":[{"href":"https:\/\/www.blagnacartsmartiaux.fr\/site\/wp-json\/wp\/v2\/types\/post"}],"author":[{"embeddable":true,"href":"https:\/\/www.blagnacartsmartiaux.fr\/site\/wp-json\/wp\/v2\/users\/1"}],"replies":[{"embeddable":true,"href":"https:\/\/www.blagnacartsmartiaux.fr\/site\/wp-json\/wp\/v2\/comments?post=1554"}],"version-history":[{"count":4,"href":"https:\/\/www.blagnacartsmartiaux.fr\/site\/wp-json\/wp\/v2\/posts\/1554\/revisions"}],"predecessor-version":[{"id":1562,"href":"https:\/\/www.blagnacartsmartiaux.fr\/site\/wp-json\/wp\/v2\/posts\/1554\/revisions\/1562"}],"wp:featuredmedia":[{"embeddable":true,"href":"https:\/\/www.blagnacartsmartiaux.fr\/site\/wp-json\/wp\/v2\/media\/1555"}],"wp:attachment":[{"href":"https:\/\/www.blagnacartsmartiaux.fr\/site\/wp-json\/wp\/v2\/media?parent=1554"}],"wp:term":[{"taxonomy":"category","embeddable":true,"href":"https:\/\/www.blagnacartsmartiaux.fr\/site\/wp-json\/wp\/v2\/categories?post=1554"},{"taxonomy":"post_tag","embeddable":true,"href":"https:\/\/www.blagnacartsmartiaux.fr\/site\/wp-json\/wp\/v2\/tags?post=1554"}],"curies":[{"name":"wp","href":"https:\/\/api.w.org\/{rel}","templated":true}]}}