{"id":2424,"date":"2018-05-19T22:32:28","date_gmt":"2018-05-19T21:32:28","guid":{"rendered":"http:\/\/www.blagnacartsmartiaux.fr\/site\/?p=2424"},"modified":"2018-06-03T22:53:01","modified_gmt":"2018-06-03T21:53:01","slug":"coupe-de-france-minimes","status":"publish","type":"post","link":"https:\/\/www.blagnacartsmartiaux.fr\/site\/2018\/05\/19\/coupe-de-france-minimes\/","title":{"rendered":"COUPE DE FRANCE MINIMES"},"content":{"rendered":"<p>Cette ann\u00e9e c\u2019est La\u00efla qui repr\u00e9sente le club au niveau des championnats de France Minimes<\/p>\n<p>En effet, apr\u00e8s avoir d\u00e9croch\u00e9 sa qualification pour les \u00bd finales Minime \u00e0 Tarbes, elle s\u2019y qualifie pour les Championnat de France en terminant 2\u00e9me de sa cat\u00e9gorie (la suite en Octobre-Novembre)<\/p>\n<p>Elle a \u00e9galement \u00e9t\u00e9 s\u00e9lectionn\u00e9e dans l\u2019\u00e9quipe de Haute-Garonne pour aller au championnat de France \u00e0 Villebon sur Yvette Pas de r\u00e9sultats cette ann\u00e9e pour l\u2019\u00e9quipe mais c\u2019est prometteur pour l\u2019an prochain<\/p>\n<p>Toutes nos f\u00e9licitations \u00e0 La\u00efla pour ces belles r\u00e9ussites<\/p>\n<p><img decoding=\"async\" class=\"alignnone size-medium wp-image-2426\" src=\"https:\/\/www.blagnacartsmartiaux.fr\/site\/wp-content\/uploads\/2018\/06\/20180518_102433-300x146.jpg\" alt=\"\" width=\"300\" height=\"146\" srcset=\"https:\/\/www.blagnacartsmartiaux.fr\/site\/wp-content\/uploads\/2018\/06\/20180518_102433-300x146.jpg 300w, https:\/\/www.blagnacartsmartiaux.fr\/site\/wp-content\/uploads\/2018\/06\/20180518_102433-768x373.jpg 768w, https:\/\/www.blagnacartsmartiaux.fr\/site\/wp-content\/uploads\/2018\/06\/20180518_102433-1024x498.jpg 1024w\" sizes=\"(max-width: 300px) 100vw, 300px\" \/><\/p>\n","protected":false},"excerpt":{"rendered":"<p>Cette ann\u00e9e c\u2019est La\u00efla qui repr\u00e9sente le club au niveau des championnats de France Minimes En effet, apr\u00e8s avoir d\u00e9croch\u00e9 sa qualification pour les \u00bd finales Minime \u00e0 Tarbes, elle s\u2019y qualifie pour les Championnat de France en terminant 2\u00e9me de sa cat\u00e9gorie (la suite en Octobre-Novembre) Elle a \u00e9galement \u00e9t\u00e9 s\u00e9lectionn\u00e9e dans l\u2019\u00e9quipe de [&hellip;]<\/p>\n","protected":false},"author":1,"featured_media":2425,"comment_status":"closed","ping_status":"open","sticky":false,"template":"","format":"standard","meta":{"site-sidebar-layout":"default","site-content-layout":"","ast-site-content-layout":"default","site-content-style":"default","site-sidebar-style":"default","ast-global-header-display":"","ast-banner-title-visibility":"","ast-main-header-display":"","ast-hfb-above-header-display":"","ast-hfb-below-header-display":"","ast-hfb-mobile-header-display":"","site-post-title":"","ast-breadcrumbs-content":"","ast-featured-img":"","footer-sml-layout":"","ast-disable-related-posts":"","theme-transparent-header-meta":"","adv-header-id-meta":"","stick-header-meta":"","header-above-stick-meta":"","header-main-stick-meta":"","header-below-stick-meta":"","astra-migrate-meta-layouts":"default","ast-page-background-enabled":"default","ast-page-background-meta":{"desktop":{"background-color":"","background-image":"","background-repeat":"repeat","background-position":"center center","background-size":"auto","background-attachment":"scroll","background-type":"","background-media":"","overlay-type":"","overlay-color":"","overlay-opacity":"","overlay-gradient":""},"tablet":{"background-color":"","background-image":"","background-repeat":"repeat","background-position":"center center","background-size":"auto","background-attachment":"scroll","background-type":"","background-media":"","overlay-type":"","overlay-color":"","overlay-opacity":"","overlay-gradient":""},"mobile":{"background-color":"","background-image":"","background-repeat":"repeat","background-position":"center center","background-size":"auto","background-attachment":"scroll","background-type":"","background-media":"","overlay-type":"","overlay-color":"","overlay-opacity":"","overlay-gradient":""}},"ast-content-background-meta":{"desktop":{"background-color":"var(--ast-global-color-5)","background-image":"","background-repeat":"repeat","background-position":"center center","background-size":"auto","background-attachment":"scroll","background-type":"","background-media":"","overlay-type":"","overlay-color":"","overlay-opacity":"","overlay-gradient":""},"tablet":{"background-color":"var(--ast-global-color-5)","background-image":"","background-repeat":"repeat","background-position":"center center","background-size":"auto","background-attachment":"scroll","background-type":"","background-media":"","overlay-type":"","overlay-color":"","overlay-opacity":"","overlay-gradient":""},"mobile":{"background-color":"var(--ast-global-color-5)","background-image":"","background-repeat":"repeat","background-position":"center center","background-size":"auto","background-attachment":"scroll","background-type":"","background-media":"","overlay-type":"","overlay-color":"","overlay-opacity":"","overlay-gradient":""}},"footnotes":""},"categories":[1],"tags":[],"class_list":["post-2424","post","type-post","status-publish","format-standard","has-post-thumbnail","hentry","category-non-classe"],"yoast_head":"<!-- This site is optimized with the Yoast SEO plugin v27.4 - https:\/\/yoast.com\/product\/yoast-seo-wordpress\/ -->\n<title>COUPE DE FRANCE MINIMES - Blagnac Arts Martiaux<\/title>\n<meta name=\"robots\" content=\"index, follow, max-snippet:-1, max-image-preview:large, max-video-preview:-1\" \/>\n<link rel=\"canonical\" href=\"https:\/\/www.blagnacartsmartiaux.fr\/site\/2018\/05\/19\/coupe-de-france-minimes\/\" \/>\n<meta property=\"og:locale\" content=\"fr_FR\" \/>\n<meta property=\"og:type\" content=\"article\" \/>\n<meta property=\"og:title\" content=\"COUPE DE FRANCE MINIMES - Blagnac Arts Martiaux\" \/>\n<meta property=\"og:description\" content=\"Cette ann\u00e9e c\u2019est La\u00efla qui repr\u00e9sente le club au niveau des championnats de France Minimes En effet, apr\u00e8s avoir d\u00e9croch\u00e9 sa qualification pour les \u00bd finales Minime \u00e0 Tarbes, elle s\u2019y qualifie pour les Championnat de France en terminant 2\u00e9me de sa cat\u00e9gorie (la suite en Octobre-Novembre) Elle a \u00e9galement \u00e9t\u00e9 s\u00e9lectionn\u00e9e dans l\u2019\u00e9quipe de [&hellip;]\" \/>\n<meta property=\"og:url\" content=\"https:\/\/www.blagnacartsmartiaux.fr\/site\/2018\/05\/19\/coupe-de-france-minimes\/\" \/>\n<meta property=\"og:site_name\" content=\"Blagnac Arts Martiaux\" \/>\n<meta property=\"article:publisher\" content=\"https:\/\/www.facebook.com\/BlagnacArtsMartiaux\" \/>\n<meta property=\"article:published_time\" content=\"2018-05-19T21:32:28+00:00\" \/>\n<meta property=\"article:modified_time\" content=\"2018-06-03T21:53:01+00:00\" \/>\n<meta property=\"og:image\" content=\"https:\/\/www.blagnacartsmartiaux.fr\/site\/wp-content\/uploads\/2018\/06\/Sans-titre.jpg\" \/>\n\t<meta property=\"og:image:width\" content=\"429\" \/>\n\t<meta property=\"og:image:height\" content=\"549\" \/>\n\t<meta property=\"og:image:type\" content=\"image\/jpeg\" \/>\n<meta name=\"author\" content=\"Blagnac Arts Martiaux\" \/>\n<meta name=\"twitter:card\" content=\"summary_large_image\" \/>\n<meta name=\"twitter:creator\" content=\"@BlagnacArtsM\" \/>\n<meta name=\"twitter:site\" content=\"@BlagnacArtsM\" \/>\n<meta name=\"twitter:label1\" content=\"\u00c9crit par\" \/>\n\t<meta name=\"twitter:data1\" content=\"Blagnac Arts Martiaux\" \/>\n\t<meta name=\"twitter:label2\" content=\"Dur\u00e9e de lecture estim\u00e9e\" \/>\n\t<meta name=\"twitter:data2\" content=\"1 minute\" \/>\n<script type=\"application\/ld+json\" class=\"yoast-schema-graph\">{\"@context\":\"https:\\\/\\\/schema.org\",\"@graph\":[{\"@type\":\"Article\",\"@id\":\"https:\\\/\\\/www.blagnacartsmartiaux.fr\\\/site\\\/2018\\\/05\\\/19\\\/coupe-de-france-minimes\\\/#article\",\"isPartOf\":{\"@id\":\"https:\\\/\\\/www.blagnacartsmartiaux.fr\\\/site\\\/2018\\\/05\\\/19\\\/coupe-de-france-minimes\\\/\"},\"author\":{\"name\":\"Blagnac Arts Martiaux\",\"@id\":\"https:\\\/\\\/www.blagnacartsmartiaux.fr\\\/site\\\/#\\\/schema\\\/person\\\/b33ea38d44e881172328448384ffc27a\"},\"headline\":\"COUPE DE FRANCE MINIMES\",\"datePublished\":\"2018-05-19T21:32:28+00:00\",\"dateModified\":\"2018-06-03T21:53:01+00:00\",\"mainEntityOfPage\":{\"@id\":\"https:\\\/\\\/www.blagnacartsmartiaux.fr\\\/site\\\/2018\\\/05\\\/19\\\/coupe-de-france-minimes\\\/\"},\"wordCount\":107,\"publisher\":{\"@id\":\"https:\\\/\\\/www.blagnacartsmartiaux.fr\\\/site\\\/#organization\"},\"image\":{\"@id\":\"https:\\\/\\\/www.blagnacartsmartiaux.fr\\\/site\\\/2018\\\/05\\\/19\\\/coupe-de-france-minimes\\\/#primaryimage\"},\"thumbnailUrl\":\"https:\\\/\\\/www.blagnacartsmartiaux.fr\\\/site\\\/wp-content\\\/uploads\\\/2018\\\/06\\\/Sans-titre.jpg\",\"inLanguage\":\"fr-FR\"},{\"@type\":\"WebPage\",\"@id\":\"https:\\\/\\\/www.blagnacartsmartiaux.fr\\\/site\\\/2018\\\/05\\\/19\\\/coupe-de-france-minimes\\\/\",\"url\":\"https:\\\/\\\/www.blagnacartsmartiaux.fr\\\/site\\\/2018\\\/05\\\/19\\\/coupe-de-france-minimes\\\/\",\"name\":\"COUPE DE FRANCE MINIMES - Blagnac Arts Martiaux\",\"isPartOf\":{\"@id\":\"https:\\\/\\\/www.blagnacartsmartiaux.fr\\\/site\\\/#website\"},\"primaryImageOfPage\":{\"@id\":\"https:\\\/\\\/www.blagnacartsmartiaux.fr\\\/site\\\/2018\\\/05\\\/19\\\/coupe-de-france-minimes\\\/#primaryimage\"},\"image\":{\"@id\":\"https:\\\/\\\/www.blagnacartsmartiaux.fr\\\/site\\\/2018\\\/05\\\/19\\\/coupe-de-france-minimes\\\/#primaryimage\"},\"thumbnailUrl\":\"https:\\\/\\\/www.blagnacartsmartiaux.fr\\\/site\\\/wp-content\\\/uploads\\\/2018\\\/06\\\/Sans-titre.jpg\",\"datePublished\":\"2018-05-19T21:32:28+00:00\",\"dateModified\":\"2018-06-03T21:53:01+00:00\",\"breadcrumb\":{\"@id\":\"https:\\\/\\\/www.blagnacartsmartiaux.fr\\\/site\\\/2018\\\/05\\\/19\\\/coupe-de-france-minimes\\\/#breadcrumb\"},\"inLanguage\":\"fr-FR\",\"potentialAction\":[{\"@type\":\"ReadAction\",\"target\":[\"https:\\\/\\\/www.blagnacartsmartiaux.fr\\\/site\\\/2018\\\/05\\\/19\\\/coupe-de-france-minimes\\\/\"]}]},{\"@type\":\"ImageObject\",\"inLanguage\":\"fr-FR\",\"@id\":\"https:\\\/\\\/www.blagnacartsmartiaux.fr\\\/site\\\/2018\\\/05\\\/19\\\/coupe-de-france-minimes\\\/#primaryimage\",\"url\":\"https:\\\/\\\/www.blagnacartsmartiaux.fr\\\/site\\\/wp-content\\\/uploads\\\/2018\\\/06\\\/Sans-titre.jpg\",\"contentUrl\":\"https:\\\/\\\/www.blagnacartsmartiaux.fr\\\/site\\\/wp-content\\\/uploads\\\/2018\\\/06\\\/Sans-titre.jpg\",\"width\":429,\"height\":549},{\"@type\":\"BreadcrumbList\",\"@id\":\"https:\\\/\\\/www.blagnacartsmartiaux.fr\\\/site\\\/2018\\\/05\\\/19\\\/coupe-de-france-minimes\\\/#breadcrumb\",\"itemListElement\":[{\"@type\":\"ListItem\",\"position\":1,\"name\":\"Accueil\",\"item\":\"https:\\\/\\\/www.blagnacartsmartiaux.fr\\\/site\\\/\"},{\"@type\":\"ListItem\",\"position\":2,\"name\":\"COUPE DE FRANCE MINIMES\"}]},{\"@type\":\"WebSite\",\"@id\":\"https:\\\/\\\/www.blagnacartsmartiaux.fr\\\/site\\\/#website\",\"url\":\"https:\\\/\\\/www.blagnacartsmartiaux.fr\\\/site\\\/\",\"name\":\"Blagnac Arts Martiaux\",\"description\":\"Le club de Judo, Karat\u00e9, Jujitsu, Arnis Kali et Self D\u00e9fense sur Blagnac\",\"publisher\":{\"@id\":\"https:\\\/\\\/www.blagnacartsmartiaux.fr\\\/site\\\/#organization\"},\"potentialAction\":[{\"@type\":\"SearchAction\",\"target\":{\"@type\":\"EntryPoint\",\"urlTemplate\":\"https:\\\/\\\/www.blagnacartsmartiaux.fr\\\/site\\\/?s={search_term_string}\"},\"query-input\":{\"@type\":\"PropertyValueSpecification\",\"valueRequired\":true,\"valueName\":\"search_term_string\"}}],\"inLanguage\":\"fr-FR\"},{\"@type\":\"Organization\",\"@id\":\"https:\\\/\\\/www.blagnacartsmartiaux.fr\\\/site\\\/#organization\",\"name\":\"Blagnac Arts Martiaux\",\"url\":\"https:\\\/\\\/www.blagnacartsmartiaux.fr\\\/site\\\/\",\"logo\":{\"@type\":\"ImageObject\",\"inLanguage\":\"fr-FR\",\"@id\":\"https:\\\/\\\/www.blagnacartsmartiaux.fr\\\/site\\\/#\\\/schema\\\/logo\\\/image\\\/\",\"url\":\"https:\\\/\\\/www.blagnacartsmartiaux.fr\\\/site\\\/wp-content\\\/uploads\\\/2020\\\/05\\\/cropped-bam-wide.png\",\"contentUrl\":\"https:\\\/\\\/www.blagnacartsmartiaux.fr\\\/site\\\/wp-content\\\/uploads\\\/2020\\\/05\\\/cropped-bam-wide.png\",\"width\":180,\"height\":60,\"caption\":\"Blagnac Arts Martiaux\"},\"image\":{\"@id\":\"https:\\\/\\\/www.blagnacartsmartiaux.fr\\\/site\\\/#\\\/schema\\\/logo\\\/image\\\/\"},\"sameAs\":[\"https:\\\/\\\/www.facebook.com\\\/BlagnacArtsMartiaux\",\"https:\\\/\\\/x.com\\\/BlagnacArtsM\"]},{\"@type\":\"Person\",\"@id\":\"https:\\\/\\\/www.blagnacartsmartiaux.fr\\\/site\\\/#\\\/schema\\\/person\\\/b33ea38d44e881172328448384ffc27a\",\"name\":\"Blagnac Arts Martiaux\",\"image\":{\"@type\":\"ImageObject\",\"inLanguage\":\"fr-FR\",\"@id\":\"https:\\\/\\\/secure.gravatar.com\\\/avatar\\\/042cecfc77c8e7783bd80715818a6e2576590f15b8c8a556fda71b640b99958f?s=96&d=mm&r=g\",\"url\":\"https:\\\/\\\/secure.gravatar.com\\\/avatar\\\/042cecfc77c8e7783bd80715818a6e2576590f15b8c8a556fda71b640b99958f?s=96&d=mm&r=g\",\"contentUrl\":\"https:\\\/\\\/secure.gravatar.com\\\/avatar\\\/042cecfc77c8e7783bd80715818a6e2576590f15b8c8a556fda71b640b99958f?s=96&d=mm&r=g\",\"caption\":\"Blagnac Arts Martiaux\"},\"url\":\"https:\\\/\\\/www.blagnacartsmartiaux.fr\\\/site\\\/author\\\/administrator\\\/\"}]}<\/script>\n<!-- \/ Yoast SEO plugin. -->","yoast_head_json":{"title":"COUPE DE FRANCE MINIMES - Blagnac Arts Martiaux","robots":{"index":"index","follow":"follow","max-snippet":"max-snippet:-1","max-image-preview":"max-image-preview:large","max-video-preview":"max-video-preview:-1"},"canonical":"https:\/\/www.blagnacartsmartiaux.fr\/site\/2018\/05\/19\/coupe-de-france-minimes\/","og_locale":"fr_FR","og_type":"article","og_title":"COUPE DE FRANCE MINIMES - Blagnac Arts Martiaux","og_description":"Cette ann\u00e9e c\u2019est La\u00efla qui repr\u00e9sente le club au niveau des championnats de France Minimes En effet, apr\u00e8s avoir d\u00e9croch\u00e9 sa qualification pour les \u00bd finales Minime \u00e0 Tarbes, elle s\u2019y qualifie pour les Championnat de France en terminant 2\u00e9me de sa cat\u00e9gorie (la suite en Octobre-Novembre) Elle a \u00e9galement \u00e9t\u00e9 s\u00e9lectionn\u00e9e dans l\u2019\u00e9quipe de [&hellip;]","og_url":"https:\/\/www.blagnacartsmartiaux.fr\/site\/2018\/05\/19\/coupe-de-france-minimes\/","og_site_name":"Blagnac Arts Martiaux","article_publisher":"https:\/\/www.facebook.com\/BlagnacArtsMartiaux","article_published_time":"2018-05-19T21:32:28+00:00","article_modified_time":"2018-06-03T21:53:01+00:00","og_image":[{"width":429,"height":549,"url":"https:\/\/www.blagnacartsmartiaux.fr\/site\/wp-content\/uploads\/2018\/06\/Sans-titre.jpg","type":"image\/jpeg"}],"author":"Blagnac Arts Martiaux","twitter_card":"summary_large_image","twitter_creator":"@BlagnacArtsM","twitter_site":"@BlagnacArtsM","twitter_misc":{"\u00c9crit par":"Blagnac Arts Martiaux","Dur\u00e9e de lecture estim\u00e9e":"1 minute"},"schema":{"@context":"https:\/\/schema.org","@graph":[{"@type":"Article","@id":"https:\/\/www.blagnacartsmartiaux.fr\/site\/2018\/05\/19\/coupe-de-france-minimes\/#article","isPartOf":{"@id":"https:\/\/www.blagnacartsmartiaux.fr\/site\/2018\/05\/19\/coupe-de-france-minimes\/"},"author":{"name":"Blagnac Arts Martiaux","@id":"https:\/\/www.blagnacartsmartiaux.fr\/site\/#\/schema\/person\/b33ea38d44e881172328448384ffc27a"},"headline":"COUPE DE FRANCE MINIMES","datePublished":"2018-05-19T21:32:28+00:00","dateModified":"2018-06-03T21:53:01+00:00","mainEntityOfPage":{"@id":"https:\/\/www.blagnacartsmartiaux.fr\/site\/2018\/05\/19\/coupe-de-france-minimes\/"},"wordCount":107,"publisher":{"@id":"https:\/\/www.blagnacartsmartiaux.fr\/site\/#organization"},"image":{"@id":"https:\/\/www.blagnacartsmartiaux.fr\/site\/2018\/05\/19\/coupe-de-france-minimes\/#primaryimage"},"thumbnailUrl":"https:\/\/www.blagnacartsmartiaux.fr\/site\/wp-content\/uploads\/2018\/06\/Sans-titre.jpg","inLanguage":"fr-FR"},{"@type":"WebPage","@id":"https:\/\/www.blagnacartsmartiaux.fr\/site\/2018\/05\/19\/coupe-de-france-minimes\/","url":"https:\/\/www.blagnacartsmartiaux.fr\/site\/2018\/05\/19\/coupe-de-france-minimes\/","name":"COUPE DE FRANCE MINIMES - Blagnac Arts Martiaux","isPartOf":{"@id":"https:\/\/www.blagnacartsmartiaux.fr\/site\/#website"},"primaryImageOfPage":{"@id":"https:\/\/www.blagnacartsmartiaux.fr\/site\/2018\/05\/19\/coupe-de-france-minimes\/#primaryimage"},"image":{"@id":"https:\/\/www.blagnacartsmartiaux.fr\/site\/2018\/05\/19\/coupe-de-france-minimes\/#primaryimage"},"thumbnailUrl":"https:\/\/www.blagnacartsmartiaux.fr\/site\/wp-content\/uploads\/2018\/06\/Sans-titre.jpg","datePublished":"2018-05-19T21:32:28+00:00","dateModified":"2018-06-03T21:53:01+00:00","breadcrumb":{"@id":"https:\/\/www.blagnacartsmartiaux.fr\/site\/2018\/05\/19\/coupe-de-france-minimes\/#breadcrumb"},"inLanguage":"fr-FR","potentialAction":[{"@type":"ReadAction","target":["https:\/\/www.blagnacartsmartiaux.fr\/site\/2018\/05\/19\/coupe-de-france-minimes\/"]}]},{"@type":"ImageObject","inLanguage":"fr-FR","@id":"https:\/\/www.blagnacartsmartiaux.fr\/site\/2018\/05\/19\/coupe-de-france-minimes\/#primaryimage","url":"https:\/\/www.blagnacartsmartiaux.fr\/site\/wp-content\/uploads\/2018\/06\/Sans-titre.jpg","contentUrl":"https:\/\/www.blagnacartsmartiaux.fr\/site\/wp-content\/uploads\/2018\/06\/Sans-titre.jpg","width":429,"height":549},{"@type":"BreadcrumbList","@id":"https:\/\/www.blagnacartsmartiaux.fr\/site\/2018\/05\/19\/coupe-de-france-minimes\/#breadcrumb","itemListElement":[{"@type":"ListItem","position":1,"name":"Accueil","item":"https:\/\/www.blagnacartsmartiaux.fr\/site\/"},{"@type":"ListItem","position":2,"name":"COUPE DE FRANCE MINIMES"}]},{"@type":"WebSite","@id":"https:\/\/www.blagnacartsmartiaux.fr\/site\/#website","url":"https:\/\/www.blagnacartsmartiaux.fr\/site\/","name":"Blagnac Arts Martiaux","description":"Le club de Judo, Karat\u00e9, Jujitsu, Arnis Kali et Self D\u00e9fense sur Blagnac","publisher":{"@id":"https:\/\/www.blagnacartsmartiaux.fr\/site\/#organization"},"potentialAction":[{"@type":"SearchAction","target":{"@type":"EntryPoint","urlTemplate":"https:\/\/www.blagnacartsmartiaux.fr\/site\/?s={search_term_string}"},"query-input":{"@type":"PropertyValueSpecification","valueRequired":true,"valueName":"search_term_string"}}],"inLanguage":"fr-FR"},{"@type":"Organization","@id":"https:\/\/www.blagnacartsmartiaux.fr\/site\/#organization","name":"Blagnac Arts Martiaux","url":"https:\/\/www.blagnacartsmartiaux.fr\/site\/","logo":{"@type":"ImageObject","inLanguage":"fr-FR","@id":"https:\/\/www.blagnacartsmartiaux.fr\/site\/#\/schema\/logo\/image\/","url":"https:\/\/www.blagnacartsmartiaux.fr\/site\/wp-content\/uploads\/2020\/05\/cropped-bam-wide.png","contentUrl":"https:\/\/www.blagnacartsmartiaux.fr\/site\/wp-content\/uploads\/2020\/05\/cropped-bam-wide.png","width":180,"height":60,"caption":"Blagnac Arts Martiaux"},"image":{"@id":"https:\/\/www.blagnacartsmartiaux.fr\/site\/#\/schema\/logo\/image\/"},"sameAs":["https:\/\/www.facebook.com\/BlagnacArtsMartiaux","https:\/\/x.com\/BlagnacArtsM"]},{"@type":"Person","@id":"https:\/\/www.blagnacartsmartiaux.fr\/site\/#\/schema\/person\/b33ea38d44e881172328448384ffc27a","name":"Blagnac Arts Martiaux","image":{"@type":"ImageObject","inLanguage":"fr-FR","@id":"https:\/\/secure.gravatar.com\/avatar\/042cecfc77c8e7783bd80715818a6e2576590f15b8c8a556fda71b640b99958f?s=96&d=mm&r=g","url":"https:\/\/secure.gravatar.com\/avatar\/042cecfc77c8e7783bd80715818a6e2576590f15b8c8a556fda71b640b99958f?s=96&d=mm&r=g","contentUrl":"https:\/\/secure.gravatar.com\/avatar\/042cecfc77c8e7783bd80715818a6e2576590f15b8c8a556fda71b640b99958f?s=96&d=mm&r=g","caption":"Blagnac Arts Martiaux"},"url":"https:\/\/www.blagnacartsmartiaux.fr\/site\/author\/administrator\/"}]}},"_links":{"self":[{"href":"https:\/\/www.blagnacartsmartiaux.fr\/site\/wp-json\/wp\/v2\/posts\/2424","targetHints":{"allow":["GET"]}}],"collection":[{"href":"https:\/\/www.blagnacartsmartiaux.fr\/site\/wp-json\/wp\/v2\/posts"}],"about":[{"href":"https:\/\/www.blagnacartsmartiaux.fr\/site\/wp-json\/wp\/v2\/types\/post"}],"author":[{"embeddable":true,"href":"https:\/\/www.blagnacartsmartiaux.fr\/site\/wp-json\/wp\/v2\/users\/1"}],"replies":[{"embeddable":true,"href":"https:\/\/www.blagnacartsmartiaux.fr\/site\/wp-json\/wp\/v2\/comments?post=2424"}],"version-history":[{"count":1,"href":"https:\/\/www.blagnacartsmartiaux.fr\/site\/wp-json\/wp\/v2\/posts\/2424\/revisions"}],"predecessor-version":[{"id":2427,"href":"https:\/\/www.blagnacartsmartiaux.fr\/site\/wp-json\/wp\/v2\/posts\/2424\/revisions\/2427"}],"wp:featuredmedia":[{"embeddable":true,"href":"https:\/\/www.blagnacartsmartiaux.fr\/site\/wp-json\/wp\/v2\/media\/2425"}],"wp:attachment":[{"href":"https:\/\/www.blagnacartsmartiaux.fr\/site\/wp-json\/wp\/v2\/media?parent=2424"}],"wp:term":[{"taxonomy":"category","embeddable":true,"href":"https:\/\/www.blagnacartsmartiaux.fr\/site\/wp-json\/wp\/v2\/categories?post=2424"},{"taxonomy":"post_tag","embeddable":true,"href":"https:\/\/www.blagnacartsmartiaux.fr\/site\/wp-json\/wp\/v2\/tags?post=2424"}],"curies":[{"name":"wp","href":"https:\/\/api.w.org\/{rel}","templated":true}]}}