{"id":2492,"date":"2018-09-15T06:06:39","date_gmt":"2018-09-15T05:06:39","guid":{"rendered":"http:\/\/www.blagnacartsmartiaux.fr\/site\/?p=2492"},"modified":"2018-08-25T09:21:58","modified_gmt":"2018-08-25T08:21:58","slug":"stage-kyusho-et-shiatsu","status":"publish","type":"post","link":"https:\/\/www.blagnacartsmartiaux.fr\/site\/2018\/09\/15\/stage-kyusho-et-shiatsu\/","title":{"rendered":"Stage Kyusho et Shiatsu"},"content":{"rendered":"<p>Nous aurons le plaisir une nouvelle fois d\u2019accueillir <a href=\"http:\/\/www.imaginarts.tv\/fr\/36-serge-rebois\" target=\"_blank\" rel=\"noopener\">Serge Rebois<\/a> un stage d\u2019un week-end.<\/p>\n<h2>Stage Kyusho + Shiatsu<\/h2>\n<p><strong>Une journ\u00e9e KYUSHO\u00a0<\/strong><em>(points vitaux)\u00a0<\/em>et <strong>une journ\u00e9e SHITASU\u00a0<\/strong><em>(th\u00e9rapie par la pression des points)<\/em>.<\/p>\n<p>Un week-end Yin-Yang &#8211; Une journ\u00e9e sur le travail martial sur les points des m\u00e9ridiens et une journ\u00e9e pour restaurer les m\u00e9ridiens. Si il est bien entendu qu\u2019il est pr\u00e9f\u00e9rable de faire les 2 journ\u00e9es, vous pouvez n\u00e9anmoins ne faire qu\u2019une seule journ\u00e9e \ud83d\ude09<\/p>\n<blockquote><p><em>Les 2 faces d\u2019une m\u00eame pi\u00e8ce dans le m\u00eame week-end !<\/em><\/p><\/blockquote>\n<p>Samedi 3 novembre 2018 &#8211; <strong>KYUSHO<\/strong>: 10h \u00e0 12h &#8211; 14h30 \u00e0 17h30 &#8211; stage ouvert \u00e0 tous les pratiquants d\u2019arts martiaux<\/p>\n<p>Dimanche 4 novembre 2018 &#8211; <strong>SHIATSU<\/strong>: 10h \u00e0 13h &#8211; stage ouvert \u00e0 tous<\/p>\n<p><strong>Tarifs<\/strong>:\u00a0Samedi : 20 euros \u00a0&#8211;\u00a0Dimanche : 15 euros &#8211;\u00a0Les 2 jours : 25 euros<\/p>\n<p><img fetchpriority=\"high\" decoding=\"async\" class=\"alignnone size-large wp-image-2493\" src=\"https:\/\/www.blagnacartsmartiaux.fr\/site\/wp-content\/uploads\/2018\/08\/stage-kyusho-shiatsu-novembre-2018-1024x535.jpg\" alt=\"\" width=\"1024\" height=\"535\" srcset=\"https:\/\/www.blagnacartsmartiaux.fr\/site\/wp-content\/uploads\/2018\/08\/stage-kyusho-shiatsu-novembre-2018-1024x535.jpg 1024w, https:\/\/www.blagnacartsmartiaux.fr\/site\/wp-content\/uploads\/2018\/08\/stage-kyusho-shiatsu-novembre-2018-300x157.jpg 300w, https:\/\/www.blagnacartsmartiaux.fr\/site\/wp-content\/uploads\/2018\/08\/stage-kyusho-shiatsu-novembre-2018-768x401.jpg 768w, https:\/\/www.blagnacartsmartiaux.fr\/site\/wp-content\/uploads\/2018\/08\/stage-kyusho-shiatsu-novembre-2018.jpg 1200w\" sizes=\"(max-width: 1024px) 100vw, 1024px\" \/><\/p>\n","protected":false},"excerpt":{"rendered":"<p>Nous aurons le plaisir une nouvelle fois d\u2019accueillir Serge Rebois un stage d\u2019un week-end. Stage Kyusho + Shiatsu Une journ\u00e9e KYUSHO\u00a0(points vitaux)\u00a0et une journ\u00e9e SHITASU\u00a0(th\u00e9rapie par la pression des points). Un week-end Yin-Yang &#8211; Une journ\u00e9e sur le travail martial sur les points des m\u00e9ridiens et une journ\u00e9e pour restaurer les m\u00e9ridiens. Si il est [&hellip;]<\/p>\n","protected":false},"author":2,"featured_media":2493,"comment_status":"closed","ping_status":"open","sticky":false,"template":"","format":"standard","meta":{"site-sidebar-layout":"default","site-content-layout":"","ast-site-content-layout":"default","site-content-style":"default","site-sidebar-style":"default","ast-global-header-display":"","ast-banner-title-visibility":"","ast-main-header-display":"","ast-hfb-above-header-display":"","ast-hfb-below-header-display":"","ast-hfb-mobile-header-display":"","site-post-title":"","ast-breadcrumbs-content":"","ast-featured-img":"","footer-sml-layout":"","ast-disable-related-posts":"","theme-transparent-header-meta":"","adv-header-id-meta":"","stick-header-meta":"","header-above-stick-meta":"","header-main-stick-meta":"","header-below-stick-meta":"","astra-migrate-meta-layouts":"default","ast-page-background-enabled":"default","ast-page-background-meta":{"desktop":{"background-color":"","background-image":"","background-repeat":"repeat","background-position":"center center","background-size":"auto","background-attachment":"scroll","background-type":"","background-media":"","overlay-type":"","overlay-color":"","overlay-opacity":"","overlay-gradient":""},"tablet":{"background-color":"","background-image":"","background-repeat":"repeat","background-position":"center center","background-size":"auto","background-attachment":"scroll","background-type":"","background-media":"","overlay-type":"","overlay-color":"","overlay-opacity":"","overlay-gradient":""},"mobile":{"background-color":"","background-image":"","background-repeat":"repeat","background-position":"center center","background-size":"auto","background-attachment":"scroll","background-type":"","background-media":"","overlay-type":"","overlay-color":"","overlay-opacity":"","overlay-gradient":""}},"ast-content-background-meta":{"desktop":{"background-color":"var(--ast-global-color-5)","background-image":"","background-repeat":"repeat","background-position":"center center","background-size":"auto","background-attachment":"scroll","background-type":"","background-media":"","overlay-type":"","overlay-color":"","overlay-opacity":"","overlay-gradient":""},"tablet":{"background-color":"var(--ast-global-color-5)","background-image":"","background-repeat":"repeat","background-position":"center center","background-size":"auto","background-attachment":"scroll","background-type":"","background-media":"","overlay-type":"","overlay-color":"","overlay-opacity":"","overlay-gradient":""},"mobile":{"background-color":"var(--ast-global-color-5)","background-image":"","background-repeat":"repeat","background-position":"center center","background-size":"auto","background-attachment":"scroll","background-type":"","background-media":"","overlay-type":"","overlay-color":"","overlay-opacity":"","overlay-gradient":""}},"footnotes":""},"categories":[4,5,6,3],"tags":[],"class_list":["post-2492","post","type-post","status-publish","format-standard","has-post-thumbnail","hentry","category-judo","category-jujitsu","category-karate","category-stage"],"yoast_head":"<!-- This site is optimized with the Yoast SEO plugin v27.5 - https:\/\/yoast.com\/product\/yoast-seo-wordpress\/ -->\n<title>Stage Kyusho et Shiatsu - Blagnac Arts Martiaux<\/title>\n<meta name=\"robots\" content=\"index, follow, max-snippet:-1, max-image-preview:large, max-video-preview:-1\" \/>\n<link rel=\"canonical\" href=\"https:\/\/www.blagnacartsmartiaux.fr\/site\/2018\/09\/15\/stage-kyusho-et-shiatsu\/\" \/>\n<meta property=\"og:locale\" content=\"fr_FR\" \/>\n<meta property=\"og:type\" content=\"article\" \/>\n<meta property=\"og:title\" content=\"Stage Kyusho et Shiatsu - Blagnac Arts Martiaux\" \/>\n<meta property=\"og:description\" content=\"Nous aurons le plaisir une nouvelle fois d\u2019accueillir Serge Rebois un stage d\u2019un week-end. Stage Kyusho + Shiatsu Une journ\u00e9e KYUSHO\u00a0(points vitaux)\u00a0et une journ\u00e9e SHITASU\u00a0(th\u00e9rapie par la pression des points). Un week-end Yin-Yang &#8211; Une journ\u00e9e sur le travail martial sur les points des m\u00e9ridiens et une journ\u00e9e pour restaurer les m\u00e9ridiens. Si il est [&hellip;]\" \/>\n<meta property=\"og:url\" content=\"https:\/\/www.blagnacartsmartiaux.fr\/site\/2018\/09\/15\/stage-kyusho-et-shiatsu\/\" \/>\n<meta property=\"og:site_name\" content=\"Blagnac Arts Martiaux\" \/>\n<meta property=\"article:publisher\" content=\"https:\/\/www.facebook.com\/BlagnacArtsMartiaux\" \/>\n<meta property=\"article:author\" content=\"https:\/\/www.facebook.com\/lionelbudo\" \/>\n<meta property=\"article:published_time\" content=\"2018-09-15T05:06:39+00:00\" \/>\n<meta property=\"og:image\" content=\"https:\/\/www.blagnacartsmartiaux.fr\/site\/wp-content\/uploads\/2018\/08\/stage-kyusho-shiatsu-novembre-2018.jpg\" \/>\n\t<meta property=\"og:image:width\" content=\"1200\" \/>\n\t<meta property=\"og:image:height\" content=\"627\" \/>\n\t<meta property=\"og:image:type\" content=\"image\/jpeg\" \/>\n<meta name=\"author\" content=\"Lionel Froidure\" \/>\n<meta name=\"twitter:card\" content=\"summary_large_image\" \/>\n<meta name=\"twitter:image\" content=\"http:\/\/www.blagnacartsmartiaux.fr\/site\/wp-content\/uploads\/2018\/08\/stage-kyusho-shiatsu-novembre-2018.jpg\" \/>\n<meta name=\"twitter:creator\" content=\"@lionelfroidure\" \/>\n<meta name=\"twitter:site\" content=\"@BlagnacArtsM\" \/>\n<meta name=\"twitter:label1\" content=\"\u00c9crit par\" \/>\n\t<meta name=\"twitter:data1\" content=\"Lionel Froidure\" \/>\n\t<meta name=\"twitter:label2\" content=\"Dur\u00e9e de lecture estim\u00e9e\" \/>\n\t<meta name=\"twitter:data2\" content=\"1 minute\" \/>\n<script type=\"application\/ld+json\" class=\"yoast-schema-graph\">{\"@context\":\"https:\\\/\\\/schema.org\",\"@graph\":[{\"@type\":\"Article\",\"@id\":\"https:\\\/\\\/www.blagnacartsmartiaux.fr\\\/site\\\/2018\\\/09\\\/15\\\/stage-kyusho-et-shiatsu\\\/#article\",\"isPartOf\":{\"@id\":\"https:\\\/\\\/www.blagnacartsmartiaux.fr\\\/site\\\/2018\\\/09\\\/15\\\/stage-kyusho-et-shiatsu\\\/\"},\"author\":{\"name\":\"Lionel Froidure\",\"@id\":\"https:\\\/\\\/www.blagnacartsmartiaux.fr\\\/site\\\/#\\\/schema\\\/person\\\/5e8c2efafaca349ed0a91288de4be82d\"},\"headline\":\"Stage Kyusho et Shiatsu\",\"datePublished\":\"2018-09-15T05:06:39+00:00\",\"mainEntityOfPage\":{\"@id\":\"https:\\\/\\\/www.blagnacartsmartiaux.fr\\\/site\\\/2018\\\/09\\\/15\\\/stage-kyusho-et-shiatsu\\\/\"},\"wordCount\":146,\"publisher\":{\"@id\":\"https:\\\/\\\/www.blagnacartsmartiaux.fr\\\/site\\\/#organization\"},\"image\":{\"@id\":\"https:\\\/\\\/www.blagnacartsmartiaux.fr\\\/site\\\/2018\\\/09\\\/15\\\/stage-kyusho-et-shiatsu\\\/#primaryimage\"},\"thumbnailUrl\":\"https:\\\/\\\/www.blagnacartsmartiaux.fr\\\/site\\\/wp-content\\\/uploads\\\/2018\\\/08\\\/stage-kyusho-shiatsu-novembre-2018.jpg\",\"articleSection\":[\"Judo\",\"Jujitsu\",\"Karate\",\"Stage\"],\"inLanguage\":\"fr-FR\"},{\"@type\":\"WebPage\",\"@id\":\"https:\\\/\\\/www.blagnacartsmartiaux.fr\\\/site\\\/2018\\\/09\\\/15\\\/stage-kyusho-et-shiatsu\\\/\",\"url\":\"https:\\\/\\\/www.blagnacartsmartiaux.fr\\\/site\\\/2018\\\/09\\\/15\\\/stage-kyusho-et-shiatsu\\\/\",\"name\":\"Stage Kyusho et Shiatsu - Blagnac Arts Martiaux\",\"isPartOf\":{\"@id\":\"https:\\\/\\\/www.blagnacartsmartiaux.fr\\\/site\\\/#website\"},\"primaryImageOfPage\":{\"@id\":\"https:\\\/\\\/www.blagnacartsmartiaux.fr\\\/site\\\/2018\\\/09\\\/15\\\/stage-kyusho-et-shiatsu\\\/#primaryimage\"},\"image\":{\"@id\":\"https:\\\/\\\/www.blagnacartsmartiaux.fr\\\/site\\\/2018\\\/09\\\/15\\\/stage-kyusho-et-shiatsu\\\/#primaryimage\"},\"thumbnailUrl\":\"https:\\\/\\\/www.blagnacartsmartiaux.fr\\\/site\\\/wp-content\\\/uploads\\\/2018\\\/08\\\/stage-kyusho-shiatsu-novembre-2018.jpg\",\"datePublished\":\"2018-09-15T05:06:39+00:00\",\"breadcrumb\":{\"@id\":\"https:\\\/\\\/www.blagnacartsmartiaux.fr\\\/site\\\/2018\\\/09\\\/15\\\/stage-kyusho-et-shiatsu\\\/#breadcrumb\"},\"inLanguage\":\"fr-FR\",\"potentialAction\":[{\"@type\":\"ReadAction\",\"target\":[\"https:\\\/\\\/www.blagnacartsmartiaux.fr\\\/site\\\/2018\\\/09\\\/15\\\/stage-kyusho-et-shiatsu\\\/\"]}]},{\"@type\":\"ImageObject\",\"inLanguage\":\"fr-FR\",\"@id\":\"https:\\\/\\\/www.blagnacartsmartiaux.fr\\\/site\\\/2018\\\/09\\\/15\\\/stage-kyusho-et-shiatsu\\\/#primaryimage\",\"url\":\"https:\\\/\\\/www.blagnacartsmartiaux.fr\\\/site\\\/wp-content\\\/uploads\\\/2018\\\/08\\\/stage-kyusho-shiatsu-novembre-2018.jpg\",\"contentUrl\":\"https:\\\/\\\/www.blagnacartsmartiaux.fr\\\/site\\\/wp-content\\\/uploads\\\/2018\\\/08\\\/stage-kyusho-shiatsu-novembre-2018.jpg\",\"width\":1200,\"height\":627},{\"@type\":\"BreadcrumbList\",\"@id\":\"https:\\\/\\\/www.blagnacartsmartiaux.fr\\\/site\\\/2018\\\/09\\\/15\\\/stage-kyusho-et-shiatsu\\\/#breadcrumb\",\"itemListElement\":[{\"@type\":\"ListItem\",\"position\":1,\"name\":\"Accueil\",\"item\":\"https:\\\/\\\/www.blagnacartsmartiaux.fr\\\/site\\\/\"},{\"@type\":\"ListItem\",\"position\":2,\"name\":\"Stage Kyusho et Shiatsu\"}]},{\"@type\":\"WebSite\",\"@id\":\"https:\\\/\\\/www.blagnacartsmartiaux.fr\\\/site\\\/#website\",\"url\":\"https:\\\/\\\/www.blagnacartsmartiaux.fr\\\/site\\\/\",\"name\":\"Blagnac Arts Martiaux\",\"description\":\"Le club de Judo, Karat\u00e9, Jujitsu, Arnis Kali et Self D\u00e9fense sur Blagnac\",\"publisher\":{\"@id\":\"https:\\\/\\\/www.blagnacartsmartiaux.fr\\\/site\\\/#organization\"},\"potentialAction\":[{\"@type\":\"SearchAction\",\"target\":{\"@type\":\"EntryPoint\",\"urlTemplate\":\"https:\\\/\\\/www.blagnacartsmartiaux.fr\\\/site\\\/?s={search_term_string}\"},\"query-input\":{\"@type\":\"PropertyValueSpecification\",\"valueRequired\":true,\"valueName\":\"search_term_string\"}}],\"inLanguage\":\"fr-FR\"},{\"@type\":\"Organization\",\"@id\":\"https:\\\/\\\/www.blagnacartsmartiaux.fr\\\/site\\\/#organization\",\"name\":\"Blagnac Arts Martiaux\",\"url\":\"https:\\\/\\\/www.blagnacartsmartiaux.fr\\\/site\\\/\",\"logo\":{\"@type\":\"ImageObject\",\"inLanguage\":\"fr-FR\",\"@id\":\"https:\\\/\\\/www.blagnacartsmartiaux.fr\\\/site\\\/#\\\/schema\\\/logo\\\/image\\\/\",\"url\":\"https:\\\/\\\/www.blagnacartsmartiaux.fr\\\/site\\\/wp-content\\\/uploads\\\/2020\\\/05\\\/cropped-bam-wide.png\",\"contentUrl\":\"https:\\\/\\\/www.blagnacartsmartiaux.fr\\\/site\\\/wp-content\\\/uploads\\\/2020\\\/05\\\/cropped-bam-wide.png\",\"width\":180,\"height\":60,\"caption\":\"Blagnac Arts Martiaux\"},\"image\":{\"@id\":\"https:\\\/\\\/www.blagnacartsmartiaux.fr\\\/site\\\/#\\\/schema\\\/logo\\\/image\\\/\"},\"sameAs\":[\"https:\\\/\\\/www.facebook.com\\\/BlagnacArtsMartiaux\",\"https:\\\/\\\/x.com\\\/BlagnacArtsM\"]},{\"@type\":\"Person\",\"@id\":\"https:\\\/\\\/www.blagnacartsmartiaux.fr\\\/site\\\/#\\\/schema\\\/person\\\/5e8c2efafaca349ed0a91288de4be82d\",\"name\":\"Lionel Froidure\",\"image\":{\"@type\":\"ImageObject\",\"inLanguage\":\"fr-FR\",\"@id\":\"https:\\\/\\\/secure.gravatar.com\\\/avatar\\\/6abc90d10c2ec0e58fbc1a422a1bb3658967059e3bb63471b3b5abb1f440e83c?s=96&d=mm&r=g\",\"url\":\"https:\\\/\\\/secure.gravatar.com\\\/avatar\\\/6abc90d10c2ec0e58fbc1a422a1bb3658967059e3bb63471b3b5abb1f440e83c?s=96&d=mm&r=g\",\"contentUrl\":\"https:\\\/\\\/secure.gravatar.com\\\/avatar\\\/6abc90d10c2ec0e58fbc1a422a1bb3658967059e3bb63471b3b5abb1f440e83c?s=96&d=mm&r=g\",\"caption\":\"Lionel Froidure\"},\"description\":\"CN 6\u00e8me Dan Karat\u00e9 Shotokan - CN 3\u00e8me degr\u00e9 Arnis Kali - Professeur dipl\u00f4m\u00e9 d\u2019\u00e9tat DEJEPS - Instructeur Arnis Kali 2\u00e8me niveau - D\u00e9couvre mon blog KARATE\",\"sameAs\":[\"https:\\\/\\\/www.lionelfroidure.com\",\"https:\\\/\\\/www.facebook.com\\\/lionelbudo\",\"https:\\\/\\\/instagram.com\\\/lionelfroidure\",\"https:\\\/\\\/x.com\\\/lionelfroidure\"],\"url\":\"https:\\\/\\\/www.blagnacartsmartiaux.fr\\\/site\\\/author\\\/lionel-froidure\\\/\"}]}<\/script>\n<!-- \/ Yoast SEO plugin. -->","yoast_head_json":{"title":"Stage Kyusho et Shiatsu - Blagnac Arts Martiaux","robots":{"index":"index","follow":"follow","max-snippet":"max-snippet:-1","max-image-preview":"max-image-preview:large","max-video-preview":"max-video-preview:-1"},"canonical":"https:\/\/www.blagnacartsmartiaux.fr\/site\/2018\/09\/15\/stage-kyusho-et-shiatsu\/","og_locale":"fr_FR","og_type":"article","og_title":"Stage Kyusho et Shiatsu - Blagnac Arts Martiaux","og_description":"Nous aurons le plaisir une nouvelle fois d\u2019accueillir Serge Rebois un stage d\u2019un week-end. Stage Kyusho + Shiatsu Une journ\u00e9e KYUSHO\u00a0(points vitaux)\u00a0et une journ\u00e9e SHITASU\u00a0(th\u00e9rapie par la pression des points). Un week-end Yin-Yang &#8211; Une journ\u00e9e sur le travail martial sur les points des m\u00e9ridiens et une journ\u00e9e pour restaurer les m\u00e9ridiens. Si il est [&hellip;]","og_url":"https:\/\/www.blagnacartsmartiaux.fr\/site\/2018\/09\/15\/stage-kyusho-et-shiatsu\/","og_site_name":"Blagnac Arts Martiaux","article_publisher":"https:\/\/www.facebook.com\/BlagnacArtsMartiaux","article_author":"https:\/\/www.facebook.com\/lionelbudo","article_published_time":"2018-09-15T05:06:39+00:00","og_image":[{"width":1200,"height":627,"url":"https:\/\/www.blagnacartsmartiaux.fr\/site\/wp-content\/uploads\/2018\/08\/stage-kyusho-shiatsu-novembre-2018.jpg","type":"image\/jpeg"}],"author":"Lionel Froidure","twitter_card":"summary_large_image","twitter_image":"http:\/\/www.blagnacartsmartiaux.fr\/site\/wp-content\/uploads\/2018\/08\/stage-kyusho-shiatsu-novembre-2018.jpg","twitter_creator":"@lionelfroidure","twitter_site":"@BlagnacArtsM","twitter_misc":{"\u00c9crit par":"Lionel Froidure","Dur\u00e9e de lecture estim\u00e9e":"1 minute"},"schema":{"@context":"https:\/\/schema.org","@graph":[{"@type":"Article","@id":"https:\/\/www.blagnacartsmartiaux.fr\/site\/2018\/09\/15\/stage-kyusho-et-shiatsu\/#article","isPartOf":{"@id":"https:\/\/www.blagnacartsmartiaux.fr\/site\/2018\/09\/15\/stage-kyusho-et-shiatsu\/"},"author":{"name":"Lionel Froidure","@id":"https:\/\/www.blagnacartsmartiaux.fr\/site\/#\/schema\/person\/5e8c2efafaca349ed0a91288de4be82d"},"headline":"Stage Kyusho et Shiatsu","datePublished":"2018-09-15T05:06:39+00:00","mainEntityOfPage":{"@id":"https:\/\/www.blagnacartsmartiaux.fr\/site\/2018\/09\/15\/stage-kyusho-et-shiatsu\/"},"wordCount":146,"publisher":{"@id":"https:\/\/www.blagnacartsmartiaux.fr\/site\/#organization"},"image":{"@id":"https:\/\/www.blagnacartsmartiaux.fr\/site\/2018\/09\/15\/stage-kyusho-et-shiatsu\/#primaryimage"},"thumbnailUrl":"https:\/\/www.blagnacartsmartiaux.fr\/site\/wp-content\/uploads\/2018\/08\/stage-kyusho-shiatsu-novembre-2018.jpg","articleSection":["Judo","Jujitsu","Karate","Stage"],"inLanguage":"fr-FR"},{"@type":"WebPage","@id":"https:\/\/www.blagnacartsmartiaux.fr\/site\/2018\/09\/15\/stage-kyusho-et-shiatsu\/","url":"https:\/\/www.blagnacartsmartiaux.fr\/site\/2018\/09\/15\/stage-kyusho-et-shiatsu\/","name":"Stage Kyusho et Shiatsu - Blagnac Arts Martiaux","isPartOf":{"@id":"https:\/\/www.blagnacartsmartiaux.fr\/site\/#website"},"primaryImageOfPage":{"@id":"https:\/\/www.blagnacartsmartiaux.fr\/site\/2018\/09\/15\/stage-kyusho-et-shiatsu\/#primaryimage"},"image":{"@id":"https:\/\/www.blagnacartsmartiaux.fr\/site\/2018\/09\/15\/stage-kyusho-et-shiatsu\/#primaryimage"},"thumbnailUrl":"https:\/\/www.blagnacartsmartiaux.fr\/site\/wp-content\/uploads\/2018\/08\/stage-kyusho-shiatsu-novembre-2018.jpg","datePublished":"2018-09-15T05:06:39+00:00","breadcrumb":{"@id":"https:\/\/www.blagnacartsmartiaux.fr\/site\/2018\/09\/15\/stage-kyusho-et-shiatsu\/#breadcrumb"},"inLanguage":"fr-FR","potentialAction":[{"@type":"ReadAction","target":["https:\/\/www.blagnacartsmartiaux.fr\/site\/2018\/09\/15\/stage-kyusho-et-shiatsu\/"]}]},{"@type":"ImageObject","inLanguage":"fr-FR","@id":"https:\/\/www.blagnacartsmartiaux.fr\/site\/2018\/09\/15\/stage-kyusho-et-shiatsu\/#primaryimage","url":"https:\/\/www.blagnacartsmartiaux.fr\/site\/wp-content\/uploads\/2018\/08\/stage-kyusho-shiatsu-novembre-2018.jpg","contentUrl":"https:\/\/www.blagnacartsmartiaux.fr\/site\/wp-content\/uploads\/2018\/08\/stage-kyusho-shiatsu-novembre-2018.jpg","width":1200,"height":627},{"@type":"BreadcrumbList","@id":"https:\/\/www.blagnacartsmartiaux.fr\/site\/2018\/09\/15\/stage-kyusho-et-shiatsu\/#breadcrumb","itemListElement":[{"@type":"ListItem","position":1,"name":"Accueil","item":"https:\/\/www.blagnacartsmartiaux.fr\/site\/"},{"@type":"ListItem","position":2,"name":"Stage Kyusho et Shiatsu"}]},{"@type":"WebSite","@id":"https:\/\/www.blagnacartsmartiaux.fr\/site\/#website","url":"https:\/\/www.blagnacartsmartiaux.fr\/site\/","name":"Blagnac Arts Martiaux","description":"Le club de Judo, Karat\u00e9, Jujitsu, Arnis Kali et Self D\u00e9fense sur Blagnac","publisher":{"@id":"https:\/\/www.blagnacartsmartiaux.fr\/site\/#organization"},"potentialAction":[{"@type":"SearchAction","target":{"@type":"EntryPoint","urlTemplate":"https:\/\/www.blagnacartsmartiaux.fr\/site\/?s={search_term_string}"},"query-input":{"@type":"PropertyValueSpecification","valueRequired":true,"valueName":"search_term_string"}}],"inLanguage":"fr-FR"},{"@type":"Organization","@id":"https:\/\/www.blagnacartsmartiaux.fr\/site\/#organization","name":"Blagnac Arts Martiaux","url":"https:\/\/www.blagnacartsmartiaux.fr\/site\/","logo":{"@type":"ImageObject","inLanguage":"fr-FR","@id":"https:\/\/www.blagnacartsmartiaux.fr\/site\/#\/schema\/logo\/image\/","url":"https:\/\/www.blagnacartsmartiaux.fr\/site\/wp-content\/uploads\/2020\/05\/cropped-bam-wide.png","contentUrl":"https:\/\/www.blagnacartsmartiaux.fr\/site\/wp-content\/uploads\/2020\/05\/cropped-bam-wide.png","width":180,"height":60,"caption":"Blagnac Arts Martiaux"},"image":{"@id":"https:\/\/www.blagnacartsmartiaux.fr\/site\/#\/schema\/logo\/image\/"},"sameAs":["https:\/\/www.facebook.com\/BlagnacArtsMartiaux","https:\/\/x.com\/BlagnacArtsM"]},{"@type":"Person","@id":"https:\/\/www.blagnacartsmartiaux.fr\/site\/#\/schema\/person\/5e8c2efafaca349ed0a91288de4be82d","name":"Lionel Froidure","image":{"@type":"ImageObject","inLanguage":"fr-FR","@id":"https:\/\/secure.gravatar.com\/avatar\/6abc90d10c2ec0e58fbc1a422a1bb3658967059e3bb63471b3b5abb1f440e83c?s=96&d=mm&r=g","url":"https:\/\/secure.gravatar.com\/avatar\/6abc90d10c2ec0e58fbc1a422a1bb3658967059e3bb63471b3b5abb1f440e83c?s=96&d=mm&r=g","contentUrl":"https:\/\/secure.gravatar.com\/avatar\/6abc90d10c2ec0e58fbc1a422a1bb3658967059e3bb63471b3b5abb1f440e83c?s=96&d=mm&r=g","caption":"Lionel Froidure"},"description":"CN 6\u00e8me Dan Karat\u00e9 Shotokan - CN 3\u00e8me degr\u00e9 Arnis Kali - Professeur dipl\u00f4m\u00e9 d\u2019\u00e9tat DEJEPS - Instructeur Arnis Kali 2\u00e8me niveau - D\u00e9couvre mon blog KARATE","sameAs":["https:\/\/www.lionelfroidure.com","https:\/\/www.facebook.com\/lionelbudo","https:\/\/instagram.com\/lionelfroidure","https:\/\/x.com\/lionelfroidure"],"url":"https:\/\/www.blagnacartsmartiaux.fr\/site\/author\/lionel-froidure\/"}]}},"_links":{"self":[{"href":"https:\/\/www.blagnacartsmartiaux.fr\/site\/wp-json\/wp\/v2\/posts\/2492","targetHints":{"allow":["GET"]}}],"collection":[{"href":"https:\/\/www.blagnacartsmartiaux.fr\/site\/wp-json\/wp\/v2\/posts"}],"about":[{"href":"https:\/\/www.blagnacartsmartiaux.fr\/site\/wp-json\/wp\/v2\/types\/post"}],"author":[{"embeddable":true,"href":"https:\/\/www.blagnacartsmartiaux.fr\/site\/wp-json\/wp\/v2\/users\/2"}],"replies":[{"embeddable":true,"href":"https:\/\/www.blagnacartsmartiaux.fr\/site\/wp-json\/wp\/v2\/comments?post=2492"}],"version-history":[{"count":1,"href":"https:\/\/www.blagnacartsmartiaux.fr\/site\/wp-json\/wp\/v2\/posts\/2492\/revisions"}],"predecessor-version":[{"id":2494,"href":"https:\/\/www.blagnacartsmartiaux.fr\/site\/wp-json\/wp\/v2\/posts\/2492\/revisions\/2494"}],"wp:featuredmedia":[{"embeddable":true,"href":"https:\/\/www.blagnacartsmartiaux.fr\/site\/wp-json\/wp\/v2\/media\/2493"}],"wp:attachment":[{"href":"https:\/\/www.blagnacartsmartiaux.fr\/site\/wp-json\/wp\/v2\/media?parent=2492"}],"wp:term":[{"taxonomy":"category","embeddable":true,"href":"https:\/\/www.blagnacartsmartiaux.fr\/site\/wp-json\/wp\/v2\/categories?post=2492"},{"taxonomy":"post_tag","embeddable":true,"href":"https:\/\/www.blagnacartsmartiaux.fr\/site\/wp-json\/wp\/v2\/tags?post=2492"}],"curies":[{"name":"wp","href":"https:\/\/api.w.org\/{rel}","templated":true}]}}