{"id":2622,"date":"2019-01-30T09:57:57","date_gmt":"2019-01-30T08:57:57","guid":{"rendered":"http:\/\/www.blagnacartsmartiaux.fr\/site\/?p=2622"},"modified":"2019-01-30T09:57:57","modified_gmt":"2019-01-30T08:57:57","slug":"stage-ju-jitsu-avec-frederic-bourgouin-2","status":"publish","type":"post","link":"https:\/\/www.blagnacartsmartiaux.fr\/site\/2019\/01\/30\/stage-ju-jitsu-avec-frederic-bourgouin-2\/","title":{"rendered":"Stage ju-jitsu avec Fr\u00e9d\u00e9ric BOURGOUIN"},"content":{"rendered":"<p>Le Blagnac arts martiaux a accueilli au dojo Androm\u00e8de ce dimanche 27 janvier une quarantaine de participants de la r\u00e9gion pour ce stage dirig\u00e9 par Fr\u00e9d\u00e9ric BOURGOUIN, 6<sup>e<\/sup>\u00a0dan et expert international.<\/p>\n<p>Au cours de cette journ\u00e9e, les \u00e9l\u00e8ves de tous grades ont pu apprendre et perfectionner les techniques de d\u00e9fense, d\u2019at\u00e9mis, le travail des cl\u00e9s mais aussi revoir les chutes et techniques de judo<\/p>\n<p>L&rsquo;intervenant, attentif \u00e0 tous les d\u00e9tails, a su faire passer ses connaissances de cet art martial aux \u00e9l\u00e8ves pr\u00e9sents.<\/p>\n<p>C\u2019est dans la bonne humeur que s\u2019est termin\u00e9 ce stage et les \u00e9l\u00e8ves ravis de l\u2019intervention de l\u2019expert attendent avec impatience son retour sur nos tatamis pour d\u2019autres conseils \u00e0 mettre en pratique.<\/p>\n<p>Nous remercions le judo club du quercy vert pour la co-organisation de ce stage et \u00e0 toutes les personnes pr\u00e9sentes.<\/p>\n<p>&nbsp;<\/p>\n<figure id=\"attachment_2625\" aria-describedby=\"caption-attachment-2625\" style=\"width: 3968px\" class=\"wp-caption alignnone\"><img fetchpriority=\"high\" decoding=\"async\" class=\"size-full wp-image-2625\" src=\"https:\/\/www.blagnacartsmartiaux.fr\/site\/wp-content\/uploads\/2019\/01\/IMG_20190127_161637.jpg\" alt=\"\" width=\"3968\" height=\"2976\" srcset=\"https:\/\/www.blagnacartsmartiaux.fr\/site\/wp-content\/uploads\/2019\/01\/IMG_20190127_161637.jpg 3968w, https:\/\/www.blagnacartsmartiaux.fr\/site\/wp-content\/uploads\/2019\/01\/IMG_20190127_161637-300x225.jpg 300w, https:\/\/www.blagnacartsmartiaux.fr\/site\/wp-content\/uploads\/2019\/01\/IMG_20190127_161637-768x576.jpg 768w, https:\/\/www.blagnacartsmartiaux.fr\/site\/wp-content\/uploads\/2019\/01\/IMG_20190127_161637-1024x768.jpg 1024w\" sizes=\"(max-width: 3968px) 100vw, 3968px\" \/><figcaption id=\"caption-attachment-2625\" class=\"wp-caption-text\">dav<\/figcaption><\/figure>\n","protected":false},"excerpt":{"rendered":"<p>Le Blagnac arts martiaux a accueilli au dojo Androm\u00e8de ce dimanche 27 janvier une quarantaine de participants de la r\u00e9gion pour ce stage dirig\u00e9 par Fr\u00e9d\u00e9ric BOURGOUIN, 6e\u00a0dan et expert international. Au cours de cette journ\u00e9e, les \u00e9l\u00e8ves de tous grades ont pu apprendre et perfectionner les techniques de d\u00e9fense, d\u2019at\u00e9mis, le travail des cl\u00e9s [&hellip;]<\/p>\n","protected":false},"author":1,"featured_media":2624,"comment_status":"closed","ping_status":"open","sticky":false,"template":"","format":"standard","meta":{"site-sidebar-layout":"default","site-content-layout":"","ast-site-content-layout":"default","site-content-style":"default","site-sidebar-style":"default","ast-global-header-display":"","ast-banner-title-visibility":"","ast-main-header-display":"","ast-hfb-above-header-display":"","ast-hfb-below-header-display":"","ast-hfb-mobile-header-display":"","site-post-title":"","ast-breadcrumbs-content":"","ast-featured-img":"","footer-sml-layout":"","ast-disable-related-posts":"","theme-transparent-header-meta":"","adv-header-id-meta":"","stick-header-meta":"","header-above-stick-meta":"","header-main-stick-meta":"","header-below-stick-meta":"","astra-migrate-meta-layouts":"default","ast-page-background-enabled":"default","ast-page-background-meta":{"desktop":{"background-color":"","background-image":"","background-repeat":"repeat","background-position":"center center","background-size":"auto","background-attachment":"scroll","background-type":"","background-media":"","overlay-type":"","overlay-color":"","overlay-opacity":"","overlay-gradient":""},"tablet":{"background-color":"","background-image":"","background-repeat":"repeat","background-position":"center center","background-size":"auto","background-attachment":"scroll","background-type":"","background-media":"","overlay-type":"","overlay-color":"","overlay-opacity":"","overlay-gradient":""},"mobile":{"background-color":"","background-image":"","background-repeat":"repeat","background-position":"center center","background-size":"auto","background-attachment":"scroll","background-type":"","background-media":"","overlay-type":"","overlay-color":"","overlay-opacity":"","overlay-gradient":""}},"ast-content-background-meta":{"desktop":{"background-color":"var(--ast-global-color-5)","background-image":"","background-repeat":"repeat","background-position":"center center","background-size":"auto","background-attachment":"scroll","background-type":"","background-media":"","overlay-type":"","overlay-color":"","overlay-opacity":"","overlay-gradient":""},"tablet":{"background-color":"var(--ast-global-color-5)","background-image":"","background-repeat":"repeat","background-position":"center center","background-size":"auto","background-attachment":"scroll","background-type":"","background-media":"","overlay-type":"","overlay-color":"","overlay-opacity":"","overlay-gradient":""},"mobile":{"background-color":"var(--ast-global-color-5)","background-image":"","background-repeat":"repeat","background-position":"center center","background-size":"auto","background-attachment":"scroll","background-type":"","background-media":"","overlay-type":"","overlay-color":"","overlay-opacity":"","overlay-gradient":""}},"footnotes":""},"categories":[1],"tags":[],"class_list":["post-2622","post","type-post","status-publish","format-standard","has-post-thumbnail","hentry","category-non-classe"],"yoast_head":"<!-- This site is optimized with the Yoast SEO plugin v27.4 - https:\/\/yoast.com\/product\/yoast-seo-wordpress\/ -->\n<title>Stage ju-jitsu avec Fr\u00e9d\u00e9ric BOURGOUIN - Blagnac Arts Martiaux<\/title>\n<meta name=\"robots\" content=\"index, follow, max-snippet:-1, max-image-preview:large, max-video-preview:-1\" \/>\n<link rel=\"canonical\" href=\"https:\/\/www.blagnacartsmartiaux.fr\/site\/2019\/01\/30\/stage-ju-jitsu-avec-frederic-bourgouin-2\/\" \/>\n<meta property=\"og:locale\" content=\"fr_FR\" \/>\n<meta property=\"og:type\" content=\"article\" \/>\n<meta property=\"og:title\" content=\"Stage ju-jitsu avec Fr\u00e9d\u00e9ric BOURGOUIN - Blagnac Arts Martiaux\" \/>\n<meta property=\"og:description\" content=\"Le Blagnac arts martiaux a accueilli au dojo Androm\u00e8de ce dimanche 27 janvier une quarantaine de participants de la r\u00e9gion pour ce stage dirig\u00e9 par Fr\u00e9d\u00e9ric BOURGOUIN, 6e\u00a0dan et expert international. Au cours de cette journ\u00e9e, les \u00e9l\u00e8ves de tous grades ont pu apprendre et perfectionner les techniques de d\u00e9fense, d\u2019at\u00e9mis, le travail des cl\u00e9s [&hellip;]\" \/>\n<meta property=\"og:url\" content=\"https:\/\/www.blagnacartsmartiaux.fr\/site\/2019\/01\/30\/stage-ju-jitsu-avec-frederic-bourgouin-2\/\" \/>\n<meta property=\"og:site_name\" content=\"Blagnac Arts Martiaux\" \/>\n<meta property=\"article:publisher\" content=\"https:\/\/www.facebook.com\/BlagnacArtsMartiaux\" \/>\n<meta property=\"article:published_time\" content=\"2019-01-30T08:57:57+00:00\" \/>\n<meta property=\"og:image\" content=\"https:\/\/www.blagnacartsmartiaux.fr\/site\/wp-content\/uploads\/2019\/01\/IMG_20190127_114614-1024x768.jpg\" \/>\n\t<meta property=\"og:image:width\" content=\"1024\" \/>\n\t<meta property=\"og:image:height\" content=\"768\" \/>\n\t<meta property=\"og:image:type\" content=\"image\/jpeg\" \/>\n<meta name=\"author\" content=\"Blagnac Arts Martiaux\" \/>\n<meta name=\"twitter:card\" content=\"summary_large_image\" \/>\n<meta name=\"twitter:creator\" content=\"@BlagnacArtsM\" \/>\n<meta name=\"twitter:site\" content=\"@BlagnacArtsM\" \/>\n<meta name=\"twitter:label1\" content=\"\u00c9crit par\" \/>\n\t<meta name=\"twitter:data1\" content=\"Blagnac Arts Martiaux\" \/>\n\t<meta name=\"twitter:label2\" content=\"Dur\u00e9e de lecture estim\u00e9e\" \/>\n\t<meta name=\"twitter:data2\" content=\"1 minute\" \/>\n<script type=\"application\/ld+json\" class=\"yoast-schema-graph\">{\"@context\":\"https:\\\/\\\/schema.org\",\"@graph\":[{\"@type\":\"Article\",\"@id\":\"https:\\\/\\\/www.blagnacartsmartiaux.fr\\\/site\\\/2019\\\/01\\\/30\\\/stage-ju-jitsu-avec-frederic-bourgouin-2\\\/#article\",\"isPartOf\":{\"@id\":\"https:\\\/\\\/www.blagnacartsmartiaux.fr\\\/site\\\/2019\\\/01\\\/30\\\/stage-ju-jitsu-avec-frederic-bourgouin-2\\\/\"},\"author\":{\"name\":\"Blagnac Arts Martiaux\",\"@id\":\"https:\\\/\\\/www.blagnacartsmartiaux.fr\\\/site\\\/#\\\/schema\\\/person\\\/b33ea38d44e881172328448384ffc27a\"},\"headline\":\"Stage ju-jitsu avec Fr\u00e9d\u00e9ric BOURGOUIN\",\"datePublished\":\"2019-01-30T08:57:57+00:00\",\"mainEntityOfPage\":{\"@id\":\"https:\\\/\\\/www.blagnacartsmartiaux.fr\\\/site\\\/2019\\\/01\\\/30\\\/stage-ju-jitsu-avec-frederic-bourgouin-2\\\/\"},\"wordCount\":170,\"publisher\":{\"@id\":\"https:\\\/\\\/www.blagnacartsmartiaux.fr\\\/site\\\/#organization\"},\"image\":{\"@id\":\"https:\\\/\\\/www.blagnacartsmartiaux.fr\\\/site\\\/2019\\\/01\\\/30\\\/stage-ju-jitsu-avec-frederic-bourgouin-2\\\/#primaryimage\"},\"thumbnailUrl\":\"https:\\\/\\\/www.blagnacartsmartiaux.fr\\\/site\\\/wp-content\\\/uploads\\\/2019\\\/01\\\/IMG_20190127_114614.jpg\",\"inLanguage\":\"fr-FR\"},{\"@type\":\"WebPage\",\"@id\":\"https:\\\/\\\/www.blagnacartsmartiaux.fr\\\/site\\\/2019\\\/01\\\/30\\\/stage-ju-jitsu-avec-frederic-bourgouin-2\\\/\",\"url\":\"https:\\\/\\\/www.blagnacartsmartiaux.fr\\\/site\\\/2019\\\/01\\\/30\\\/stage-ju-jitsu-avec-frederic-bourgouin-2\\\/\",\"name\":\"Stage ju-jitsu avec Fr\u00e9d\u00e9ric BOURGOUIN - Blagnac Arts Martiaux\",\"isPartOf\":{\"@id\":\"https:\\\/\\\/www.blagnacartsmartiaux.fr\\\/site\\\/#website\"},\"primaryImageOfPage\":{\"@id\":\"https:\\\/\\\/www.blagnacartsmartiaux.fr\\\/site\\\/2019\\\/01\\\/30\\\/stage-ju-jitsu-avec-frederic-bourgouin-2\\\/#primaryimage\"},\"image\":{\"@id\":\"https:\\\/\\\/www.blagnacartsmartiaux.fr\\\/site\\\/2019\\\/01\\\/30\\\/stage-ju-jitsu-avec-frederic-bourgouin-2\\\/#primaryimage\"},\"thumbnailUrl\":\"https:\\\/\\\/www.blagnacartsmartiaux.fr\\\/site\\\/wp-content\\\/uploads\\\/2019\\\/01\\\/IMG_20190127_114614.jpg\",\"datePublished\":\"2019-01-30T08:57:57+00:00\",\"breadcrumb\":{\"@id\":\"https:\\\/\\\/www.blagnacartsmartiaux.fr\\\/site\\\/2019\\\/01\\\/30\\\/stage-ju-jitsu-avec-frederic-bourgouin-2\\\/#breadcrumb\"},\"inLanguage\":\"fr-FR\",\"potentialAction\":[{\"@type\":\"ReadAction\",\"target\":[\"https:\\\/\\\/www.blagnacartsmartiaux.fr\\\/site\\\/2019\\\/01\\\/30\\\/stage-ju-jitsu-avec-frederic-bourgouin-2\\\/\"]}]},{\"@type\":\"ImageObject\",\"inLanguage\":\"fr-FR\",\"@id\":\"https:\\\/\\\/www.blagnacartsmartiaux.fr\\\/site\\\/2019\\\/01\\\/30\\\/stage-ju-jitsu-avec-frederic-bourgouin-2\\\/#primaryimage\",\"url\":\"https:\\\/\\\/www.blagnacartsmartiaux.fr\\\/site\\\/wp-content\\\/uploads\\\/2019\\\/01\\\/IMG_20190127_114614.jpg\",\"contentUrl\":\"https:\\\/\\\/www.blagnacartsmartiaux.fr\\\/site\\\/wp-content\\\/uploads\\\/2019\\\/01\\\/IMG_20190127_114614.jpg\",\"width\":3968,\"height\":2976,\"caption\":\"dav\"},{\"@type\":\"BreadcrumbList\",\"@id\":\"https:\\\/\\\/www.blagnacartsmartiaux.fr\\\/site\\\/2019\\\/01\\\/30\\\/stage-ju-jitsu-avec-frederic-bourgouin-2\\\/#breadcrumb\",\"itemListElement\":[{\"@type\":\"ListItem\",\"position\":1,\"name\":\"Accueil\",\"item\":\"https:\\\/\\\/www.blagnacartsmartiaux.fr\\\/site\\\/\"},{\"@type\":\"ListItem\",\"position\":2,\"name\":\"Stage ju-jitsu avec Fr\u00e9d\u00e9ric BOURGOUIN\"}]},{\"@type\":\"WebSite\",\"@id\":\"https:\\\/\\\/www.blagnacartsmartiaux.fr\\\/site\\\/#website\",\"url\":\"https:\\\/\\\/www.blagnacartsmartiaux.fr\\\/site\\\/\",\"name\":\"Blagnac Arts Martiaux\",\"description\":\"Le club de Judo, Karat\u00e9, Jujitsu, Arnis Kali et Self D\u00e9fense sur Blagnac\",\"publisher\":{\"@id\":\"https:\\\/\\\/www.blagnacartsmartiaux.fr\\\/site\\\/#organization\"},\"potentialAction\":[{\"@type\":\"SearchAction\",\"target\":{\"@type\":\"EntryPoint\",\"urlTemplate\":\"https:\\\/\\\/www.blagnacartsmartiaux.fr\\\/site\\\/?s={search_term_string}\"},\"query-input\":{\"@type\":\"PropertyValueSpecification\",\"valueRequired\":true,\"valueName\":\"search_term_string\"}}],\"inLanguage\":\"fr-FR\"},{\"@type\":\"Organization\",\"@id\":\"https:\\\/\\\/www.blagnacartsmartiaux.fr\\\/site\\\/#organization\",\"name\":\"Blagnac Arts Martiaux\",\"url\":\"https:\\\/\\\/www.blagnacartsmartiaux.fr\\\/site\\\/\",\"logo\":{\"@type\":\"ImageObject\",\"inLanguage\":\"fr-FR\",\"@id\":\"https:\\\/\\\/www.blagnacartsmartiaux.fr\\\/site\\\/#\\\/schema\\\/logo\\\/image\\\/\",\"url\":\"https:\\\/\\\/www.blagnacartsmartiaux.fr\\\/site\\\/wp-content\\\/uploads\\\/2020\\\/05\\\/cropped-bam-wide.png\",\"contentUrl\":\"https:\\\/\\\/www.blagnacartsmartiaux.fr\\\/site\\\/wp-content\\\/uploads\\\/2020\\\/05\\\/cropped-bam-wide.png\",\"width\":180,\"height\":60,\"caption\":\"Blagnac Arts Martiaux\"},\"image\":{\"@id\":\"https:\\\/\\\/www.blagnacartsmartiaux.fr\\\/site\\\/#\\\/schema\\\/logo\\\/image\\\/\"},\"sameAs\":[\"https:\\\/\\\/www.facebook.com\\\/BlagnacArtsMartiaux\",\"https:\\\/\\\/x.com\\\/BlagnacArtsM\"]},{\"@type\":\"Person\",\"@id\":\"https:\\\/\\\/www.blagnacartsmartiaux.fr\\\/site\\\/#\\\/schema\\\/person\\\/b33ea38d44e881172328448384ffc27a\",\"name\":\"Blagnac Arts Martiaux\",\"image\":{\"@type\":\"ImageObject\",\"inLanguage\":\"fr-FR\",\"@id\":\"https:\\\/\\\/secure.gravatar.com\\\/avatar\\\/042cecfc77c8e7783bd80715818a6e2576590f15b8c8a556fda71b640b99958f?s=96&d=mm&r=g\",\"url\":\"https:\\\/\\\/secure.gravatar.com\\\/avatar\\\/042cecfc77c8e7783bd80715818a6e2576590f15b8c8a556fda71b640b99958f?s=96&d=mm&r=g\",\"contentUrl\":\"https:\\\/\\\/secure.gravatar.com\\\/avatar\\\/042cecfc77c8e7783bd80715818a6e2576590f15b8c8a556fda71b640b99958f?s=96&d=mm&r=g\",\"caption\":\"Blagnac Arts Martiaux\"},\"url\":\"https:\\\/\\\/www.blagnacartsmartiaux.fr\\\/site\\\/author\\\/administrator\\\/\"}]}<\/script>\n<!-- \/ Yoast SEO plugin. -->","yoast_head_json":{"title":"Stage ju-jitsu avec Fr\u00e9d\u00e9ric BOURGOUIN - Blagnac Arts Martiaux","robots":{"index":"index","follow":"follow","max-snippet":"max-snippet:-1","max-image-preview":"max-image-preview:large","max-video-preview":"max-video-preview:-1"},"canonical":"https:\/\/www.blagnacartsmartiaux.fr\/site\/2019\/01\/30\/stage-ju-jitsu-avec-frederic-bourgouin-2\/","og_locale":"fr_FR","og_type":"article","og_title":"Stage ju-jitsu avec Fr\u00e9d\u00e9ric BOURGOUIN - Blagnac Arts Martiaux","og_description":"Le Blagnac arts martiaux a accueilli au dojo Androm\u00e8de ce dimanche 27 janvier une quarantaine de participants de la r\u00e9gion pour ce stage dirig\u00e9 par Fr\u00e9d\u00e9ric BOURGOUIN, 6e\u00a0dan et expert international. Au cours de cette journ\u00e9e, les \u00e9l\u00e8ves de tous grades ont pu apprendre et perfectionner les techniques de d\u00e9fense, d\u2019at\u00e9mis, le travail des cl\u00e9s [&hellip;]","og_url":"https:\/\/www.blagnacartsmartiaux.fr\/site\/2019\/01\/30\/stage-ju-jitsu-avec-frederic-bourgouin-2\/","og_site_name":"Blagnac Arts Martiaux","article_publisher":"https:\/\/www.facebook.com\/BlagnacArtsMartiaux","article_published_time":"2019-01-30T08:57:57+00:00","og_image":[{"width":1024,"height":768,"url":"https:\/\/www.blagnacartsmartiaux.fr\/site\/wp-content\/uploads\/2019\/01\/IMG_20190127_114614-1024x768.jpg","type":"image\/jpeg"}],"author":"Blagnac Arts Martiaux","twitter_card":"summary_large_image","twitter_creator":"@BlagnacArtsM","twitter_site":"@BlagnacArtsM","twitter_misc":{"\u00c9crit par":"Blagnac Arts Martiaux","Dur\u00e9e de lecture estim\u00e9e":"1 minute"},"schema":{"@context":"https:\/\/schema.org","@graph":[{"@type":"Article","@id":"https:\/\/www.blagnacartsmartiaux.fr\/site\/2019\/01\/30\/stage-ju-jitsu-avec-frederic-bourgouin-2\/#article","isPartOf":{"@id":"https:\/\/www.blagnacartsmartiaux.fr\/site\/2019\/01\/30\/stage-ju-jitsu-avec-frederic-bourgouin-2\/"},"author":{"name":"Blagnac Arts Martiaux","@id":"https:\/\/www.blagnacartsmartiaux.fr\/site\/#\/schema\/person\/b33ea38d44e881172328448384ffc27a"},"headline":"Stage ju-jitsu avec Fr\u00e9d\u00e9ric BOURGOUIN","datePublished":"2019-01-30T08:57:57+00:00","mainEntityOfPage":{"@id":"https:\/\/www.blagnacartsmartiaux.fr\/site\/2019\/01\/30\/stage-ju-jitsu-avec-frederic-bourgouin-2\/"},"wordCount":170,"publisher":{"@id":"https:\/\/www.blagnacartsmartiaux.fr\/site\/#organization"},"image":{"@id":"https:\/\/www.blagnacartsmartiaux.fr\/site\/2019\/01\/30\/stage-ju-jitsu-avec-frederic-bourgouin-2\/#primaryimage"},"thumbnailUrl":"https:\/\/www.blagnacartsmartiaux.fr\/site\/wp-content\/uploads\/2019\/01\/IMG_20190127_114614.jpg","inLanguage":"fr-FR"},{"@type":"WebPage","@id":"https:\/\/www.blagnacartsmartiaux.fr\/site\/2019\/01\/30\/stage-ju-jitsu-avec-frederic-bourgouin-2\/","url":"https:\/\/www.blagnacartsmartiaux.fr\/site\/2019\/01\/30\/stage-ju-jitsu-avec-frederic-bourgouin-2\/","name":"Stage ju-jitsu avec Fr\u00e9d\u00e9ric BOURGOUIN - Blagnac Arts Martiaux","isPartOf":{"@id":"https:\/\/www.blagnacartsmartiaux.fr\/site\/#website"},"primaryImageOfPage":{"@id":"https:\/\/www.blagnacartsmartiaux.fr\/site\/2019\/01\/30\/stage-ju-jitsu-avec-frederic-bourgouin-2\/#primaryimage"},"image":{"@id":"https:\/\/www.blagnacartsmartiaux.fr\/site\/2019\/01\/30\/stage-ju-jitsu-avec-frederic-bourgouin-2\/#primaryimage"},"thumbnailUrl":"https:\/\/www.blagnacartsmartiaux.fr\/site\/wp-content\/uploads\/2019\/01\/IMG_20190127_114614.jpg","datePublished":"2019-01-30T08:57:57+00:00","breadcrumb":{"@id":"https:\/\/www.blagnacartsmartiaux.fr\/site\/2019\/01\/30\/stage-ju-jitsu-avec-frederic-bourgouin-2\/#breadcrumb"},"inLanguage":"fr-FR","potentialAction":[{"@type":"ReadAction","target":["https:\/\/www.blagnacartsmartiaux.fr\/site\/2019\/01\/30\/stage-ju-jitsu-avec-frederic-bourgouin-2\/"]}]},{"@type":"ImageObject","inLanguage":"fr-FR","@id":"https:\/\/www.blagnacartsmartiaux.fr\/site\/2019\/01\/30\/stage-ju-jitsu-avec-frederic-bourgouin-2\/#primaryimage","url":"https:\/\/www.blagnacartsmartiaux.fr\/site\/wp-content\/uploads\/2019\/01\/IMG_20190127_114614.jpg","contentUrl":"https:\/\/www.blagnacartsmartiaux.fr\/site\/wp-content\/uploads\/2019\/01\/IMG_20190127_114614.jpg","width":3968,"height":2976,"caption":"dav"},{"@type":"BreadcrumbList","@id":"https:\/\/www.blagnacartsmartiaux.fr\/site\/2019\/01\/30\/stage-ju-jitsu-avec-frederic-bourgouin-2\/#breadcrumb","itemListElement":[{"@type":"ListItem","position":1,"name":"Accueil","item":"https:\/\/www.blagnacartsmartiaux.fr\/site\/"},{"@type":"ListItem","position":2,"name":"Stage ju-jitsu avec Fr\u00e9d\u00e9ric BOURGOUIN"}]},{"@type":"WebSite","@id":"https:\/\/www.blagnacartsmartiaux.fr\/site\/#website","url":"https:\/\/www.blagnacartsmartiaux.fr\/site\/","name":"Blagnac Arts Martiaux","description":"Le club de Judo, Karat\u00e9, Jujitsu, Arnis Kali et Self D\u00e9fense sur Blagnac","publisher":{"@id":"https:\/\/www.blagnacartsmartiaux.fr\/site\/#organization"},"potentialAction":[{"@type":"SearchAction","target":{"@type":"EntryPoint","urlTemplate":"https:\/\/www.blagnacartsmartiaux.fr\/site\/?s={search_term_string}"},"query-input":{"@type":"PropertyValueSpecification","valueRequired":true,"valueName":"search_term_string"}}],"inLanguage":"fr-FR"},{"@type":"Organization","@id":"https:\/\/www.blagnacartsmartiaux.fr\/site\/#organization","name":"Blagnac Arts Martiaux","url":"https:\/\/www.blagnacartsmartiaux.fr\/site\/","logo":{"@type":"ImageObject","inLanguage":"fr-FR","@id":"https:\/\/www.blagnacartsmartiaux.fr\/site\/#\/schema\/logo\/image\/","url":"https:\/\/www.blagnacartsmartiaux.fr\/site\/wp-content\/uploads\/2020\/05\/cropped-bam-wide.png","contentUrl":"https:\/\/www.blagnacartsmartiaux.fr\/site\/wp-content\/uploads\/2020\/05\/cropped-bam-wide.png","width":180,"height":60,"caption":"Blagnac Arts Martiaux"},"image":{"@id":"https:\/\/www.blagnacartsmartiaux.fr\/site\/#\/schema\/logo\/image\/"},"sameAs":["https:\/\/www.facebook.com\/BlagnacArtsMartiaux","https:\/\/x.com\/BlagnacArtsM"]},{"@type":"Person","@id":"https:\/\/www.blagnacartsmartiaux.fr\/site\/#\/schema\/person\/b33ea38d44e881172328448384ffc27a","name":"Blagnac Arts Martiaux","image":{"@type":"ImageObject","inLanguage":"fr-FR","@id":"https:\/\/secure.gravatar.com\/avatar\/042cecfc77c8e7783bd80715818a6e2576590f15b8c8a556fda71b640b99958f?s=96&d=mm&r=g","url":"https:\/\/secure.gravatar.com\/avatar\/042cecfc77c8e7783bd80715818a6e2576590f15b8c8a556fda71b640b99958f?s=96&d=mm&r=g","contentUrl":"https:\/\/secure.gravatar.com\/avatar\/042cecfc77c8e7783bd80715818a6e2576590f15b8c8a556fda71b640b99958f?s=96&d=mm&r=g","caption":"Blagnac Arts Martiaux"},"url":"https:\/\/www.blagnacartsmartiaux.fr\/site\/author\/administrator\/"}]}},"_links":{"self":[{"href":"https:\/\/www.blagnacartsmartiaux.fr\/site\/wp-json\/wp\/v2\/posts\/2622","targetHints":{"allow":["GET"]}}],"collection":[{"href":"https:\/\/www.blagnacartsmartiaux.fr\/site\/wp-json\/wp\/v2\/posts"}],"about":[{"href":"https:\/\/www.blagnacartsmartiaux.fr\/site\/wp-json\/wp\/v2\/types\/post"}],"author":[{"embeddable":true,"href":"https:\/\/www.blagnacartsmartiaux.fr\/site\/wp-json\/wp\/v2\/users\/1"}],"replies":[{"embeddable":true,"href":"https:\/\/www.blagnacartsmartiaux.fr\/site\/wp-json\/wp\/v2\/comments?post=2622"}],"version-history":[{"count":2,"href":"https:\/\/www.blagnacartsmartiaux.fr\/site\/wp-json\/wp\/v2\/posts\/2622\/revisions"}],"predecessor-version":[{"id":2626,"href":"https:\/\/www.blagnacartsmartiaux.fr\/site\/wp-json\/wp\/v2\/posts\/2622\/revisions\/2626"}],"wp:featuredmedia":[{"embeddable":true,"href":"https:\/\/www.blagnacartsmartiaux.fr\/site\/wp-json\/wp\/v2\/media\/2624"}],"wp:attachment":[{"href":"https:\/\/www.blagnacartsmartiaux.fr\/site\/wp-json\/wp\/v2\/media?parent=2622"}],"wp:term":[{"taxonomy":"category","embeddable":true,"href":"https:\/\/www.blagnacartsmartiaux.fr\/site\/wp-json\/wp\/v2\/categories?post=2622"},{"taxonomy":"post_tag","embeddable":true,"href":"https:\/\/www.blagnacartsmartiaux.fr\/site\/wp-json\/wp\/v2\/tags?post=2622"}],"curies":[{"name":"wp","href":"https:\/\/api.w.org\/{rel}","templated":true}]}}