{"id":2631,"date":"2019-02-11T23:05:22","date_gmt":"2019-02-11T22:05:22","guid":{"rendered":"http:\/\/www.blagnacartsmartiaux.fr\/site\/?p=2631"},"modified":"2019-02-11T23:05:22","modified_gmt":"2019-02-11T22:05:22","slug":"judo-competition-amicale-coupe-puig-a-blagnac","status":"publish","type":"post","link":"https:\/\/www.blagnacartsmartiaux.fr\/site\/2019\/02\/11\/judo-competition-amicale-coupe-puig-a-blagnac\/","title":{"rendered":"Judo Comp\u00e9tition Amicale Coupe PUIG \u00e0 Blagnac"},"content":{"rendered":"<p>Une quarantaine de judokas du BAM ont particip\u00e9 \u00e0 <strong>la coupe PUIG<\/strong> dimanche 10 f\u00e9vrier \u00e0 Blagnac.<\/p>\n<p>Le club \u00e9tait repr\u00e9sent\u00e9 dans quasiment toutes les cat\u00e9gories de baby \u00e0 benjamins.<\/p>\n<p>Certains ont pu d\u00e9couvrir l\u2019opposition avec des enfants de diff\u00e9rents clubs et les habitu\u00e9s ont continu\u00e9 leur apprentissage.<\/p>\n<p>D\u2019ailleurs, nos jeunes souvent pr\u00e9sents en comp\u00e9tition, progressent et encha\u00eenent les bons r\u00e9sultats, avec toujours, une bonne attitude.<\/p>\n<p>Le BAM finit 3<sup>e<\/sup> au classement g\u00e9n\u00e9ral sur une vingtaine de clubs participants\u00a0!<\/p>\n<p>A noter \u00e9galement, une \u00e9quipe de parents sur le bord des tapis pour supporter et encadrer les enfants avec Olivier notre coach sur la journ\u00e9e.<\/p>\n<p>Merci \u00e0 Jordan pour le coup de main l\u2019apr\u00e8s-midi et bravo au BSC pour l\u2019invitation et l\u2019organisation de cette rencontre amicale.<\/p>\n<p>&nbsp;<\/p>\n<p><img fetchpriority=\"high\" decoding=\"async\" class=\"alignnone size-full wp-image-2633\" src=\"https:\/\/www.blagnacartsmartiaux.fr\/site\/wp-content\/uploads\/2019\/02\/20190210_153758.jpg\" alt=\"\" width=\"5312\" height=\"2988\" srcset=\"https:\/\/www.blagnacartsmartiaux.fr\/site\/wp-content\/uploads\/2019\/02\/20190210_153758.jpg 5312w, https:\/\/www.blagnacartsmartiaux.fr\/site\/wp-content\/uploads\/2019\/02\/20190210_153758-300x169.jpg 300w, https:\/\/www.blagnacartsmartiaux.fr\/site\/wp-content\/uploads\/2019\/02\/20190210_153758-768x432.jpg 768w, https:\/\/www.blagnacartsmartiaux.fr\/site\/wp-content\/uploads\/2019\/02\/20190210_153758-1024x576.jpg 1024w\" sizes=\"(max-width: 5312px) 100vw, 5312px\" \/><\/p>\n<p>&nbsp;<\/p>\n<p><img decoding=\"async\" class=\"alignnone size-full wp-image-2632\" src=\"https:\/\/www.blagnacartsmartiaux.fr\/site\/wp-content\/uploads\/2019\/02\/20190210_125357.jpg\" alt=\"\" width=\"5312\" height=\"2988\" srcset=\"https:\/\/www.blagnacartsmartiaux.fr\/site\/wp-content\/uploads\/2019\/02\/20190210_125357.jpg 5312w, https:\/\/www.blagnacartsmartiaux.fr\/site\/wp-content\/uploads\/2019\/02\/20190210_125357-300x169.jpg 300w, https:\/\/www.blagnacartsmartiaux.fr\/site\/wp-content\/uploads\/2019\/02\/20190210_125357-768x432.jpg 768w, https:\/\/www.blagnacartsmartiaux.fr\/site\/wp-content\/uploads\/2019\/02\/20190210_125357-1024x576.jpg 1024w\" sizes=\"(max-width: 5312px) 100vw, 5312px\" \/><\/p>\n<p><img decoding=\"async\" class=\"alignnone size-full wp-image-2637\" src=\"https:\/\/www.blagnacartsmartiaux.fr\/site\/wp-content\/uploads\/2019\/02\/20190211_230232.jpg\" alt=\"\" width=\"2660\" height=\"3212\" srcset=\"https:\/\/www.blagnacartsmartiaux.fr\/site\/wp-content\/uploads\/2019\/02\/20190211_230232.jpg 2660w, https:\/\/www.blagnacartsmartiaux.fr\/site\/wp-content\/uploads\/2019\/02\/20190211_230232-248x300.jpg 248w, https:\/\/www.blagnacartsmartiaux.fr\/site\/wp-content\/uploads\/2019\/02\/20190211_230232-768x927.jpg 768w, https:\/\/www.blagnacartsmartiaux.fr\/site\/wp-content\/uploads\/2019\/02\/20190211_230232-848x1024.jpg 848w\" sizes=\"(max-width: 2660px) 100vw, 2660px\" \/><\/p>\n","protected":false},"excerpt":{"rendered":"<p>Une quarantaine de judokas du BAM ont particip\u00e9 \u00e0 la coupe PUIG dimanche 10 f\u00e9vrier \u00e0 Blagnac. Le club \u00e9tait repr\u00e9sent\u00e9 dans quasiment toutes les cat\u00e9gories de baby \u00e0 benjamins. Certains ont pu d\u00e9couvrir l\u2019opposition avec des enfants de diff\u00e9rents clubs et les habitu\u00e9s ont continu\u00e9 leur apprentissage. D\u2019ailleurs, nos jeunes souvent pr\u00e9sents en comp\u00e9tition, [&hellip;]<\/p>\n","protected":false},"author":1,"featured_media":2634,"comment_status":"closed","ping_status":"open","sticky":false,"template":"","format":"standard","meta":{"site-sidebar-layout":"default","site-content-layout":"","ast-site-content-layout":"default","site-content-style":"default","site-sidebar-style":"default","ast-global-header-display":"","ast-banner-title-visibility":"","ast-main-header-display":"","ast-hfb-above-header-display":"","ast-hfb-below-header-display":"","ast-hfb-mobile-header-display":"","site-post-title":"","ast-breadcrumbs-content":"","ast-featured-img":"","footer-sml-layout":"","ast-disable-related-posts":"","theme-transparent-header-meta":"","adv-header-id-meta":"","stick-header-meta":"","header-above-stick-meta":"","header-main-stick-meta":"","header-below-stick-meta":"","astra-migrate-meta-layouts":"default","ast-page-background-enabled":"default","ast-page-background-meta":{"desktop":{"background-color":"","background-image":"","background-repeat":"repeat","background-position":"center center","background-size":"auto","background-attachment":"scroll","background-type":"","background-media":"","overlay-type":"","overlay-color":"","overlay-opacity":"","overlay-gradient":""},"tablet":{"background-color":"","background-image":"","background-repeat":"repeat","background-position":"center center","background-size":"auto","background-attachment":"scroll","background-type":"","background-media":"","overlay-type":"","overlay-color":"","overlay-opacity":"","overlay-gradient":""},"mobile":{"background-color":"","background-image":"","background-repeat":"repeat","background-position":"center center","background-size":"auto","background-attachment":"scroll","background-type":"","background-media":"","overlay-type":"","overlay-color":"","overlay-opacity":"","overlay-gradient":""}},"ast-content-background-meta":{"desktop":{"background-color":"var(--ast-global-color-5)","background-image":"","background-repeat":"repeat","background-position":"center center","background-size":"auto","background-attachment":"scroll","background-type":"","background-media":"","overlay-type":"","overlay-color":"","overlay-opacity":"","overlay-gradient":""},"tablet":{"background-color":"var(--ast-global-color-5)","background-image":"","background-repeat":"repeat","background-position":"center center","background-size":"auto","background-attachment":"scroll","background-type":"","background-media":"","overlay-type":"","overlay-color":"","overlay-opacity":"","overlay-gradient":""},"mobile":{"background-color":"var(--ast-global-color-5)","background-image":"","background-repeat":"repeat","background-position":"center center","background-size":"auto","background-attachment":"scroll","background-type":"","background-media":"","overlay-type":"","overlay-color":"","overlay-opacity":"","overlay-gradient":""}},"footnotes":""},"categories":[1],"tags":[],"class_list":["post-2631","post","type-post","status-publish","format-standard","has-post-thumbnail","hentry","category-non-classe"],"yoast_head":"<!-- This site is optimized with the Yoast SEO plugin v27.4 - https:\/\/yoast.com\/product\/yoast-seo-wordpress\/ -->\n<title>Judo Comp\u00e9tition Amicale Coupe PUIG \u00e0 Blagnac - Blagnac Arts Martiaux<\/title>\n<meta name=\"robots\" content=\"index, follow, max-snippet:-1, max-image-preview:large, max-video-preview:-1\" \/>\n<link rel=\"canonical\" href=\"https:\/\/www.blagnacartsmartiaux.fr\/site\/2019\/02\/11\/judo-competition-amicale-coupe-puig-a-blagnac\/\" \/>\n<meta property=\"og:locale\" content=\"fr_FR\" \/>\n<meta property=\"og:type\" content=\"article\" \/>\n<meta property=\"og:title\" content=\"Judo Comp\u00e9tition Amicale Coupe PUIG \u00e0 Blagnac - Blagnac Arts Martiaux\" \/>\n<meta property=\"og:description\" content=\"Une quarantaine de judokas du BAM ont particip\u00e9 \u00e0 la coupe PUIG dimanche 10 f\u00e9vrier \u00e0 Blagnac. Le club \u00e9tait repr\u00e9sent\u00e9 dans quasiment toutes les cat\u00e9gories de baby \u00e0 benjamins. Certains ont pu d\u00e9couvrir l\u2019opposition avec des enfants de diff\u00e9rents clubs et les habitu\u00e9s ont continu\u00e9 leur apprentissage. D\u2019ailleurs, nos jeunes souvent pr\u00e9sents en comp\u00e9tition, [&hellip;]\" \/>\n<meta property=\"og:url\" content=\"https:\/\/www.blagnacartsmartiaux.fr\/site\/2019\/02\/11\/judo-competition-amicale-coupe-puig-a-blagnac\/\" \/>\n<meta property=\"og:site_name\" content=\"Blagnac Arts Martiaux\" \/>\n<meta property=\"article:publisher\" content=\"https:\/\/www.facebook.com\/BlagnacArtsMartiaux\" \/>\n<meta property=\"article:published_time\" content=\"2019-02-11T22:05:22+00:00\" \/>\n<meta property=\"og:image\" content=\"https:\/\/www.blagnacartsmartiaux.fr\/site\/wp-content\/uploads\/2019\/02\/20190210_170402-1024x576.jpg\" \/>\n\t<meta property=\"og:image:width\" content=\"1024\" \/>\n\t<meta property=\"og:image:height\" content=\"576\" \/>\n\t<meta property=\"og:image:type\" content=\"image\/jpeg\" \/>\n<meta name=\"author\" content=\"Blagnac Arts Martiaux\" \/>\n<meta name=\"twitter:card\" content=\"summary_large_image\" \/>\n<meta name=\"twitter:creator\" content=\"@BlagnacArtsM\" \/>\n<meta name=\"twitter:site\" content=\"@BlagnacArtsM\" \/>\n<meta name=\"twitter:label1\" content=\"\u00c9crit par\" \/>\n\t<meta name=\"twitter:data1\" content=\"Blagnac Arts Martiaux\" \/>\n\t<meta name=\"twitter:label2\" content=\"Dur\u00e9e de lecture estim\u00e9e\" \/>\n\t<meta name=\"twitter:data2\" content=\"1 minute\" \/>\n<script type=\"application\/ld+json\" class=\"yoast-schema-graph\">{\"@context\":\"https:\\\/\\\/schema.org\",\"@graph\":[{\"@type\":\"Article\",\"@id\":\"https:\\\/\\\/www.blagnacartsmartiaux.fr\\\/site\\\/2019\\\/02\\\/11\\\/judo-competition-amicale-coupe-puig-a-blagnac\\\/#article\",\"isPartOf\":{\"@id\":\"https:\\\/\\\/www.blagnacartsmartiaux.fr\\\/site\\\/2019\\\/02\\\/11\\\/judo-competition-amicale-coupe-puig-a-blagnac\\\/\"},\"author\":{\"name\":\"Blagnac Arts Martiaux\",\"@id\":\"https:\\\/\\\/www.blagnacartsmartiaux.fr\\\/site\\\/#\\\/schema\\\/person\\\/b33ea38d44e881172328448384ffc27a\"},\"headline\":\"Judo Comp\u00e9tition Amicale Coupe PUIG \u00e0 Blagnac\",\"datePublished\":\"2019-02-11T22:05:22+00:00\",\"mainEntityOfPage\":{\"@id\":\"https:\\\/\\\/www.blagnacartsmartiaux.fr\\\/site\\\/2019\\\/02\\\/11\\\/judo-competition-amicale-coupe-puig-a-blagnac\\\/\"},\"wordCount\":148,\"publisher\":{\"@id\":\"https:\\\/\\\/www.blagnacartsmartiaux.fr\\\/site\\\/#organization\"},\"image\":{\"@id\":\"https:\\\/\\\/www.blagnacartsmartiaux.fr\\\/site\\\/2019\\\/02\\\/11\\\/judo-competition-amicale-coupe-puig-a-blagnac\\\/#primaryimage\"},\"thumbnailUrl\":\"https:\\\/\\\/www.blagnacartsmartiaux.fr\\\/site\\\/wp-content\\\/uploads\\\/2019\\\/02\\\/20190210_170402.jpg\",\"inLanguage\":\"fr-FR\"},{\"@type\":\"WebPage\",\"@id\":\"https:\\\/\\\/www.blagnacartsmartiaux.fr\\\/site\\\/2019\\\/02\\\/11\\\/judo-competition-amicale-coupe-puig-a-blagnac\\\/\",\"url\":\"https:\\\/\\\/www.blagnacartsmartiaux.fr\\\/site\\\/2019\\\/02\\\/11\\\/judo-competition-amicale-coupe-puig-a-blagnac\\\/\",\"name\":\"Judo Comp\u00e9tition Amicale Coupe PUIG \u00e0 Blagnac - Blagnac Arts Martiaux\",\"isPartOf\":{\"@id\":\"https:\\\/\\\/www.blagnacartsmartiaux.fr\\\/site\\\/#website\"},\"primaryImageOfPage\":{\"@id\":\"https:\\\/\\\/www.blagnacartsmartiaux.fr\\\/site\\\/2019\\\/02\\\/11\\\/judo-competition-amicale-coupe-puig-a-blagnac\\\/#primaryimage\"},\"image\":{\"@id\":\"https:\\\/\\\/www.blagnacartsmartiaux.fr\\\/site\\\/2019\\\/02\\\/11\\\/judo-competition-amicale-coupe-puig-a-blagnac\\\/#primaryimage\"},\"thumbnailUrl\":\"https:\\\/\\\/www.blagnacartsmartiaux.fr\\\/site\\\/wp-content\\\/uploads\\\/2019\\\/02\\\/20190210_170402.jpg\",\"datePublished\":\"2019-02-11T22:05:22+00:00\",\"breadcrumb\":{\"@id\":\"https:\\\/\\\/www.blagnacartsmartiaux.fr\\\/site\\\/2019\\\/02\\\/11\\\/judo-competition-amicale-coupe-puig-a-blagnac\\\/#breadcrumb\"},\"inLanguage\":\"fr-FR\",\"potentialAction\":[{\"@type\":\"ReadAction\",\"target\":[\"https:\\\/\\\/www.blagnacartsmartiaux.fr\\\/site\\\/2019\\\/02\\\/11\\\/judo-competition-amicale-coupe-puig-a-blagnac\\\/\"]}]},{\"@type\":\"ImageObject\",\"inLanguage\":\"fr-FR\",\"@id\":\"https:\\\/\\\/www.blagnacartsmartiaux.fr\\\/site\\\/2019\\\/02\\\/11\\\/judo-competition-amicale-coupe-puig-a-blagnac\\\/#primaryimage\",\"url\":\"https:\\\/\\\/www.blagnacartsmartiaux.fr\\\/site\\\/wp-content\\\/uploads\\\/2019\\\/02\\\/20190210_170402.jpg\",\"contentUrl\":\"https:\\\/\\\/www.blagnacartsmartiaux.fr\\\/site\\\/wp-content\\\/uploads\\\/2019\\\/02\\\/20190210_170402.jpg\",\"width\":5312,\"height\":2988},{\"@type\":\"BreadcrumbList\",\"@id\":\"https:\\\/\\\/www.blagnacartsmartiaux.fr\\\/site\\\/2019\\\/02\\\/11\\\/judo-competition-amicale-coupe-puig-a-blagnac\\\/#breadcrumb\",\"itemListElement\":[{\"@type\":\"ListItem\",\"position\":1,\"name\":\"Accueil\",\"item\":\"https:\\\/\\\/www.blagnacartsmartiaux.fr\\\/site\\\/\"},{\"@type\":\"ListItem\",\"position\":2,\"name\":\"Judo Comp\u00e9tition Amicale Coupe PUIG \u00e0 Blagnac\"}]},{\"@type\":\"WebSite\",\"@id\":\"https:\\\/\\\/www.blagnacartsmartiaux.fr\\\/site\\\/#website\",\"url\":\"https:\\\/\\\/www.blagnacartsmartiaux.fr\\\/site\\\/\",\"name\":\"Blagnac Arts Martiaux\",\"description\":\"Le club de Judo, Karat\u00e9, Jujitsu, Arnis Kali et Self D\u00e9fense sur Blagnac\",\"publisher\":{\"@id\":\"https:\\\/\\\/www.blagnacartsmartiaux.fr\\\/site\\\/#organization\"},\"potentialAction\":[{\"@type\":\"SearchAction\",\"target\":{\"@type\":\"EntryPoint\",\"urlTemplate\":\"https:\\\/\\\/www.blagnacartsmartiaux.fr\\\/site\\\/?s={search_term_string}\"},\"query-input\":{\"@type\":\"PropertyValueSpecification\",\"valueRequired\":true,\"valueName\":\"search_term_string\"}}],\"inLanguage\":\"fr-FR\"},{\"@type\":\"Organization\",\"@id\":\"https:\\\/\\\/www.blagnacartsmartiaux.fr\\\/site\\\/#organization\",\"name\":\"Blagnac Arts Martiaux\",\"url\":\"https:\\\/\\\/www.blagnacartsmartiaux.fr\\\/site\\\/\",\"logo\":{\"@type\":\"ImageObject\",\"inLanguage\":\"fr-FR\",\"@id\":\"https:\\\/\\\/www.blagnacartsmartiaux.fr\\\/site\\\/#\\\/schema\\\/logo\\\/image\\\/\",\"url\":\"https:\\\/\\\/www.blagnacartsmartiaux.fr\\\/site\\\/wp-content\\\/uploads\\\/2020\\\/05\\\/cropped-bam-wide.png\",\"contentUrl\":\"https:\\\/\\\/www.blagnacartsmartiaux.fr\\\/site\\\/wp-content\\\/uploads\\\/2020\\\/05\\\/cropped-bam-wide.png\",\"width\":180,\"height\":60,\"caption\":\"Blagnac Arts Martiaux\"},\"image\":{\"@id\":\"https:\\\/\\\/www.blagnacartsmartiaux.fr\\\/site\\\/#\\\/schema\\\/logo\\\/image\\\/\"},\"sameAs\":[\"https:\\\/\\\/www.facebook.com\\\/BlagnacArtsMartiaux\",\"https:\\\/\\\/x.com\\\/BlagnacArtsM\"]},{\"@type\":\"Person\",\"@id\":\"https:\\\/\\\/www.blagnacartsmartiaux.fr\\\/site\\\/#\\\/schema\\\/person\\\/b33ea38d44e881172328448384ffc27a\",\"name\":\"Blagnac Arts Martiaux\",\"image\":{\"@type\":\"ImageObject\",\"inLanguage\":\"fr-FR\",\"@id\":\"https:\\\/\\\/secure.gravatar.com\\\/avatar\\\/042cecfc77c8e7783bd80715818a6e2576590f15b8c8a556fda71b640b99958f?s=96&d=mm&r=g\",\"url\":\"https:\\\/\\\/secure.gravatar.com\\\/avatar\\\/042cecfc77c8e7783bd80715818a6e2576590f15b8c8a556fda71b640b99958f?s=96&d=mm&r=g\",\"contentUrl\":\"https:\\\/\\\/secure.gravatar.com\\\/avatar\\\/042cecfc77c8e7783bd80715818a6e2576590f15b8c8a556fda71b640b99958f?s=96&d=mm&r=g\",\"caption\":\"Blagnac Arts Martiaux\"},\"url\":\"https:\\\/\\\/www.blagnacartsmartiaux.fr\\\/site\\\/author\\\/administrator\\\/\"}]}<\/script>\n<!-- \/ Yoast SEO plugin. -->","yoast_head_json":{"title":"Judo Comp\u00e9tition Amicale Coupe PUIG \u00e0 Blagnac - Blagnac Arts Martiaux","robots":{"index":"index","follow":"follow","max-snippet":"max-snippet:-1","max-image-preview":"max-image-preview:large","max-video-preview":"max-video-preview:-1"},"canonical":"https:\/\/www.blagnacartsmartiaux.fr\/site\/2019\/02\/11\/judo-competition-amicale-coupe-puig-a-blagnac\/","og_locale":"fr_FR","og_type":"article","og_title":"Judo Comp\u00e9tition Amicale Coupe PUIG \u00e0 Blagnac - Blagnac Arts Martiaux","og_description":"Une quarantaine de judokas du BAM ont particip\u00e9 \u00e0 la coupe PUIG dimanche 10 f\u00e9vrier \u00e0 Blagnac. Le club \u00e9tait repr\u00e9sent\u00e9 dans quasiment toutes les cat\u00e9gories de baby \u00e0 benjamins. Certains ont pu d\u00e9couvrir l\u2019opposition avec des enfants de diff\u00e9rents clubs et les habitu\u00e9s ont continu\u00e9 leur apprentissage. D\u2019ailleurs, nos jeunes souvent pr\u00e9sents en comp\u00e9tition, [&hellip;]","og_url":"https:\/\/www.blagnacartsmartiaux.fr\/site\/2019\/02\/11\/judo-competition-amicale-coupe-puig-a-blagnac\/","og_site_name":"Blagnac Arts Martiaux","article_publisher":"https:\/\/www.facebook.com\/BlagnacArtsMartiaux","article_published_time":"2019-02-11T22:05:22+00:00","og_image":[{"width":1024,"height":576,"url":"https:\/\/www.blagnacartsmartiaux.fr\/site\/wp-content\/uploads\/2019\/02\/20190210_170402-1024x576.jpg","type":"image\/jpeg"}],"author":"Blagnac Arts Martiaux","twitter_card":"summary_large_image","twitter_creator":"@BlagnacArtsM","twitter_site":"@BlagnacArtsM","twitter_misc":{"\u00c9crit par":"Blagnac Arts Martiaux","Dur\u00e9e de lecture estim\u00e9e":"1 minute"},"schema":{"@context":"https:\/\/schema.org","@graph":[{"@type":"Article","@id":"https:\/\/www.blagnacartsmartiaux.fr\/site\/2019\/02\/11\/judo-competition-amicale-coupe-puig-a-blagnac\/#article","isPartOf":{"@id":"https:\/\/www.blagnacartsmartiaux.fr\/site\/2019\/02\/11\/judo-competition-amicale-coupe-puig-a-blagnac\/"},"author":{"name":"Blagnac Arts Martiaux","@id":"https:\/\/www.blagnacartsmartiaux.fr\/site\/#\/schema\/person\/b33ea38d44e881172328448384ffc27a"},"headline":"Judo Comp\u00e9tition Amicale Coupe PUIG \u00e0 Blagnac","datePublished":"2019-02-11T22:05:22+00:00","mainEntityOfPage":{"@id":"https:\/\/www.blagnacartsmartiaux.fr\/site\/2019\/02\/11\/judo-competition-amicale-coupe-puig-a-blagnac\/"},"wordCount":148,"publisher":{"@id":"https:\/\/www.blagnacartsmartiaux.fr\/site\/#organization"},"image":{"@id":"https:\/\/www.blagnacartsmartiaux.fr\/site\/2019\/02\/11\/judo-competition-amicale-coupe-puig-a-blagnac\/#primaryimage"},"thumbnailUrl":"https:\/\/www.blagnacartsmartiaux.fr\/site\/wp-content\/uploads\/2019\/02\/20190210_170402.jpg","inLanguage":"fr-FR"},{"@type":"WebPage","@id":"https:\/\/www.blagnacartsmartiaux.fr\/site\/2019\/02\/11\/judo-competition-amicale-coupe-puig-a-blagnac\/","url":"https:\/\/www.blagnacartsmartiaux.fr\/site\/2019\/02\/11\/judo-competition-amicale-coupe-puig-a-blagnac\/","name":"Judo Comp\u00e9tition Amicale Coupe PUIG \u00e0 Blagnac - Blagnac Arts Martiaux","isPartOf":{"@id":"https:\/\/www.blagnacartsmartiaux.fr\/site\/#website"},"primaryImageOfPage":{"@id":"https:\/\/www.blagnacartsmartiaux.fr\/site\/2019\/02\/11\/judo-competition-amicale-coupe-puig-a-blagnac\/#primaryimage"},"image":{"@id":"https:\/\/www.blagnacartsmartiaux.fr\/site\/2019\/02\/11\/judo-competition-amicale-coupe-puig-a-blagnac\/#primaryimage"},"thumbnailUrl":"https:\/\/www.blagnacartsmartiaux.fr\/site\/wp-content\/uploads\/2019\/02\/20190210_170402.jpg","datePublished":"2019-02-11T22:05:22+00:00","breadcrumb":{"@id":"https:\/\/www.blagnacartsmartiaux.fr\/site\/2019\/02\/11\/judo-competition-amicale-coupe-puig-a-blagnac\/#breadcrumb"},"inLanguage":"fr-FR","potentialAction":[{"@type":"ReadAction","target":["https:\/\/www.blagnacartsmartiaux.fr\/site\/2019\/02\/11\/judo-competition-amicale-coupe-puig-a-blagnac\/"]}]},{"@type":"ImageObject","inLanguage":"fr-FR","@id":"https:\/\/www.blagnacartsmartiaux.fr\/site\/2019\/02\/11\/judo-competition-amicale-coupe-puig-a-blagnac\/#primaryimage","url":"https:\/\/www.blagnacartsmartiaux.fr\/site\/wp-content\/uploads\/2019\/02\/20190210_170402.jpg","contentUrl":"https:\/\/www.blagnacartsmartiaux.fr\/site\/wp-content\/uploads\/2019\/02\/20190210_170402.jpg","width":5312,"height":2988},{"@type":"BreadcrumbList","@id":"https:\/\/www.blagnacartsmartiaux.fr\/site\/2019\/02\/11\/judo-competition-amicale-coupe-puig-a-blagnac\/#breadcrumb","itemListElement":[{"@type":"ListItem","position":1,"name":"Accueil","item":"https:\/\/www.blagnacartsmartiaux.fr\/site\/"},{"@type":"ListItem","position":2,"name":"Judo Comp\u00e9tition Amicale Coupe PUIG \u00e0 Blagnac"}]},{"@type":"WebSite","@id":"https:\/\/www.blagnacartsmartiaux.fr\/site\/#website","url":"https:\/\/www.blagnacartsmartiaux.fr\/site\/","name":"Blagnac Arts Martiaux","description":"Le club de Judo, Karat\u00e9, Jujitsu, Arnis Kali et Self D\u00e9fense sur Blagnac","publisher":{"@id":"https:\/\/www.blagnacartsmartiaux.fr\/site\/#organization"},"potentialAction":[{"@type":"SearchAction","target":{"@type":"EntryPoint","urlTemplate":"https:\/\/www.blagnacartsmartiaux.fr\/site\/?s={search_term_string}"},"query-input":{"@type":"PropertyValueSpecification","valueRequired":true,"valueName":"search_term_string"}}],"inLanguage":"fr-FR"},{"@type":"Organization","@id":"https:\/\/www.blagnacartsmartiaux.fr\/site\/#organization","name":"Blagnac Arts Martiaux","url":"https:\/\/www.blagnacartsmartiaux.fr\/site\/","logo":{"@type":"ImageObject","inLanguage":"fr-FR","@id":"https:\/\/www.blagnacartsmartiaux.fr\/site\/#\/schema\/logo\/image\/","url":"https:\/\/www.blagnacartsmartiaux.fr\/site\/wp-content\/uploads\/2020\/05\/cropped-bam-wide.png","contentUrl":"https:\/\/www.blagnacartsmartiaux.fr\/site\/wp-content\/uploads\/2020\/05\/cropped-bam-wide.png","width":180,"height":60,"caption":"Blagnac Arts Martiaux"},"image":{"@id":"https:\/\/www.blagnacartsmartiaux.fr\/site\/#\/schema\/logo\/image\/"},"sameAs":["https:\/\/www.facebook.com\/BlagnacArtsMartiaux","https:\/\/x.com\/BlagnacArtsM"]},{"@type":"Person","@id":"https:\/\/www.blagnacartsmartiaux.fr\/site\/#\/schema\/person\/b33ea38d44e881172328448384ffc27a","name":"Blagnac Arts Martiaux","image":{"@type":"ImageObject","inLanguage":"fr-FR","@id":"https:\/\/secure.gravatar.com\/avatar\/042cecfc77c8e7783bd80715818a6e2576590f15b8c8a556fda71b640b99958f?s=96&d=mm&r=g","url":"https:\/\/secure.gravatar.com\/avatar\/042cecfc77c8e7783bd80715818a6e2576590f15b8c8a556fda71b640b99958f?s=96&d=mm&r=g","contentUrl":"https:\/\/secure.gravatar.com\/avatar\/042cecfc77c8e7783bd80715818a6e2576590f15b8c8a556fda71b640b99958f?s=96&d=mm&r=g","caption":"Blagnac Arts Martiaux"},"url":"https:\/\/www.blagnacartsmartiaux.fr\/site\/author\/administrator\/"}]}},"_links":{"self":[{"href":"https:\/\/www.blagnacartsmartiaux.fr\/site\/wp-json\/wp\/v2\/posts\/2631","targetHints":{"allow":["GET"]}}],"collection":[{"href":"https:\/\/www.blagnacartsmartiaux.fr\/site\/wp-json\/wp\/v2\/posts"}],"about":[{"href":"https:\/\/www.blagnacartsmartiaux.fr\/site\/wp-json\/wp\/v2\/types\/post"}],"author":[{"embeddable":true,"href":"https:\/\/www.blagnacartsmartiaux.fr\/site\/wp-json\/wp\/v2\/users\/1"}],"replies":[{"embeddable":true,"href":"https:\/\/www.blagnacartsmartiaux.fr\/site\/wp-json\/wp\/v2\/comments?post=2631"}],"version-history":[{"count":3,"href":"https:\/\/www.blagnacartsmartiaux.fr\/site\/wp-json\/wp\/v2\/posts\/2631\/revisions"}],"predecessor-version":[{"id":2645,"href":"https:\/\/www.blagnacartsmartiaux.fr\/site\/wp-json\/wp\/v2\/posts\/2631\/revisions\/2645"}],"wp:featuredmedia":[{"embeddable":true,"href":"https:\/\/www.blagnacartsmartiaux.fr\/site\/wp-json\/wp\/v2\/media\/2634"}],"wp:attachment":[{"href":"https:\/\/www.blagnacartsmartiaux.fr\/site\/wp-json\/wp\/v2\/media?parent=2631"}],"wp:term":[{"taxonomy":"category","embeddable":true,"href":"https:\/\/www.blagnacartsmartiaux.fr\/site\/wp-json\/wp\/v2\/categories?post=2631"},{"taxonomy":"post_tag","embeddable":true,"href":"https:\/\/www.blagnacartsmartiaux.fr\/site\/wp-json\/wp\/v2\/tags?post=2631"}],"curies":[{"name":"wp","href":"https:\/\/api.w.org\/{rel}","templated":true}]}}