{"id":2670,"date":"2019-05-21T09:37:23","date_gmt":"2019-05-21T07:37:23","guid":{"rendered":"http:\/\/www.blagnacartsmartiaux.fr\/site\/?p=2670"},"modified":"2019-06-10T14:12:27","modified_gmt":"2019-06-10T12:12:27","slug":"karate-celine-benzoni-arbitre-national-kumite-a","status":"publish","type":"post","link":"https:\/\/www.blagnacartsmartiaux.fr\/site\/2019\/05\/21\/karate-celine-benzoni-arbitre-national-kumite-a\/","title":{"rendered":"Karate : C\u00e9line Benzoni &#8211; Arbitre National Kumite A"},"content":{"rendered":"\n<p>Adh\u00e9rente du Blagnac Arts Martiaux, <strong>C\u00e9line BENZONI<\/strong>, 3\u00e8me dan de karat\u00e9 et d\u00e9j\u00e0 d\u00e9tentrice du titre d&rsquo;arbitre national kata A vient d&rsquo;\u00eatre promu ce dimanche dernier <strong>Arbitre National Kumite A<\/strong>. Elle vient d&rsquo;atteindre la plus haute marche dans le monde de l&rsquo;arbitre combat en France. <\/p>\n\n\n\n<p>Une juste reconnaissance pour son travail assidu tant en comp\u00e9tition que sur le tatami. <\/p>\n\n\n\n<p>Sa prochaine \u00e9tape, le 4\u00e8me dan de Karat\u00e9 qu&rsquo;elle pr\u00e9pare avec son sensei : <strong>Lionel Froidure<\/strong>. <\/p>\n\n\n\n<p>Merci de repr\u00e9senter si dignement les couleurs du dojo. Toutes nos f\u00e9licitations et belle continuation sur les tatamis. <\/p>\n\n\n\n<p><strong>Le bureau du BAM<\/strong><\/p>\n\n\n\n<p style=\"color:#ffffff\" class=\"has-text-color has-background has-cyan-bluish-gray-background-color\"><em>La section de karat\u00e9, c&rsquo;est 100 adh\u00e9rents de 6 \u00e0 70 ans. Cours le midi et le soir. <\/em><a href=\"https:\/\/www.blagnacartsmartiaux.fr\/site\/karate-blagnac\/\"><em>Clique ici pour plus d&rsquo;informations<\/em><\/a><em>. <\/em><\/p>\n","protected":false},"excerpt":{"rendered":"<p>Adh\u00e9rente du Blagnac Arts Martiaux, C\u00e9line BENZONI, 3\u00e8me dan de karat\u00e9 et d\u00e9j\u00e0 d\u00e9tentrice du titre d&rsquo;arbitre national kata A vient d&rsquo;\u00eatre promu ce dimanche dernier Arbitre National Kumite A. Elle vient d&rsquo;atteindre la plus haute marche dans le monde de l&rsquo;arbitre combat en France. Une juste reconnaissance pour son travail assidu tant en comp\u00e9tition [&hellip;]<\/p>\n","protected":false},"author":1,"featured_media":2671,"comment_status":"open","ping_status":"open","sticky":false,"template":"","format":"standard","meta":{"site-sidebar-layout":"default","site-content-layout":"","ast-site-content-layout":"default","site-content-style":"default","site-sidebar-style":"default","ast-global-header-display":"","ast-banner-title-visibility":"","ast-main-header-display":"","ast-hfb-above-header-display":"","ast-hfb-below-header-display":"","ast-hfb-mobile-header-display":"","site-post-title":"","ast-breadcrumbs-content":"","ast-featured-img":"","footer-sml-layout":"","ast-disable-related-posts":"","theme-transparent-header-meta":"","adv-header-id-meta":"","stick-header-meta":"","header-above-stick-meta":"","header-main-stick-meta":"","header-below-stick-meta":"","astra-migrate-meta-layouts":"default","ast-page-background-enabled":"default","ast-page-background-meta":{"desktop":{"background-color":"","background-image":"","background-repeat":"repeat","background-position":"center center","background-size":"auto","background-attachment":"scroll","background-type":"","background-media":"","overlay-type":"","overlay-color":"","overlay-opacity":"","overlay-gradient":""},"tablet":{"background-color":"","background-image":"","background-repeat":"repeat","background-position":"center center","background-size":"auto","background-attachment":"scroll","background-type":"","background-media":"","overlay-type":"","overlay-color":"","overlay-opacity":"","overlay-gradient":""},"mobile":{"background-color":"","background-image":"","background-repeat":"repeat","background-position":"center center","background-size":"auto","background-attachment":"scroll","background-type":"","background-media":"","overlay-type":"","overlay-color":"","overlay-opacity":"","overlay-gradient":""}},"ast-content-background-meta":{"desktop":{"background-color":"var(--ast-global-color-5)","background-image":"","background-repeat":"repeat","background-position":"center center","background-size":"auto","background-attachment":"scroll","background-type":"","background-media":"","overlay-type":"","overlay-color":"","overlay-opacity":"","overlay-gradient":""},"tablet":{"background-color":"var(--ast-global-color-5)","background-image":"","background-repeat":"repeat","background-position":"center center","background-size":"auto","background-attachment":"scroll","background-type":"","background-media":"","overlay-type":"","overlay-color":"","overlay-opacity":"","overlay-gradient":""},"mobile":{"background-color":"var(--ast-global-color-5)","background-image":"","background-repeat":"repeat","background-position":"center center","background-size":"auto","background-attachment":"scroll","background-type":"","background-media":"","overlay-type":"","overlay-color":"","overlay-opacity":"","overlay-gradient":""}},"footnotes":""},"categories":[6],"tags":[],"class_list":["post-2670","post","type-post","status-publish","format-standard","has-post-thumbnail","hentry","category-karate"],"yoast_head":"<!-- This site is optimized with the Yoast SEO plugin v27.4 - https:\/\/yoast.com\/product\/yoast-seo-wordpress\/ -->\n<title>Karate : C\u00e9line Benzoni - Arbitre National Kumite A - Blagnac Arts Martiaux<\/title>\n<meta name=\"description\" content=\"C\u00e9line BENZONI, 3\u00e8me dan de karat\u00e9 et adh\u00e9rente du Blagnac Arts Martiaux est re\u00e7ue au titre de Arbitre National Combat A.\" \/>\n<meta name=\"robots\" content=\"index, follow, max-snippet:-1, max-image-preview:large, max-video-preview:-1\" \/>\n<link rel=\"canonical\" href=\"https:\/\/www.blagnacartsmartiaux.fr\/site\/2019\/05\/21\/karate-celine-benzoni-arbitre-national-kumite-a\/\" \/>\n<meta property=\"og:locale\" content=\"fr_FR\" \/>\n<meta property=\"og:type\" content=\"article\" \/>\n<meta property=\"og:title\" content=\"Karate : C\u00e9line Benzoni - Arbitre National Kumite A - Blagnac Arts Martiaux\" \/>\n<meta property=\"og:description\" content=\"C\u00e9line BENZONI, 3\u00e8me dan de karat\u00e9 et adh\u00e9rente du Blagnac Arts Martiaux est re\u00e7ue au titre de Arbitre National Combat A.\" \/>\n<meta property=\"og:url\" content=\"https:\/\/www.blagnacartsmartiaux.fr\/site\/2019\/05\/21\/karate-celine-benzoni-arbitre-national-kumite-a\/\" \/>\n<meta property=\"og:site_name\" content=\"Blagnac Arts Martiaux\" \/>\n<meta property=\"article:publisher\" content=\"https:\/\/www.facebook.com\/BlagnacArtsMartiaux\" \/>\n<meta property=\"article:published_time\" content=\"2019-05-21T07:37:23+00:00\" \/>\n<meta property=\"article:modified_time\" content=\"2019-06-10T12:12:27+00:00\" \/>\n<meta property=\"og:image\" content=\"https:\/\/www.blagnacartsmartiaux.fr\/site\/wp-content\/uploads\/2019\/05\/celine-benzoni-arbitre-national-A-karate.jpg\" \/>\n\t<meta property=\"og:image:width\" content=\"1200\" \/>\n\t<meta property=\"og:image:height\" content=\"627\" \/>\n\t<meta property=\"og:image:type\" content=\"image\/jpeg\" \/>\n<meta name=\"author\" content=\"Blagnac Arts Martiaux\" \/>\n<meta name=\"twitter:card\" content=\"summary_large_image\" \/>\n<meta name=\"twitter:image\" content=\"https:\/\/www.blagnacartsmartiaux.fr\/site\/wp-content\/uploads\/2019\/05\/celine-benzoni-arbitre-national-A-karate.jpg\" \/>\n<meta name=\"twitter:creator\" content=\"@BlagnacArtsM\" \/>\n<meta name=\"twitter:site\" content=\"@BlagnacArtsM\" \/>\n<meta name=\"twitter:label1\" content=\"\u00c9crit par\" \/>\n\t<meta name=\"twitter:data1\" content=\"Blagnac Arts Martiaux\" \/>\n\t<meta name=\"twitter:label2\" content=\"Dur\u00e9e de lecture estim\u00e9e\" \/>\n\t<meta name=\"twitter:data2\" content=\"1 minute\" \/>\n<script type=\"application\/ld+json\" class=\"yoast-schema-graph\">{\"@context\":\"https:\\\/\\\/schema.org\",\"@graph\":[{\"@type\":\"Article\",\"@id\":\"https:\\\/\\\/www.blagnacartsmartiaux.fr\\\/site\\\/2019\\\/05\\\/21\\\/karate-celine-benzoni-arbitre-national-kumite-a\\\/#article\",\"isPartOf\":{\"@id\":\"https:\\\/\\\/www.blagnacartsmartiaux.fr\\\/site\\\/2019\\\/05\\\/21\\\/karate-celine-benzoni-arbitre-national-kumite-a\\\/\"},\"author\":{\"name\":\"Blagnac Arts Martiaux\",\"@id\":\"https:\\\/\\\/www.blagnacartsmartiaux.fr\\\/site\\\/#\\\/schema\\\/person\\\/b33ea38d44e881172328448384ffc27a\"},\"headline\":\"Karate : C\u00e9line Benzoni &#8211; Arbitre National Kumite A\",\"datePublished\":\"2019-05-21T07:37:23+00:00\",\"dateModified\":\"2019-06-10T12:12:27+00:00\",\"mainEntityOfPage\":{\"@id\":\"https:\\\/\\\/www.blagnacartsmartiaux.fr\\\/site\\\/2019\\\/05\\\/21\\\/karate-celine-benzoni-arbitre-national-kumite-a\\\/\"},\"wordCount\":140,\"commentCount\":1,\"publisher\":{\"@id\":\"https:\\\/\\\/www.blagnacartsmartiaux.fr\\\/site\\\/#organization\"},\"image\":{\"@id\":\"https:\\\/\\\/www.blagnacartsmartiaux.fr\\\/site\\\/2019\\\/05\\\/21\\\/karate-celine-benzoni-arbitre-national-kumite-a\\\/#primaryimage\"},\"thumbnailUrl\":\"https:\\\/\\\/www.blagnacartsmartiaux.fr\\\/site\\\/wp-content\\\/uploads\\\/2019\\\/05\\\/celine-benzoni-arbitre-national-A-karate.jpg\",\"articleSection\":[\"Karate\"],\"inLanguage\":\"fr-FR\",\"potentialAction\":[{\"@type\":\"CommentAction\",\"name\":\"Comment\",\"target\":[\"https:\\\/\\\/www.blagnacartsmartiaux.fr\\\/site\\\/2019\\\/05\\\/21\\\/karate-celine-benzoni-arbitre-national-kumite-a\\\/#respond\"]}]},{\"@type\":\"WebPage\",\"@id\":\"https:\\\/\\\/www.blagnacartsmartiaux.fr\\\/site\\\/2019\\\/05\\\/21\\\/karate-celine-benzoni-arbitre-national-kumite-a\\\/\",\"url\":\"https:\\\/\\\/www.blagnacartsmartiaux.fr\\\/site\\\/2019\\\/05\\\/21\\\/karate-celine-benzoni-arbitre-national-kumite-a\\\/\",\"name\":\"Karate : C\u00e9line Benzoni - Arbitre National Kumite A - Blagnac Arts Martiaux\",\"isPartOf\":{\"@id\":\"https:\\\/\\\/www.blagnacartsmartiaux.fr\\\/site\\\/#website\"},\"primaryImageOfPage\":{\"@id\":\"https:\\\/\\\/www.blagnacartsmartiaux.fr\\\/site\\\/2019\\\/05\\\/21\\\/karate-celine-benzoni-arbitre-national-kumite-a\\\/#primaryimage\"},\"image\":{\"@id\":\"https:\\\/\\\/www.blagnacartsmartiaux.fr\\\/site\\\/2019\\\/05\\\/21\\\/karate-celine-benzoni-arbitre-national-kumite-a\\\/#primaryimage\"},\"thumbnailUrl\":\"https:\\\/\\\/www.blagnacartsmartiaux.fr\\\/site\\\/wp-content\\\/uploads\\\/2019\\\/05\\\/celine-benzoni-arbitre-national-A-karate.jpg\",\"datePublished\":\"2019-05-21T07:37:23+00:00\",\"dateModified\":\"2019-06-10T12:12:27+00:00\",\"description\":\"C\u00e9line BENZONI, 3\u00e8me dan de karat\u00e9 et adh\u00e9rente du Blagnac Arts Martiaux est re\u00e7ue au titre de Arbitre National Combat A.\",\"breadcrumb\":{\"@id\":\"https:\\\/\\\/www.blagnacartsmartiaux.fr\\\/site\\\/2019\\\/05\\\/21\\\/karate-celine-benzoni-arbitre-national-kumite-a\\\/#breadcrumb\"},\"inLanguage\":\"fr-FR\",\"potentialAction\":[{\"@type\":\"ReadAction\",\"target\":[\"https:\\\/\\\/www.blagnacartsmartiaux.fr\\\/site\\\/2019\\\/05\\\/21\\\/karate-celine-benzoni-arbitre-national-kumite-a\\\/\"]}]},{\"@type\":\"ImageObject\",\"inLanguage\":\"fr-FR\",\"@id\":\"https:\\\/\\\/www.blagnacartsmartiaux.fr\\\/site\\\/2019\\\/05\\\/21\\\/karate-celine-benzoni-arbitre-national-kumite-a\\\/#primaryimage\",\"url\":\"https:\\\/\\\/www.blagnacartsmartiaux.fr\\\/site\\\/wp-content\\\/uploads\\\/2019\\\/05\\\/celine-benzoni-arbitre-national-A-karate.jpg\",\"contentUrl\":\"https:\\\/\\\/www.blagnacartsmartiaux.fr\\\/site\\\/wp-content\\\/uploads\\\/2019\\\/05\\\/celine-benzoni-arbitre-national-A-karate.jpg\",\"width\":1200,\"height\":627,\"caption\":\"C\u00e9line Benzoni - Arbitre National Kumite A - Mai 2019\"},{\"@type\":\"BreadcrumbList\",\"@id\":\"https:\\\/\\\/www.blagnacartsmartiaux.fr\\\/site\\\/2019\\\/05\\\/21\\\/karate-celine-benzoni-arbitre-national-kumite-a\\\/#breadcrumb\",\"itemListElement\":[{\"@type\":\"ListItem\",\"position\":1,\"name\":\"Accueil\",\"item\":\"https:\\\/\\\/www.blagnacartsmartiaux.fr\\\/site\\\/\"},{\"@type\":\"ListItem\",\"position\":2,\"name\":\"Karate : C\u00e9line Benzoni &#8211; Arbitre National Kumite A\"}]},{\"@type\":\"WebSite\",\"@id\":\"https:\\\/\\\/www.blagnacartsmartiaux.fr\\\/site\\\/#website\",\"url\":\"https:\\\/\\\/www.blagnacartsmartiaux.fr\\\/site\\\/\",\"name\":\"Blagnac Arts Martiaux\",\"description\":\"Le club de Judo, Karat\u00e9, Jujitsu, Arnis Kali et Self D\u00e9fense sur Blagnac\",\"publisher\":{\"@id\":\"https:\\\/\\\/www.blagnacartsmartiaux.fr\\\/site\\\/#organization\"},\"potentialAction\":[{\"@type\":\"SearchAction\",\"target\":{\"@type\":\"EntryPoint\",\"urlTemplate\":\"https:\\\/\\\/www.blagnacartsmartiaux.fr\\\/site\\\/?s={search_term_string}\"},\"query-input\":{\"@type\":\"PropertyValueSpecification\",\"valueRequired\":true,\"valueName\":\"search_term_string\"}}],\"inLanguage\":\"fr-FR\"},{\"@type\":\"Organization\",\"@id\":\"https:\\\/\\\/www.blagnacartsmartiaux.fr\\\/site\\\/#organization\",\"name\":\"Blagnac Arts Martiaux\",\"url\":\"https:\\\/\\\/www.blagnacartsmartiaux.fr\\\/site\\\/\",\"logo\":{\"@type\":\"ImageObject\",\"inLanguage\":\"fr-FR\",\"@id\":\"https:\\\/\\\/www.blagnacartsmartiaux.fr\\\/site\\\/#\\\/schema\\\/logo\\\/image\\\/\",\"url\":\"https:\\\/\\\/www.blagnacartsmartiaux.fr\\\/site\\\/wp-content\\\/uploads\\\/2020\\\/05\\\/cropped-bam-wide.png\",\"contentUrl\":\"https:\\\/\\\/www.blagnacartsmartiaux.fr\\\/site\\\/wp-content\\\/uploads\\\/2020\\\/05\\\/cropped-bam-wide.png\",\"width\":180,\"height\":60,\"caption\":\"Blagnac Arts Martiaux\"},\"image\":{\"@id\":\"https:\\\/\\\/www.blagnacartsmartiaux.fr\\\/site\\\/#\\\/schema\\\/logo\\\/image\\\/\"},\"sameAs\":[\"https:\\\/\\\/www.facebook.com\\\/BlagnacArtsMartiaux\",\"https:\\\/\\\/x.com\\\/BlagnacArtsM\"]},{\"@type\":\"Person\",\"@id\":\"https:\\\/\\\/www.blagnacartsmartiaux.fr\\\/site\\\/#\\\/schema\\\/person\\\/b33ea38d44e881172328448384ffc27a\",\"name\":\"Blagnac Arts Martiaux\",\"image\":{\"@type\":\"ImageObject\",\"inLanguage\":\"fr-FR\",\"@id\":\"https:\\\/\\\/secure.gravatar.com\\\/avatar\\\/042cecfc77c8e7783bd80715818a6e2576590f15b8c8a556fda71b640b99958f?s=96&d=mm&r=g\",\"url\":\"https:\\\/\\\/secure.gravatar.com\\\/avatar\\\/042cecfc77c8e7783bd80715818a6e2576590f15b8c8a556fda71b640b99958f?s=96&d=mm&r=g\",\"contentUrl\":\"https:\\\/\\\/secure.gravatar.com\\\/avatar\\\/042cecfc77c8e7783bd80715818a6e2576590f15b8c8a556fda71b640b99958f?s=96&d=mm&r=g\",\"caption\":\"Blagnac Arts Martiaux\"},\"url\":\"https:\\\/\\\/www.blagnacartsmartiaux.fr\\\/site\\\/author\\\/administrator\\\/\"}]}<\/script>\n<!-- \/ Yoast SEO plugin. -->","yoast_head_json":{"title":"Karate : C\u00e9line Benzoni - Arbitre National Kumite A - Blagnac Arts Martiaux","description":"C\u00e9line BENZONI, 3\u00e8me dan de karat\u00e9 et adh\u00e9rente du Blagnac Arts Martiaux est re\u00e7ue au titre de Arbitre National Combat A.","robots":{"index":"index","follow":"follow","max-snippet":"max-snippet:-1","max-image-preview":"max-image-preview:large","max-video-preview":"max-video-preview:-1"},"canonical":"https:\/\/www.blagnacartsmartiaux.fr\/site\/2019\/05\/21\/karate-celine-benzoni-arbitre-national-kumite-a\/","og_locale":"fr_FR","og_type":"article","og_title":"Karate : C\u00e9line Benzoni - Arbitre National Kumite A - Blagnac Arts Martiaux","og_description":"C\u00e9line BENZONI, 3\u00e8me dan de karat\u00e9 et adh\u00e9rente du Blagnac Arts Martiaux est re\u00e7ue au titre de Arbitre National Combat A.","og_url":"https:\/\/www.blagnacartsmartiaux.fr\/site\/2019\/05\/21\/karate-celine-benzoni-arbitre-national-kumite-a\/","og_site_name":"Blagnac Arts Martiaux","article_publisher":"https:\/\/www.facebook.com\/BlagnacArtsMartiaux","article_published_time":"2019-05-21T07:37:23+00:00","article_modified_time":"2019-06-10T12:12:27+00:00","og_image":[{"width":1200,"height":627,"url":"https:\/\/www.blagnacartsmartiaux.fr\/site\/wp-content\/uploads\/2019\/05\/celine-benzoni-arbitre-national-A-karate.jpg","type":"image\/jpeg"}],"author":"Blagnac Arts Martiaux","twitter_card":"summary_large_image","twitter_image":"https:\/\/www.blagnacartsmartiaux.fr\/site\/wp-content\/uploads\/2019\/05\/celine-benzoni-arbitre-national-A-karate.jpg","twitter_creator":"@BlagnacArtsM","twitter_site":"@BlagnacArtsM","twitter_misc":{"\u00c9crit par":"Blagnac Arts Martiaux","Dur\u00e9e de lecture estim\u00e9e":"1 minute"},"schema":{"@context":"https:\/\/schema.org","@graph":[{"@type":"Article","@id":"https:\/\/www.blagnacartsmartiaux.fr\/site\/2019\/05\/21\/karate-celine-benzoni-arbitre-national-kumite-a\/#article","isPartOf":{"@id":"https:\/\/www.blagnacartsmartiaux.fr\/site\/2019\/05\/21\/karate-celine-benzoni-arbitre-national-kumite-a\/"},"author":{"name":"Blagnac Arts Martiaux","@id":"https:\/\/www.blagnacartsmartiaux.fr\/site\/#\/schema\/person\/b33ea38d44e881172328448384ffc27a"},"headline":"Karate : C\u00e9line Benzoni &#8211; Arbitre National Kumite A","datePublished":"2019-05-21T07:37:23+00:00","dateModified":"2019-06-10T12:12:27+00:00","mainEntityOfPage":{"@id":"https:\/\/www.blagnacartsmartiaux.fr\/site\/2019\/05\/21\/karate-celine-benzoni-arbitre-national-kumite-a\/"},"wordCount":140,"commentCount":1,"publisher":{"@id":"https:\/\/www.blagnacartsmartiaux.fr\/site\/#organization"},"image":{"@id":"https:\/\/www.blagnacartsmartiaux.fr\/site\/2019\/05\/21\/karate-celine-benzoni-arbitre-national-kumite-a\/#primaryimage"},"thumbnailUrl":"https:\/\/www.blagnacartsmartiaux.fr\/site\/wp-content\/uploads\/2019\/05\/celine-benzoni-arbitre-national-A-karate.jpg","articleSection":["Karate"],"inLanguage":"fr-FR","potentialAction":[{"@type":"CommentAction","name":"Comment","target":["https:\/\/www.blagnacartsmartiaux.fr\/site\/2019\/05\/21\/karate-celine-benzoni-arbitre-national-kumite-a\/#respond"]}]},{"@type":"WebPage","@id":"https:\/\/www.blagnacartsmartiaux.fr\/site\/2019\/05\/21\/karate-celine-benzoni-arbitre-national-kumite-a\/","url":"https:\/\/www.blagnacartsmartiaux.fr\/site\/2019\/05\/21\/karate-celine-benzoni-arbitre-national-kumite-a\/","name":"Karate : C\u00e9line Benzoni - Arbitre National Kumite A - Blagnac Arts Martiaux","isPartOf":{"@id":"https:\/\/www.blagnacartsmartiaux.fr\/site\/#website"},"primaryImageOfPage":{"@id":"https:\/\/www.blagnacartsmartiaux.fr\/site\/2019\/05\/21\/karate-celine-benzoni-arbitre-national-kumite-a\/#primaryimage"},"image":{"@id":"https:\/\/www.blagnacartsmartiaux.fr\/site\/2019\/05\/21\/karate-celine-benzoni-arbitre-national-kumite-a\/#primaryimage"},"thumbnailUrl":"https:\/\/www.blagnacartsmartiaux.fr\/site\/wp-content\/uploads\/2019\/05\/celine-benzoni-arbitre-national-A-karate.jpg","datePublished":"2019-05-21T07:37:23+00:00","dateModified":"2019-06-10T12:12:27+00:00","description":"C\u00e9line BENZONI, 3\u00e8me dan de karat\u00e9 et adh\u00e9rente du Blagnac Arts Martiaux est re\u00e7ue au titre de Arbitre National Combat A.","breadcrumb":{"@id":"https:\/\/www.blagnacartsmartiaux.fr\/site\/2019\/05\/21\/karate-celine-benzoni-arbitre-national-kumite-a\/#breadcrumb"},"inLanguage":"fr-FR","potentialAction":[{"@type":"ReadAction","target":["https:\/\/www.blagnacartsmartiaux.fr\/site\/2019\/05\/21\/karate-celine-benzoni-arbitre-national-kumite-a\/"]}]},{"@type":"ImageObject","inLanguage":"fr-FR","@id":"https:\/\/www.blagnacartsmartiaux.fr\/site\/2019\/05\/21\/karate-celine-benzoni-arbitre-national-kumite-a\/#primaryimage","url":"https:\/\/www.blagnacartsmartiaux.fr\/site\/wp-content\/uploads\/2019\/05\/celine-benzoni-arbitre-national-A-karate.jpg","contentUrl":"https:\/\/www.blagnacartsmartiaux.fr\/site\/wp-content\/uploads\/2019\/05\/celine-benzoni-arbitre-national-A-karate.jpg","width":1200,"height":627,"caption":"C\u00e9line Benzoni - Arbitre National Kumite A - Mai 2019"},{"@type":"BreadcrumbList","@id":"https:\/\/www.blagnacartsmartiaux.fr\/site\/2019\/05\/21\/karate-celine-benzoni-arbitre-national-kumite-a\/#breadcrumb","itemListElement":[{"@type":"ListItem","position":1,"name":"Accueil","item":"https:\/\/www.blagnacartsmartiaux.fr\/site\/"},{"@type":"ListItem","position":2,"name":"Karate : C\u00e9line Benzoni &#8211; Arbitre National Kumite A"}]},{"@type":"WebSite","@id":"https:\/\/www.blagnacartsmartiaux.fr\/site\/#website","url":"https:\/\/www.blagnacartsmartiaux.fr\/site\/","name":"Blagnac Arts Martiaux","description":"Le club de Judo, Karat\u00e9, Jujitsu, Arnis Kali et Self D\u00e9fense sur Blagnac","publisher":{"@id":"https:\/\/www.blagnacartsmartiaux.fr\/site\/#organization"},"potentialAction":[{"@type":"SearchAction","target":{"@type":"EntryPoint","urlTemplate":"https:\/\/www.blagnacartsmartiaux.fr\/site\/?s={search_term_string}"},"query-input":{"@type":"PropertyValueSpecification","valueRequired":true,"valueName":"search_term_string"}}],"inLanguage":"fr-FR"},{"@type":"Organization","@id":"https:\/\/www.blagnacartsmartiaux.fr\/site\/#organization","name":"Blagnac Arts Martiaux","url":"https:\/\/www.blagnacartsmartiaux.fr\/site\/","logo":{"@type":"ImageObject","inLanguage":"fr-FR","@id":"https:\/\/www.blagnacartsmartiaux.fr\/site\/#\/schema\/logo\/image\/","url":"https:\/\/www.blagnacartsmartiaux.fr\/site\/wp-content\/uploads\/2020\/05\/cropped-bam-wide.png","contentUrl":"https:\/\/www.blagnacartsmartiaux.fr\/site\/wp-content\/uploads\/2020\/05\/cropped-bam-wide.png","width":180,"height":60,"caption":"Blagnac Arts Martiaux"},"image":{"@id":"https:\/\/www.blagnacartsmartiaux.fr\/site\/#\/schema\/logo\/image\/"},"sameAs":["https:\/\/www.facebook.com\/BlagnacArtsMartiaux","https:\/\/x.com\/BlagnacArtsM"]},{"@type":"Person","@id":"https:\/\/www.blagnacartsmartiaux.fr\/site\/#\/schema\/person\/b33ea38d44e881172328448384ffc27a","name":"Blagnac Arts Martiaux","image":{"@type":"ImageObject","inLanguage":"fr-FR","@id":"https:\/\/secure.gravatar.com\/avatar\/042cecfc77c8e7783bd80715818a6e2576590f15b8c8a556fda71b640b99958f?s=96&d=mm&r=g","url":"https:\/\/secure.gravatar.com\/avatar\/042cecfc77c8e7783bd80715818a6e2576590f15b8c8a556fda71b640b99958f?s=96&d=mm&r=g","contentUrl":"https:\/\/secure.gravatar.com\/avatar\/042cecfc77c8e7783bd80715818a6e2576590f15b8c8a556fda71b640b99958f?s=96&d=mm&r=g","caption":"Blagnac Arts Martiaux"},"url":"https:\/\/www.blagnacartsmartiaux.fr\/site\/author\/administrator\/"}]}},"_links":{"self":[{"href":"https:\/\/www.blagnacartsmartiaux.fr\/site\/wp-json\/wp\/v2\/posts\/2670","targetHints":{"allow":["GET"]}}],"collection":[{"href":"https:\/\/www.blagnacartsmartiaux.fr\/site\/wp-json\/wp\/v2\/posts"}],"about":[{"href":"https:\/\/www.blagnacartsmartiaux.fr\/site\/wp-json\/wp\/v2\/types\/post"}],"author":[{"embeddable":true,"href":"https:\/\/www.blagnacartsmartiaux.fr\/site\/wp-json\/wp\/v2\/users\/1"}],"replies":[{"embeddable":true,"href":"https:\/\/www.blagnacartsmartiaux.fr\/site\/wp-json\/wp\/v2\/comments?post=2670"}],"version-history":[{"count":4,"href":"https:\/\/www.blagnacartsmartiaux.fr\/site\/wp-json\/wp\/v2\/posts\/2670\/revisions"}],"predecessor-version":[{"id":2676,"href":"https:\/\/www.blagnacartsmartiaux.fr\/site\/wp-json\/wp\/v2\/posts\/2670\/revisions\/2676"}],"wp:featuredmedia":[{"embeddable":true,"href":"https:\/\/www.blagnacartsmartiaux.fr\/site\/wp-json\/wp\/v2\/media\/2671"}],"wp:attachment":[{"href":"https:\/\/www.blagnacartsmartiaux.fr\/site\/wp-json\/wp\/v2\/media?parent=2670"}],"wp:term":[{"taxonomy":"category","embeddable":true,"href":"https:\/\/www.blagnacartsmartiaux.fr\/site\/wp-json\/wp\/v2\/categories?post=2670"},{"taxonomy":"post_tag","embeddable":true,"href":"https:\/\/www.blagnacartsmartiaux.fr\/site\/wp-json\/wp\/v2\/tags?post=2670"}],"curies":[{"name":"wp","href":"https:\/\/api.w.org\/{rel}","templated":true}]}}