{"id":2843,"date":"2019-09-12T17:30:19","date_gmt":"2019-09-12T15:30:19","guid":{"rendered":"http:\/\/www.blagnacartsmartiaux.fr\/site\/?p=2843"},"modified":"2019-09-12T14:27:25","modified_gmt":"2019-09-12T12:27:25","slug":"weekend-de-rentree-du-bam","status":"publish","type":"post","link":"https:\/\/www.blagnacartsmartiaux.fr\/site\/2019\/09\/12\/weekend-de-rentree-du-bam\/","title":{"rendered":"Weekend de rentr\u00e9e du BAM"},"content":{"rendered":"\n<p><\/p>\n\n\n\n<p class=\"has-text-color has-very-dark-gray-color\">Le week-end du 7 et 8 septembre fut riche en\n\u00e9v\u00e9nements pour notre club.<\/p>\n\n\n\n<p>Nous avons commenc\u00e9 d\u00e9s samedi matin par une <strong>animation \u00e0 D\u00e9cathlon<\/strong>.<br>Ce fut une magnifique journ\u00e9e sur un tatami en ext\u00e9rieur o\u00f9 nous avons fait essayer\/d\u00e9couvrir le Judo\/Karat\u00e9\/Jujitsu\/Arnis\/Self d\u00e9fense<br>Merci \u00e0 l&rsquo;\u00e9quipe de D\u00e9cathlon pour leur accueil<\/p>\n\n\n\n<p>Nous avons encha\u00een\u00e9&nbsp;le soir m\u00eame avec le <strong>repas des pr\u00e9sidents d&rsquo;association de Blagnac<\/strong> organis\u00e9 par la mairie<br>A l&rsquo;occasion de cette soir\u00e9e, ou participait&nbsp;notre \u00e9quipe dirigeante, Eric SIERRA, notre ancien secr\u00e9taire, a re\u00e7u le Laurier du b\u00e9n\u00e9volat qui r\u00e9compensent 30 ans de pr\u00e9sence au club dont plus de 10 ans de bons et loyaux services au sein du comit\u00e9 directeur.<br>Un tr\u00e8s grand merci \u00e0 Eric mais ne vous inqui\u00e9tez pas il reste encore pr\u00e9sent pour nous aider!<\/p>\n\n\n\n<p>Et nous avons termin\u00e9 ce weekend marathon par le <strong>forum des associations<\/strong> au parc des Ramiers,&nbsp;plusieurs de nos b\u00e9n\u00e9voles \u00e9taient pr\u00e9sents sur notre stand pour&nbsp; donner des renseignements et d\u2019autres ont permis \u00e0 toutes les personnes int\u00e9ress\u00e9es (des plus jeunes aux moins jeunes)&nbsp; de s\u2019initier \u00e0 nos disciplines sur le tatami install\u00e9 \u00e0 cette occasion.<br>Nos professeurs et leurs \u00e9l\u00e8ves ont \u00e9galement r\u00e9alis\u00e9s des d\u00e9monstrations.<\/p>\n\n\n\n<p>Ce fut un weekend riche en rencontres et bonne humeur !<br>Encore merci \u00e0 nos b\u00e9n\u00e9voles pr\u00e9sents pour le club !<\/p>\n\n\n\n<p class=\"has-background has-luminous-vivid-orange-background-color\">Samedi prochain, on remet \u00e7a !<br>Le club organise une journ\u00e9e portes ouvertes de 10h \u00e0 12h et de 14h \u00e0 17h30<br>Vous pourrez ainsi venir essayer toutes nos activit\u00e9s, pas besoin de certificat m\u00e9dical<br>Tout le monde peut monter sur le tatamis (parent, enfant, amis,&#8230;)<\/p>\n\n\n\n<ul class=\"wp-block-gallery columns-3 is-cropped wp-block-gallery-1 is-layout-flex wp-block-gallery-is-layout-flex\"><li class=\"blocks-gallery-item\"><figure><img fetchpriority=\"high\" decoding=\"async\" width=\"1024\" height=\"768\" src=\"https:\/\/www.blagnacartsmartiaux.fr\/site\/wp-content\/uploads\/2019\/09\/IMG_20190908_165142-1024x768.jpg\" alt=\"\" data-id=\"2854\" data-link=\"https:\/\/www.blagnacartsmartiaux.fr\/site\/?attachment_id=2854#main\" class=\"wp-image-2854\" srcset=\"https:\/\/www.blagnacartsmartiaux.fr\/site\/wp-content\/uploads\/2019\/09\/IMG_20190908_165142-1024x768.jpg 1024w, https:\/\/www.blagnacartsmartiaux.fr\/site\/wp-content\/uploads\/2019\/09\/IMG_20190908_165142-300x225.jpg 300w, https:\/\/www.blagnacartsmartiaux.fr\/site\/wp-content\/uploads\/2019\/09\/IMG_20190908_165142-768x576.jpg 768w\" sizes=\"(max-width: 1024px) 100vw, 1024px\" \/><\/figure><\/li><li class=\"blocks-gallery-item\"><figure><img decoding=\"async\" width=\"768\" height=\"1024\" src=\"https:\/\/www.blagnacartsmartiaux.fr\/site\/wp-content\/uploads\/2019\/09\/IMG_20190908_161444-768x1024.jpg\" alt=\"\" data-id=\"2853\" data-link=\"https:\/\/www.blagnacartsmartiaux.fr\/site\/?attachment_id=2853#main\" class=\"wp-image-2853\" srcset=\"https:\/\/www.blagnacartsmartiaux.fr\/site\/wp-content\/uploads\/2019\/09\/IMG_20190908_161444-768x1024.jpg 768w, https:\/\/www.blagnacartsmartiaux.fr\/site\/wp-content\/uploads\/2019\/09\/IMG_20190908_161444-225x300.jpg 225w\" sizes=\"(max-width: 768px) 100vw, 768px\" \/><\/figure><\/li><li class=\"blocks-gallery-item\"><figure><img decoding=\"async\" width=\"1024\" height=\"682\" src=\"https:\/\/www.blagnacartsmartiaux.fr\/site\/wp-content\/uploads\/2019\/09\/48705739458_54867503a4_o-1024x682.jpg\" alt=\"\" data-id=\"2850\" data-link=\"https:\/\/www.blagnacartsmartiaux.fr\/site\/?attachment_id=2850#main\" class=\"wp-image-2850\"\/><\/figure><\/li><li class=\"blocks-gallery-item\"><figure><img loading=\"lazy\" decoding=\"async\" width=\"1024\" height=\"682\" src=\"https:\/\/www.blagnacartsmartiaux.fr\/site\/wp-content\/uploads\/2019\/09\/48706236582_4d279a7d85_o-1024x682.jpg\" alt=\"\" data-id=\"2851\" data-link=\"https:\/\/www.blagnacartsmartiaux.fr\/site\/?attachment_id=2851#main\" class=\"wp-image-2851\" srcset=\"https:\/\/www.blagnacartsmartiaux.fr\/site\/wp-content\/uploads\/2019\/09\/48706236582_4d279a7d85_o-1024x682.jpg 1024w, https:\/\/www.blagnacartsmartiaux.fr\/site\/wp-content\/uploads\/2019\/09\/48706236582_4d279a7d85_o-300x200.jpg 300w, https:\/\/www.blagnacartsmartiaux.fr\/site\/wp-content\/uploads\/2019\/09\/48706236582_4d279a7d85_o-768x511.jpg 768w\" sizes=\"(max-width: 1024px) 100vw, 1024px\" \/><\/figure><\/li><li class=\"blocks-gallery-item\"><figure><img loading=\"lazy\" decoding=\"async\" width=\"1024\" height=\"682\" src=\"https:\/\/www.blagnacartsmartiaux.fr\/site\/wp-content\/uploads\/2019\/09\/48705641486_606c58bb60_o-1024x682.jpg\" alt=\"\" data-id=\"2849\" data-link=\"https:\/\/www.blagnacartsmartiaux.fr\/site\/?attachment_id=2849#main\" class=\"wp-image-2849\" srcset=\"https:\/\/www.blagnacartsmartiaux.fr\/site\/wp-content\/uploads\/2019\/09\/48705641486_606c58bb60_o-1024x682.jpg 1024w, https:\/\/www.blagnacartsmartiaux.fr\/site\/wp-content\/uploads\/2019\/09\/48705641486_606c58bb60_o-300x200.jpg 300w, https:\/\/www.blagnacartsmartiaux.fr\/site\/wp-content\/uploads\/2019\/09\/48705641486_606c58bb60_o-768x511.jpg 768w\" sizes=\"(max-width: 1024px) 100vw, 1024px\" \/><\/figure><\/li><li class=\"blocks-gallery-item\"><figure><img loading=\"lazy\" decoding=\"async\" width=\"1024\" height=\"768\" src=\"https:\/\/www.blagnacartsmartiaux.fr\/site\/wp-content\/uploads\/2019\/09\/IMG_20190908_142929-1024x768.jpg\" alt=\"\" data-id=\"2852\" data-link=\"https:\/\/www.blagnacartsmartiaux.fr\/site\/?attachment_id=2852#main\" class=\"wp-image-2852\" srcset=\"https:\/\/www.blagnacartsmartiaux.fr\/site\/wp-content\/uploads\/2019\/09\/IMG_20190908_142929-1024x768.jpg 1024w, https:\/\/www.blagnacartsmartiaux.fr\/site\/wp-content\/uploads\/2019\/09\/IMG_20190908_142929-300x225.jpg 300w, https:\/\/www.blagnacartsmartiaux.fr\/site\/wp-content\/uploads\/2019\/09\/IMG_20190908_142929-768x576.jpg 768w\" sizes=\"(max-width: 1024px) 100vw, 1024px\" \/><\/figure><\/li><li class=\"blocks-gallery-item\"><figure><img loading=\"lazy\" decoding=\"async\" width=\"1024\" height=\"682\" src=\"https:\/\/www.blagnacartsmartiaux.fr\/site\/wp-content\/uploads\/2019\/09\/48705308598_1901576f9c_o-1024x682.jpg\" alt=\"\" data-id=\"2848\" data-link=\"https:\/\/www.blagnacartsmartiaux.fr\/site\/?attachment_id=2848#main\" class=\"wp-image-2848\" srcset=\"https:\/\/www.blagnacartsmartiaux.fr\/site\/wp-content\/uploads\/2019\/09\/48705308598_1901576f9c_o-1024x682.jpg 1024w, https:\/\/www.blagnacartsmartiaux.fr\/site\/wp-content\/uploads\/2019\/09\/48705308598_1901576f9c_o-300x200.jpg 300w, https:\/\/www.blagnacartsmartiaux.fr\/site\/wp-content\/uploads\/2019\/09\/48705308598_1901576f9c_o-768x511.jpg 768w\" sizes=\"(max-width: 1024px) 100vw, 1024px\" \/><figcaption>Soir\u00e9e des Pr\u00e9sidents \u00a9 Photo David B\u00e9cus<\/figcaption><\/figure><\/li><\/ul>\n","protected":false},"excerpt":{"rendered":"<p>Le week-end du 7 et 8 septembre fut riche en \u00e9v\u00e9nements pour notre club. Nous avons commenc\u00e9 d\u00e9s samedi matin par une animation \u00e0 D\u00e9cathlon.Ce fut une magnifique journ\u00e9e sur un tatami en ext\u00e9rieur o\u00f9 nous avons fait essayer\/d\u00e9couvrir le Judo\/Karat\u00e9\/Jujitsu\/Arnis\/Self d\u00e9fenseMerci \u00e0 l&rsquo;\u00e9quipe de D\u00e9cathlon pour leur accueil Nous avons encha\u00een\u00e9&nbsp;le soir m\u00eame avec [&hellip;]<\/p>\n","protected":false},"author":1,"featured_media":2847,"comment_status":"closed","ping_status":"closed","sticky":false,"template":"","format":"standard","meta":{"site-sidebar-layout":"default","site-content-layout":"","ast-site-content-layout":"default","site-content-style":"default","site-sidebar-style":"default","ast-global-header-display":"","ast-banner-title-visibility":"","ast-main-header-display":"","ast-hfb-above-header-display":"","ast-hfb-below-header-display":"","ast-hfb-mobile-header-display":"","site-post-title":"","ast-breadcrumbs-content":"","ast-featured-img":"","footer-sml-layout":"","ast-disable-related-posts":"","theme-transparent-header-meta":"","adv-header-id-meta":"","stick-header-meta":"","header-above-stick-meta":"","header-main-stick-meta":"","header-below-stick-meta":"","astra-migrate-meta-layouts":"default","ast-page-background-enabled":"default","ast-page-background-meta":{"desktop":{"background-color":"","background-image":"","background-repeat":"repeat","background-position":"center center","background-size":"auto","background-attachment":"scroll","background-type":"","background-media":"","overlay-type":"","overlay-color":"","overlay-opacity":"","overlay-gradient":""},"tablet":{"background-color":"","background-image":"","background-repeat":"repeat","background-position":"center center","background-size":"auto","background-attachment":"scroll","background-type":"","background-media":"","overlay-type":"","overlay-color":"","overlay-opacity":"","overlay-gradient":""},"mobile":{"background-color":"","background-image":"","background-repeat":"repeat","background-position":"center center","background-size":"auto","background-attachment":"scroll","background-type":"","background-media":"","overlay-type":"","overlay-color":"","overlay-opacity":"","overlay-gradient":""}},"ast-content-background-meta":{"desktop":{"background-color":"var(--ast-global-color-5)","background-image":"","background-repeat":"repeat","background-position":"center center","background-size":"auto","background-attachment":"scroll","background-type":"","background-media":"","overlay-type":"","overlay-color":"","overlay-opacity":"","overlay-gradient":""},"tablet":{"background-color":"var(--ast-global-color-5)","background-image":"","background-repeat":"repeat","background-position":"center center","background-size":"auto","background-attachment":"scroll","background-type":"","background-media":"","overlay-type":"","overlay-color":"","overlay-opacity":"","overlay-gradient":""},"mobile":{"background-color":"var(--ast-global-color-5)","background-image":"","background-repeat":"repeat","background-position":"center center","background-size":"auto","background-attachment":"scroll","background-type":"","background-media":"","overlay-type":"","overlay-color":"","overlay-opacity":"","overlay-gradient":""}},"footnotes":""},"categories":[16,8,4,5,6],"tags":[],"class_list":["post-2843","post","type-post","status-publish","format-standard","has-post-thumbnail","hentry","category-arnis-kali","category-evenement","category-judo","category-jujitsu","category-karate"],"yoast_head":"<!-- This site is optimized with the Yoast SEO plugin v27.5 - https:\/\/yoast.com\/product\/yoast-seo-wordpress\/ -->\n<title>Weekend de rentr\u00e9e du BAM - Blagnac Arts Martiaux<\/title>\n<meta name=\"robots\" content=\"index, follow, max-snippet:-1, max-image-preview:large, max-video-preview:-1\" \/>\n<link rel=\"canonical\" href=\"https:\/\/www.blagnacartsmartiaux.fr\/site\/2019\/09\/12\/weekend-de-rentree-du-bam\/\" \/>\n<meta property=\"og:locale\" content=\"fr_FR\" \/>\n<meta property=\"og:type\" content=\"article\" \/>\n<meta property=\"og:title\" content=\"Weekend de rentr\u00e9e du BAM - Blagnac Arts Martiaux\" \/>\n<meta property=\"og:description\" content=\"Le week-end du 7 et 8 septembre fut riche en \u00e9v\u00e9nements pour notre club. Nous avons commenc\u00e9 d\u00e9s samedi matin par une animation \u00e0 D\u00e9cathlon.Ce fut une magnifique journ\u00e9e sur un tatami en ext\u00e9rieur o\u00f9 nous avons fait essayer\/d\u00e9couvrir le Judo\/Karat\u00e9\/Jujitsu\/Arnis\/Self d\u00e9fenseMerci \u00e0 l&rsquo;\u00e9quipe de D\u00e9cathlon pour leur accueil Nous avons encha\u00een\u00e9&nbsp;le soir m\u00eame avec [&hellip;]\" \/>\n<meta property=\"og:url\" content=\"https:\/\/www.blagnacartsmartiaux.fr\/site\/2019\/09\/12\/weekend-de-rentree-du-bam\/\" \/>\n<meta property=\"og:site_name\" content=\"Blagnac Arts Martiaux\" \/>\n<meta property=\"article:publisher\" content=\"https:\/\/www.facebook.com\/BlagnacArtsMartiaux\" \/>\n<meta property=\"article:published_time\" content=\"2019-09-12T15:30:19+00:00\" \/>\n<meta property=\"og:image\" content=\"https:\/\/www.blagnacartsmartiaux.fr\/site\/wp-content\/uploads\/2019\/09\/IMG_20190908_101525-1024x768.jpg\" \/>\n\t<meta property=\"og:image:width\" content=\"1024\" \/>\n\t<meta property=\"og:image:height\" content=\"768\" \/>\n\t<meta property=\"og:image:type\" content=\"image\/jpeg\" \/>\n<meta name=\"author\" content=\"Blagnac Arts Martiaux\" \/>\n<meta name=\"twitter:card\" content=\"summary_large_image\" \/>\n<meta name=\"twitter:creator\" content=\"@BlagnacArtsM\" \/>\n<meta name=\"twitter:site\" content=\"@BlagnacArtsM\" \/>\n<meta name=\"twitter:label1\" content=\"\u00c9crit par\" \/>\n\t<meta name=\"twitter:data1\" content=\"Blagnac Arts Martiaux\" \/>\n\t<meta name=\"twitter:label2\" content=\"Dur\u00e9e de lecture estim\u00e9e\" \/>\n\t<meta name=\"twitter:data2\" content=\"2 minutes\" \/>\n<script type=\"application\/ld+json\" class=\"yoast-schema-graph\">{\"@context\":\"https:\\\/\\\/schema.org\",\"@graph\":[{\"@type\":\"Article\",\"@id\":\"https:\\\/\\\/www.blagnacartsmartiaux.fr\\\/site\\\/2019\\\/09\\\/12\\\/weekend-de-rentree-du-bam\\\/#article\",\"isPartOf\":{\"@id\":\"https:\\\/\\\/www.blagnacartsmartiaux.fr\\\/site\\\/2019\\\/09\\\/12\\\/weekend-de-rentree-du-bam\\\/\"},\"author\":{\"name\":\"Blagnac Arts Martiaux\",\"@id\":\"https:\\\/\\\/www.blagnacartsmartiaux.fr\\\/site\\\/#\\\/schema\\\/person\\\/b33ea38d44e881172328448384ffc27a\"},\"headline\":\"Weekend de rentr\u00e9e du BAM\",\"datePublished\":\"2019-09-12T15:30:19+00:00\",\"mainEntityOfPage\":{\"@id\":\"https:\\\/\\\/www.blagnacartsmartiaux.fr\\\/site\\\/2019\\\/09\\\/12\\\/weekend-de-rentree-du-bam\\\/\"},\"wordCount\":311,\"publisher\":{\"@id\":\"https:\\\/\\\/www.blagnacartsmartiaux.fr\\\/site\\\/#organization\"},\"image\":{\"@id\":\"https:\\\/\\\/www.blagnacartsmartiaux.fr\\\/site\\\/2019\\\/09\\\/12\\\/weekend-de-rentree-du-bam\\\/#primaryimage\"},\"thumbnailUrl\":\"https:\\\/\\\/www.blagnacartsmartiaux.fr\\\/site\\\/wp-content\\\/uploads\\\/2019\\\/09\\\/IMG_20190908_101525.jpg\",\"articleSection\":[\"Arnis Kali\",\"Evenement\",\"Judo\",\"Jujitsu\",\"Karate\"],\"inLanguage\":\"fr-FR\"},{\"@type\":\"WebPage\",\"@id\":\"https:\\\/\\\/www.blagnacartsmartiaux.fr\\\/site\\\/2019\\\/09\\\/12\\\/weekend-de-rentree-du-bam\\\/\",\"url\":\"https:\\\/\\\/www.blagnacartsmartiaux.fr\\\/site\\\/2019\\\/09\\\/12\\\/weekend-de-rentree-du-bam\\\/\",\"name\":\"Weekend de rentr\u00e9e du BAM - Blagnac Arts Martiaux\",\"isPartOf\":{\"@id\":\"https:\\\/\\\/www.blagnacartsmartiaux.fr\\\/site\\\/#website\"},\"primaryImageOfPage\":{\"@id\":\"https:\\\/\\\/www.blagnacartsmartiaux.fr\\\/site\\\/2019\\\/09\\\/12\\\/weekend-de-rentree-du-bam\\\/#primaryimage\"},\"image\":{\"@id\":\"https:\\\/\\\/www.blagnacartsmartiaux.fr\\\/site\\\/2019\\\/09\\\/12\\\/weekend-de-rentree-du-bam\\\/#primaryimage\"},\"thumbnailUrl\":\"https:\\\/\\\/www.blagnacartsmartiaux.fr\\\/site\\\/wp-content\\\/uploads\\\/2019\\\/09\\\/IMG_20190908_101525.jpg\",\"datePublished\":\"2019-09-12T15:30:19+00:00\",\"breadcrumb\":{\"@id\":\"https:\\\/\\\/www.blagnacartsmartiaux.fr\\\/site\\\/2019\\\/09\\\/12\\\/weekend-de-rentree-du-bam\\\/#breadcrumb\"},\"inLanguage\":\"fr-FR\",\"potentialAction\":[{\"@type\":\"ReadAction\",\"target\":[\"https:\\\/\\\/www.blagnacartsmartiaux.fr\\\/site\\\/2019\\\/09\\\/12\\\/weekend-de-rentree-du-bam\\\/\"]}]},{\"@type\":\"ImageObject\",\"inLanguage\":\"fr-FR\",\"@id\":\"https:\\\/\\\/www.blagnacartsmartiaux.fr\\\/site\\\/2019\\\/09\\\/12\\\/weekend-de-rentree-du-bam\\\/#primaryimage\",\"url\":\"https:\\\/\\\/www.blagnacartsmartiaux.fr\\\/site\\\/wp-content\\\/uploads\\\/2019\\\/09\\\/IMG_20190908_101525.jpg\",\"contentUrl\":\"https:\\\/\\\/www.blagnacartsmartiaux.fr\\\/site\\\/wp-content\\\/uploads\\\/2019\\\/09\\\/IMG_20190908_101525.jpg\",\"width\":3648,\"height\":2736},{\"@type\":\"BreadcrumbList\",\"@id\":\"https:\\\/\\\/www.blagnacartsmartiaux.fr\\\/site\\\/2019\\\/09\\\/12\\\/weekend-de-rentree-du-bam\\\/#breadcrumb\",\"itemListElement\":[{\"@type\":\"ListItem\",\"position\":1,\"name\":\"Accueil\",\"item\":\"https:\\\/\\\/www.blagnacartsmartiaux.fr\\\/site\\\/\"},{\"@type\":\"ListItem\",\"position\":2,\"name\":\"Weekend de rentr\u00e9e du BAM\"}]},{\"@type\":\"WebSite\",\"@id\":\"https:\\\/\\\/www.blagnacartsmartiaux.fr\\\/site\\\/#website\",\"url\":\"https:\\\/\\\/www.blagnacartsmartiaux.fr\\\/site\\\/\",\"name\":\"Blagnac Arts Martiaux\",\"description\":\"Le club de Judo, Karat\u00e9, Jujitsu, Arnis Kali et Self D\u00e9fense sur Blagnac\",\"publisher\":{\"@id\":\"https:\\\/\\\/www.blagnacartsmartiaux.fr\\\/site\\\/#organization\"},\"potentialAction\":[{\"@type\":\"SearchAction\",\"target\":{\"@type\":\"EntryPoint\",\"urlTemplate\":\"https:\\\/\\\/www.blagnacartsmartiaux.fr\\\/site\\\/?s={search_term_string}\"},\"query-input\":{\"@type\":\"PropertyValueSpecification\",\"valueRequired\":true,\"valueName\":\"search_term_string\"}}],\"inLanguage\":\"fr-FR\"},{\"@type\":\"Organization\",\"@id\":\"https:\\\/\\\/www.blagnacartsmartiaux.fr\\\/site\\\/#organization\",\"name\":\"Blagnac Arts Martiaux\",\"url\":\"https:\\\/\\\/www.blagnacartsmartiaux.fr\\\/site\\\/\",\"logo\":{\"@type\":\"ImageObject\",\"inLanguage\":\"fr-FR\",\"@id\":\"https:\\\/\\\/www.blagnacartsmartiaux.fr\\\/site\\\/#\\\/schema\\\/logo\\\/image\\\/\",\"url\":\"https:\\\/\\\/www.blagnacartsmartiaux.fr\\\/site\\\/wp-content\\\/uploads\\\/2020\\\/05\\\/cropped-bam-wide.png\",\"contentUrl\":\"https:\\\/\\\/www.blagnacartsmartiaux.fr\\\/site\\\/wp-content\\\/uploads\\\/2020\\\/05\\\/cropped-bam-wide.png\",\"width\":180,\"height\":60,\"caption\":\"Blagnac Arts Martiaux\"},\"image\":{\"@id\":\"https:\\\/\\\/www.blagnacartsmartiaux.fr\\\/site\\\/#\\\/schema\\\/logo\\\/image\\\/\"},\"sameAs\":[\"https:\\\/\\\/www.facebook.com\\\/BlagnacArtsMartiaux\",\"https:\\\/\\\/x.com\\\/BlagnacArtsM\"]},{\"@type\":\"Person\",\"@id\":\"https:\\\/\\\/www.blagnacartsmartiaux.fr\\\/site\\\/#\\\/schema\\\/person\\\/b33ea38d44e881172328448384ffc27a\",\"name\":\"Blagnac Arts Martiaux\",\"image\":{\"@type\":\"ImageObject\",\"inLanguage\":\"fr-FR\",\"@id\":\"https:\\\/\\\/secure.gravatar.com\\\/avatar\\\/042cecfc77c8e7783bd80715818a6e2576590f15b8c8a556fda71b640b99958f?s=96&d=mm&r=g\",\"url\":\"https:\\\/\\\/secure.gravatar.com\\\/avatar\\\/042cecfc77c8e7783bd80715818a6e2576590f15b8c8a556fda71b640b99958f?s=96&d=mm&r=g\",\"contentUrl\":\"https:\\\/\\\/secure.gravatar.com\\\/avatar\\\/042cecfc77c8e7783bd80715818a6e2576590f15b8c8a556fda71b640b99958f?s=96&d=mm&r=g\",\"caption\":\"Blagnac Arts Martiaux\"},\"url\":\"https:\\\/\\\/www.blagnacartsmartiaux.fr\\\/site\\\/author\\\/administrator\\\/\"}]}<\/script>\n<!-- \/ Yoast SEO plugin. -->","yoast_head_json":{"title":"Weekend de rentr\u00e9e du BAM - Blagnac Arts Martiaux","robots":{"index":"index","follow":"follow","max-snippet":"max-snippet:-1","max-image-preview":"max-image-preview:large","max-video-preview":"max-video-preview:-1"},"canonical":"https:\/\/www.blagnacartsmartiaux.fr\/site\/2019\/09\/12\/weekend-de-rentree-du-bam\/","og_locale":"fr_FR","og_type":"article","og_title":"Weekend de rentr\u00e9e du BAM - Blagnac Arts Martiaux","og_description":"Le week-end du 7 et 8 septembre fut riche en \u00e9v\u00e9nements pour notre club. Nous avons commenc\u00e9 d\u00e9s samedi matin par une animation \u00e0 D\u00e9cathlon.Ce fut une magnifique journ\u00e9e sur un tatami en ext\u00e9rieur o\u00f9 nous avons fait essayer\/d\u00e9couvrir le Judo\/Karat\u00e9\/Jujitsu\/Arnis\/Self d\u00e9fenseMerci \u00e0 l&rsquo;\u00e9quipe de D\u00e9cathlon pour leur accueil Nous avons encha\u00een\u00e9&nbsp;le soir m\u00eame avec [&hellip;]","og_url":"https:\/\/www.blagnacartsmartiaux.fr\/site\/2019\/09\/12\/weekend-de-rentree-du-bam\/","og_site_name":"Blagnac Arts Martiaux","article_publisher":"https:\/\/www.facebook.com\/BlagnacArtsMartiaux","article_published_time":"2019-09-12T15:30:19+00:00","og_image":[{"width":1024,"height":768,"url":"https:\/\/www.blagnacartsmartiaux.fr\/site\/wp-content\/uploads\/2019\/09\/IMG_20190908_101525-1024x768.jpg","type":"image\/jpeg"}],"author":"Blagnac Arts Martiaux","twitter_card":"summary_large_image","twitter_creator":"@BlagnacArtsM","twitter_site":"@BlagnacArtsM","twitter_misc":{"\u00c9crit par":"Blagnac Arts Martiaux","Dur\u00e9e de lecture estim\u00e9e":"2 minutes"},"schema":{"@context":"https:\/\/schema.org","@graph":[{"@type":"Article","@id":"https:\/\/www.blagnacartsmartiaux.fr\/site\/2019\/09\/12\/weekend-de-rentree-du-bam\/#article","isPartOf":{"@id":"https:\/\/www.blagnacartsmartiaux.fr\/site\/2019\/09\/12\/weekend-de-rentree-du-bam\/"},"author":{"name":"Blagnac Arts Martiaux","@id":"https:\/\/www.blagnacartsmartiaux.fr\/site\/#\/schema\/person\/b33ea38d44e881172328448384ffc27a"},"headline":"Weekend de rentr\u00e9e du BAM","datePublished":"2019-09-12T15:30:19+00:00","mainEntityOfPage":{"@id":"https:\/\/www.blagnacartsmartiaux.fr\/site\/2019\/09\/12\/weekend-de-rentree-du-bam\/"},"wordCount":311,"publisher":{"@id":"https:\/\/www.blagnacartsmartiaux.fr\/site\/#organization"},"image":{"@id":"https:\/\/www.blagnacartsmartiaux.fr\/site\/2019\/09\/12\/weekend-de-rentree-du-bam\/#primaryimage"},"thumbnailUrl":"https:\/\/www.blagnacartsmartiaux.fr\/site\/wp-content\/uploads\/2019\/09\/IMG_20190908_101525.jpg","articleSection":["Arnis Kali","Evenement","Judo","Jujitsu","Karate"],"inLanguage":"fr-FR"},{"@type":"WebPage","@id":"https:\/\/www.blagnacartsmartiaux.fr\/site\/2019\/09\/12\/weekend-de-rentree-du-bam\/","url":"https:\/\/www.blagnacartsmartiaux.fr\/site\/2019\/09\/12\/weekend-de-rentree-du-bam\/","name":"Weekend de rentr\u00e9e du BAM - Blagnac Arts Martiaux","isPartOf":{"@id":"https:\/\/www.blagnacartsmartiaux.fr\/site\/#website"},"primaryImageOfPage":{"@id":"https:\/\/www.blagnacartsmartiaux.fr\/site\/2019\/09\/12\/weekend-de-rentree-du-bam\/#primaryimage"},"image":{"@id":"https:\/\/www.blagnacartsmartiaux.fr\/site\/2019\/09\/12\/weekend-de-rentree-du-bam\/#primaryimage"},"thumbnailUrl":"https:\/\/www.blagnacartsmartiaux.fr\/site\/wp-content\/uploads\/2019\/09\/IMG_20190908_101525.jpg","datePublished":"2019-09-12T15:30:19+00:00","breadcrumb":{"@id":"https:\/\/www.blagnacartsmartiaux.fr\/site\/2019\/09\/12\/weekend-de-rentree-du-bam\/#breadcrumb"},"inLanguage":"fr-FR","potentialAction":[{"@type":"ReadAction","target":["https:\/\/www.blagnacartsmartiaux.fr\/site\/2019\/09\/12\/weekend-de-rentree-du-bam\/"]}]},{"@type":"ImageObject","inLanguage":"fr-FR","@id":"https:\/\/www.blagnacartsmartiaux.fr\/site\/2019\/09\/12\/weekend-de-rentree-du-bam\/#primaryimage","url":"https:\/\/www.blagnacartsmartiaux.fr\/site\/wp-content\/uploads\/2019\/09\/IMG_20190908_101525.jpg","contentUrl":"https:\/\/www.blagnacartsmartiaux.fr\/site\/wp-content\/uploads\/2019\/09\/IMG_20190908_101525.jpg","width":3648,"height":2736},{"@type":"BreadcrumbList","@id":"https:\/\/www.blagnacartsmartiaux.fr\/site\/2019\/09\/12\/weekend-de-rentree-du-bam\/#breadcrumb","itemListElement":[{"@type":"ListItem","position":1,"name":"Accueil","item":"https:\/\/www.blagnacartsmartiaux.fr\/site\/"},{"@type":"ListItem","position":2,"name":"Weekend de rentr\u00e9e du BAM"}]},{"@type":"WebSite","@id":"https:\/\/www.blagnacartsmartiaux.fr\/site\/#website","url":"https:\/\/www.blagnacartsmartiaux.fr\/site\/","name":"Blagnac Arts Martiaux","description":"Le club de Judo, Karat\u00e9, Jujitsu, Arnis Kali et Self D\u00e9fense sur Blagnac","publisher":{"@id":"https:\/\/www.blagnacartsmartiaux.fr\/site\/#organization"},"potentialAction":[{"@type":"SearchAction","target":{"@type":"EntryPoint","urlTemplate":"https:\/\/www.blagnacartsmartiaux.fr\/site\/?s={search_term_string}"},"query-input":{"@type":"PropertyValueSpecification","valueRequired":true,"valueName":"search_term_string"}}],"inLanguage":"fr-FR"},{"@type":"Organization","@id":"https:\/\/www.blagnacartsmartiaux.fr\/site\/#organization","name":"Blagnac Arts Martiaux","url":"https:\/\/www.blagnacartsmartiaux.fr\/site\/","logo":{"@type":"ImageObject","inLanguage":"fr-FR","@id":"https:\/\/www.blagnacartsmartiaux.fr\/site\/#\/schema\/logo\/image\/","url":"https:\/\/www.blagnacartsmartiaux.fr\/site\/wp-content\/uploads\/2020\/05\/cropped-bam-wide.png","contentUrl":"https:\/\/www.blagnacartsmartiaux.fr\/site\/wp-content\/uploads\/2020\/05\/cropped-bam-wide.png","width":180,"height":60,"caption":"Blagnac Arts Martiaux"},"image":{"@id":"https:\/\/www.blagnacartsmartiaux.fr\/site\/#\/schema\/logo\/image\/"},"sameAs":["https:\/\/www.facebook.com\/BlagnacArtsMartiaux","https:\/\/x.com\/BlagnacArtsM"]},{"@type":"Person","@id":"https:\/\/www.blagnacartsmartiaux.fr\/site\/#\/schema\/person\/b33ea38d44e881172328448384ffc27a","name":"Blagnac Arts Martiaux","image":{"@type":"ImageObject","inLanguage":"fr-FR","@id":"https:\/\/secure.gravatar.com\/avatar\/042cecfc77c8e7783bd80715818a6e2576590f15b8c8a556fda71b640b99958f?s=96&d=mm&r=g","url":"https:\/\/secure.gravatar.com\/avatar\/042cecfc77c8e7783bd80715818a6e2576590f15b8c8a556fda71b640b99958f?s=96&d=mm&r=g","contentUrl":"https:\/\/secure.gravatar.com\/avatar\/042cecfc77c8e7783bd80715818a6e2576590f15b8c8a556fda71b640b99958f?s=96&d=mm&r=g","caption":"Blagnac Arts Martiaux"},"url":"https:\/\/www.blagnacartsmartiaux.fr\/site\/author\/administrator\/"}]}},"_links":{"self":[{"href":"https:\/\/www.blagnacartsmartiaux.fr\/site\/wp-json\/wp\/v2\/posts\/2843","targetHints":{"allow":["GET"]}}],"collection":[{"href":"https:\/\/www.blagnacartsmartiaux.fr\/site\/wp-json\/wp\/v2\/posts"}],"about":[{"href":"https:\/\/www.blagnacartsmartiaux.fr\/site\/wp-json\/wp\/v2\/types\/post"}],"author":[{"embeddable":true,"href":"https:\/\/www.blagnacartsmartiaux.fr\/site\/wp-json\/wp\/v2\/users\/1"}],"replies":[{"embeddable":true,"href":"https:\/\/www.blagnacartsmartiaux.fr\/site\/wp-json\/wp\/v2\/comments?post=2843"}],"version-history":[{"count":8,"href":"https:\/\/www.blagnacartsmartiaux.fr\/site\/wp-json\/wp\/v2\/posts\/2843\/revisions"}],"predecessor-version":[{"id":2859,"href":"https:\/\/www.blagnacartsmartiaux.fr\/site\/wp-json\/wp\/v2\/posts\/2843\/revisions\/2859"}],"wp:featuredmedia":[{"embeddable":true,"href":"https:\/\/www.blagnacartsmartiaux.fr\/site\/wp-json\/wp\/v2\/media\/2847"}],"wp:attachment":[{"href":"https:\/\/www.blagnacartsmartiaux.fr\/site\/wp-json\/wp\/v2\/media?parent=2843"}],"wp:term":[{"taxonomy":"category","embeddable":true,"href":"https:\/\/www.blagnacartsmartiaux.fr\/site\/wp-json\/wp\/v2\/categories?post=2843"},{"taxonomy":"post_tag","embeddable":true,"href":"https:\/\/www.blagnacartsmartiaux.fr\/site\/wp-json\/wp\/v2\/tags?post=2843"}],"curies":[{"name":"wp","href":"https:\/\/api.w.org\/{rel}","templated":true}]}}