{"id":3090,"date":"2020-02-25T10:12:15","date_gmt":"2020-02-25T08:12:15","guid":{"rendered":"http:\/\/www.blagnacartsmartiaux.fr\/site\/?p=3090"},"modified":"2020-09-01T10:16:57","modified_gmt":"2020-09-01T08:16:57","slug":"compte-rendu-stage-karate-fevrier-2020","status":"publish","type":"post","link":"https:\/\/www.blagnacartsmartiaux.fr\/site\/2020\/02\/25\/compte-rendu-stage-karate-fevrier-2020\/","title":{"rendered":"Compte rendu stage Karat\u00e9 (f\u00e9vrier 2020)"},"content":{"rendered":"\n<p>Ce week-end \u00e0 eu lieu un stage de karat\u00e9 avec 2 g\u00e9ants du karat\u00e9 au sein du dojo du Blagnac Arts Martiaux : <strong><a rel=\"noreferrer noopener\" aria-label=\"Yukinobu Shimabukuro sensei (s\u2019ouvre dans un nouvel onglet)\" href=\"https:\/\/www.imaginarts.tv\/fr\/dvd-karate-uechi-ryu\/256-dvd-uechi-ryu-karate-yukinobu-shimabukuro.html\" target=\"_blank\">Yukinobu Shimabukuro sensei<\/a><\/strong> 8\u00e8me dan Karat\u00e9 Uechi Ryu et <strong>Guy Sauvin sensei<\/strong> 8\u00e8me dan Karat\u00e9 Martial. <\/p>\n\n\n\n<p>2 approches p\u00e9dagogiques sur le tatami de Blagnac. <\/p>\n\n\n\n<p>Un rendez-vous qui \u00e0 int\u00e9ress\u00e9 de nombreux karatekas malgr\u00e9 qu&rsquo;il ce soit d\u00e9roul\u00e9 durant un week-end des vacances. Seule date disponible en commun avec les deux experts. <\/p>\n\n\n\n<div style=\"height:25px\" aria-hidden=\"true\" class=\"wp-block-spacer\"><\/div>\n\n\n\n<p class=\"has-medium-font-size\"><strong>Shimabukuro sensei au micro de 100% Radio<\/strong><\/p>\n\n\n\n<figure class=\"wp-block-audio\"><audio controls src=\"https:\/\/www.blagnacartsmartiaux.fr\/site\/wp-content\/uploads\/2020\/02\/podcast-stage-sauvin-shima-24_02_2020_01.mp3\"><\/audio><\/figure>\n\n\n\n<div style=\"height:25px\" aria-hidden=\"true\" class=\"wp-block-spacer\"><\/div>\n\n\n\n<figure class=\"wp-block-gallery columns-2 is-cropped wp-block-gallery-1 is-layout-flex wp-block-gallery-is-layout-flex\"><ul class=\"blocks-gallery-grid\"><li class=\"blocks-gallery-item\"><figure><img fetchpriority=\"high\" decoding=\"async\" width=\"1024\" height=\"768\" src=\"https:\/\/www.blagnacartsmartiaux.fr\/site\/wp-content\/uploads\/2020\/02\/87291280_2523711011217525_7710886822393413632_o-1024x768.jpg\" alt=\"\" data-id=\"3098\" data-link=\"https:\/\/www.blagnacartsmartiaux.fr\/site\/?attachment_id=3098#main\" class=\"wp-image-3098\" srcset=\"https:\/\/www.blagnacartsmartiaux.fr\/site\/wp-content\/uploads\/2020\/02\/87291280_2523711011217525_7710886822393413632_o-1024x768.jpg 1024w, https:\/\/www.blagnacartsmartiaux.fr\/site\/wp-content\/uploads\/2020\/02\/87291280_2523711011217525_7710886822393413632_o-300x225.jpg 300w, https:\/\/www.blagnacartsmartiaux.fr\/site\/wp-content\/uploads\/2020\/02\/87291280_2523711011217525_7710886822393413632_o-768x576.jpg 768w, https:\/\/www.blagnacartsmartiaux.fr\/site\/wp-content\/uploads\/2020\/02\/87291280_2523711011217525_7710886822393413632_o.jpg 2048w\" sizes=\"(max-width: 1024px) 100vw, 1024px\" \/><\/figure><\/li><li class=\"blocks-gallery-item\"><figure><img decoding=\"async\" width=\"1024\" height=\"768\" src=\"https:\/\/www.blagnacartsmartiaux.fr\/site\/wp-content\/uploads\/2020\/02\/87058048_2523713324550627_4607096665482985472_o-1024x768.jpg\" alt=\"\" data-id=\"3092\" data-link=\"https:\/\/www.blagnacartsmartiaux.fr\/site\/?attachment_id=3092#main\" class=\"wp-image-3092\" srcset=\"https:\/\/www.blagnacartsmartiaux.fr\/site\/wp-content\/uploads\/2020\/02\/87058048_2523713324550627_4607096665482985472_o-1024x768.jpg 1024w, https:\/\/www.blagnacartsmartiaux.fr\/site\/wp-content\/uploads\/2020\/02\/87058048_2523713324550627_4607096665482985472_o-300x225.jpg 300w, https:\/\/www.blagnacartsmartiaux.fr\/site\/wp-content\/uploads\/2020\/02\/87058048_2523713324550627_4607096665482985472_o-768x576.jpg 768w, https:\/\/www.blagnacartsmartiaux.fr\/site\/wp-content\/uploads\/2020\/02\/87058048_2523713324550627_4607096665482985472_o.jpg 1793w\" sizes=\"(max-width: 1024px) 100vw, 1024px\" \/><\/figure><\/li><li class=\"blocks-gallery-item\"><figure><img decoding=\"async\" width=\"1024\" height=\"768\" src=\"https:\/\/www.blagnacartsmartiaux.fr\/site\/wp-content\/uploads\/2020\/02\/87182350_2523713177883975_774834850640166912_o-1024x768.jpg\" alt=\"\" data-id=\"3099\" data-link=\"https:\/\/www.blagnacartsmartiaux.fr\/site\/?attachment_id=3099#main\" class=\"wp-image-3099\" srcset=\"https:\/\/www.blagnacartsmartiaux.fr\/site\/wp-content\/uploads\/2020\/02\/87182350_2523713177883975_774834850640166912_o-1024x768.jpg 1024w, https:\/\/www.blagnacartsmartiaux.fr\/site\/wp-content\/uploads\/2020\/02\/87182350_2523713177883975_774834850640166912_o-300x225.jpg 300w, https:\/\/www.blagnacartsmartiaux.fr\/site\/wp-content\/uploads\/2020\/02\/87182350_2523713177883975_774834850640166912_o-768x576.jpg 768w, https:\/\/www.blagnacartsmartiaux.fr\/site\/wp-content\/uploads\/2020\/02\/87182350_2523713177883975_774834850640166912_o.jpg 2048w\" sizes=\"(max-width: 1024px) 100vw, 1024px\" \/><\/figure><\/li><li class=\"blocks-gallery-item\"><figure><img loading=\"lazy\" decoding=\"async\" width=\"1024\" height=\"768\" src=\"https:\/\/www.blagnacartsmartiaux.fr\/site\/wp-content\/uploads\/2020\/02\/87142814_2523608644561095_7299337232115040256_o-1024x768.jpg\" alt=\"\" data-id=\"3093\" data-link=\"https:\/\/www.blagnacartsmartiaux.fr\/site\/?attachment_id=3093#main\" class=\"wp-image-3093\" srcset=\"https:\/\/www.blagnacartsmartiaux.fr\/site\/wp-content\/uploads\/2020\/02\/87142814_2523608644561095_7299337232115040256_o-1024x768.jpg 1024w, https:\/\/www.blagnacartsmartiaux.fr\/site\/wp-content\/uploads\/2020\/02\/87142814_2523608644561095_7299337232115040256_o-300x225.jpg 300w, https:\/\/www.blagnacartsmartiaux.fr\/site\/wp-content\/uploads\/2020\/02\/87142814_2523608644561095_7299337232115040256_o-768x576.jpg 768w, https:\/\/www.blagnacartsmartiaux.fr\/site\/wp-content\/uploads\/2020\/02\/87142814_2523608644561095_7299337232115040256_o.jpg 2048w\" sizes=\"(max-width: 1024px) 100vw, 1024px\" \/><\/figure><\/li><li class=\"blocks-gallery-item\"><figure><img loading=\"lazy\" decoding=\"async\" width=\"1024\" height=\"768\" src=\"https:\/\/www.blagnacartsmartiaux.fr\/site\/wp-content\/uploads\/2020\/02\/87365772_2523629874558972_6398356808284504064_o-1024x768.jpg\" alt=\"\" data-id=\"3094\" data-link=\"https:\/\/www.blagnacartsmartiaux.fr\/site\/?attachment_id=3094#main\" class=\"wp-image-3094\" srcset=\"https:\/\/www.blagnacartsmartiaux.fr\/site\/wp-content\/uploads\/2020\/02\/87365772_2523629874558972_6398356808284504064_o-1024x768.jpg 1024w, https:\/\/www.blagnacartsmartiaux.fr\/site\/wp-content\/uploads\/2020\/02\/87365772_2523629874558972_6398356808284504064_o-300x225.jpg 300w, https:\/\/www.blagnacartsmartiaux.fr\/site\/wp-content\/uploads\/2020\/02\/87365772_2523629874558972_6398356808284504064_o-768x576.jpg 768w, https:\/\/www.blagnacartsmartiaux.fr\/site\/wp-content\/uploads\/2020\/02\/87365772_2523629874558972_6398356808284504064_o.jpg 2048w\" sizes=\"(max-width: 1024px) 100vw, 1024px\" \/><\/figure><\/li><li class=\"blocks-gallery-item\"><figure><img loading=\"lazy\" decoding=\"async\" width=\"1024\" height=\"768\" src=\"https:\/\/www.blagnacartsmartiaux.fr\/site\/wp-content\/uploads\/2020\/02\/87176252_2523629284559031_3407939120675160064_o-1024x768.jpg\" alt=\"\" data-id=\"3095\" data-link=\"https:\/\/www.blagnacartsmartiaux.fr\/site\/?attachment_id=3095#main\" class=\"wp-image-3095\" srcset=\"https:\/\/www.blagnacartsmartiaux.fr\/site\/wp-content\/uploads\/2020\/02\/87176252_2523629284559031_3407939120675160064_o-1024x768.jpg 1024w, https:\/\/www.blagnacartsmartiaux.fr\/site\/wp-content\/uploads\/2020\/02\/87176252_2523629284559031_3407939120675160064_o-300x225.jpg 300w, https:\/\/www.blagnacartsmartiaux.fr\/site\/wp-content\/uploads\/2020\/02\/87176252_2523629284559031_3407939120675160064_o-768x576.jpg 768w, https:\/\/www.blagnacartsmartiaux.fr\/site\/wp-content\/uploads\/2020\/02\/87176252_2523629284559031_3407939120675160064_o.jpg 2048w\" sizes=\"(max-width: 1024px) 100vw, 1024px\" \/><\/figure><\/li><li class=\"blocks-gallery-item\"><figure><img loading=\"lazy\" decoding=\"async\" width=\"1024\" height=\"768\" src=\"https:\/\/www.blagnacartsmartiaux.fr\/site\/wp-content\/uploads\/2020\/02\/87298695_2523629611225665_3915160696609832960_o-1024x768.jpg\" alt=\"\" data-id=\"3096\" data-link=\"https:\/\/www.blagnacartsmartiaux.fr\/site\/?attachment_id=3096#main\" class=\"wp-image-3096\" srcset=\"https:\/\/www.blagnacartsmartiaux.fr\/site\/wp-content\/uploads\/2020\/02\/87298695_2523629611225665_3915160696609832960_o-1024x768.jpg 1024w, https:\/\/www.blagnacartsmartiaux.fr\/site\/wp-content\/uploads\/2020\/02\/87298695_2523629611225665_3915160696609832960_o-300x225.jpg 300w, https:\/\/www.blagnacartsmartiaux.fr\/site\/wp-content\/uploads\/2020\/02\/87298695_2523629611225665_3915160696609832960_o-768x576.jpg 768w, https:\/\/www.blagnacartsmartiaux.fr\/site\/wp-content\/uploads\/2020\/02\/87298695_2523629611225665_3915160696609832960_o.jpg 2048w\" sizes=\"(max-width: 1024px) 100vw, 1024px\" \/><\/figure><\/li><li class=\"blocks-gallery-item\"><figure><img loading=\"lazy\" decoding=\"async\" width=\"1024\" height=\"768\" src=\"https:\/\/www.blagnacartsmartiaux.fr\/site\/wp-content\/uploads\/2020\/02\/87267997_2523630284558931_6719265447402799104_o-1024x768.jpg\" alt=\"\" data-id=\"3097\" data-link=\"https:\/\/www.blagnacartsmartiaux.fr\/site\/?attachment_id=3097#main\" class=\"wp-image-3097\" srcset=\"https:\/\/www.blagnacartsmartiaux.fr\/site\/wp-content\/uploads\/2020\/02\/87267997_2523630284558931_6719265447402799104_o-1024x768.jpg 1024w, https:\/\/www.blagnacartsmartiaux.fr\/site\/wp-content\/uploads\/2020\/02\/87267997_2523630284558931_6719265447402799104_o-300x225.jpg 300w, https:\/\/www.blagnacartsmartiaux.fr\/site\/wp-content\/uploads\/2020\/02\/87267997_2523630284558931_6719265447402799104_o-768x576.jpg 768w, https:\/\/www.blagnacartsmartiaux.fr\/site\/wp-content\/uploads\/2020\/02\/87267997_2523630284558931_6719265447402799104_o.jpg 2048w\" sizes=\"(max-width: 1024px) 100vw, 1024px\" \/><\/figure><\/li><\/ul><\/figure>\n\n\n\n<p>Les infos sont pass\u00e9es, maintenant au boulot ! <\/p>\n\n\n\n<p>Stage co-organis\u00e9 par le Blagnac Arts Martiaux et le Toulouse Shubukan Karate Uechi-Ryu. <\/p>\n\n\n\n<figure class=\"wp-block-image\"><img loading=\"lazy\" decoding=\"async\" width=\"791\" height=\"1024\" src=\"https:\/\/www.blagnacartsmartiaux.fr\/site\/wp-content\/uploads\/2020\/01\/stage-karate-shimabukuro-sauvin-791x1024.jpg\" alt=\"\" class=\"wp-image-3065\" srcset=\"https:\/\/www.blagnacartsmartiaux.fr\/site\/wp-content\/uploads\/2020\/01\/stage-karate-shimabukuro-sauvin.jpg 791w, https:\/\/www.blagnacartsmartiaux.fr\/site\/wp-content\/uploads\/2020\/01\/stage-karate-shimabukuro-sauvin-232x300.jpg 232w, https:\/\/www.blagnacartsmartiaux.fr\/site\/wp-content\/uploads\/2020\/01\/stage-karate-shimabukuro-sauvin-768x994.jpg 768w\" sizes=\"(max-width: 791px) 100vw, 791px\" \/><\/figure>\n","protected":false},"excerpt":{"rendered":"<p>Ce week-end \u00e0 eu lieu un stage de karat\u00e9 avec 2 g\u00e9ants du karat\u00e9 au sein du dojo du Blagnac Arts Martiaux : Yukinobu Shimabukuro sensei 8\u00e8me dan Karat\u00e9 Uechi Ryu et Guy Sauvin sensei 8\u00e8me dan Karat\u00e9 Martial. 2 approches p\u00e9dagogiques sur le tatami de Blagnac. Un rendez-vous qui \u00e0 int\u00e9ress\u00e9 de nombreux karatekas [&hellip;]<\/p>\n","protected":false},"author":1,"featured_media":3091,"comment_status":"closed","ping_status":"closed","sticky":false,"template":"","format":"standard","meta":{"site-sidebar-layout":"no-sidebar","site-content-layout":"boxed-container","ast-site-content-layout":"default","site-content-style":"default","site-sidebar-style":"default","ast-global-header-display":"","ast-banner-title-visibility":"","ast-main-header-display":"","ast-hfb-above-header-display":"","ast-hfb-below-header-display":"","ast-hfb-mobile-header-display":"","site-post-title":"","ast-breadcrumbs-content":"","ast-featured-img":"","footer-sml-layout":"","ast-disable-related-posts":"","theme-transparent-header-meta":"default","adv-header-id-meta":"","stick-header-meta":"","header-above-stick-meta":"","header-main-stick-meta":"","header-below-stick-meta":"","astra-migrate-meta-layouts":"default","ast-page-background-enabled":"default","ast-page-background-meta":{"desktop":{"background-color":"","background-image":"","background-repeat":"repeat","background-position":"center center","background-size":"auto","background-attachment":"scroll","background-type":"","background-media":"","overlay-type":"","overlay-color":"","overlay-opacity":"","overlay-gradient":""},"tablet":{"background-color":"","background-image":"","background-repeat":"repeat","background-position":"center center","background-size":"auto","background-attachment":"scroll","background-type":"","background-media":"","overlay-type":"","overlay-color":"","overlay-opacity":"","overlay-gradient":""},"mobile":{"background-color":"","background-image":"","background-repeat":"repeat","background-position":"center center","background-size":"auto","background-attachment":"scroll","background-type":"","background-media":"","overlay-type":"","overlay-color":"","overlay-opacity":"","overlay-gradient":""}},"ast-content-background-meta":{"desktop":{"background-color":"var(--ast-global-color-5)","background-image":"","background-repeat":"repeat","background-position":"center center","background-size":"auto","background-attachment":"scroll","background-type":"","background-media":"","overlay-type":"","overlay-color":"","overlay-opacity":"","overlay-gradient":""},"tablet":{"background-color":"var(--ast-global-color-5)","background-image":"","background-repeat":"repeat","background-position":"center center","background-size":"auto","background-attachment":"scroll","background-type":"","background-media":"","overlay-type":"","overlay-color":"","overlay-opacity":"","overlay-gradient":""},"mobile":{"background-color":"var(--ast-global-color-5)","background-image":"","background-repeat":"repeat","background-position":"center center","background-size":"auto","background-attachment":"scroll","background-type":"","background-media":"","overlay-type":"","overlay-color":"","overlay-opacity":"","overlay-gradient":""}},"footnotes":""},"categories":[6,3],"tags":[33,11],"class_list":["post-3090","post","type-post","status-publish","format-standard","has-post-thumbnail","hentry","category-karate","category-stage","tag-karate-2","tag-stage-karate"],"yoast_head":"<!-- This site is optimized with the Yoast SEO plugin v27.4 - https:\/\/yoast.com\/product\/yoast-seo-wordpress\/ -->\n<title>Compte rendu stage Karat\u00e9 (f\u00e9vrier 2020) - Blagnac Arts Martiaux<\/title>\n<meta name=\"robots\" content=\"index, follow, max-snippet:-1, max-image-preview:large, max-video-preview:-1\" \/>\n<link rel=\"canonical\" href=\"https:\/\/www.blagnacartsmartiaux.fr\/site\/2020\/02\/25\/compte-rendu-stage-karate-fevrier-2020\/\" \/>\n<meta property=\"og:locale\" content=\"fr_FR\" \/>\n<meta property=\"og:type\" content=\"article\" \/>\n<meta property=\"og:title\" content=\"Compte rendu stage Karat\u00e9 (f\u00e9vrier 2020) - Blagnac Arts Martiaux\" \/>\n<meta property=\"og:description\" content=\"Compte rendu du stage avec interview de Shimabukuro sur 100% Radio\" \/>\n<meta property=\"og:url\" content=\"https:\/\/www.blagnacartsmartiaux.fr\/site\/2020\/02\/25\/compte-rendu-stage-karate-fevrier-2020\/\" \/>\n<meta property=\"og:site_name\" content=\"Blagnac Arts Martiaux\" \/>\n<meta property=\"article:publisher\" content=\"https:\/\/www.facebook.com\/BlagnacArtsMartiaux\" \/>\n<meta property=\"article:published_time\" content=\"2020-02-25T08:12:15+00:00\" \/>\n<meta property=\"article:modified_time\" content=\"2020-09-01T08:16:57+00:00\" \/>\n<meta property=\"og:image\" content=\"https:\/\/www.blagnacartsmartiaux.fr\/site\/wp-content\/uploads\/2020\/02\/87435971_2523746961213930_5843327440276946944_o.jpg\" \/>\n\t<meta property=\"og:image:width\" content=\"2048\" \/>\n\t<meta property=\"og:image:height\" content=\"1536\" \/>\n\t<meta property=\"og:image:type\" content=\"image\/jpeg\" \/>\n<meta name=\"author\" content=\"Blagnac Arts Martiaux\" \/>\n<meta name=\"twitter:card\" content=\"summary_large_image\" \/>\n<meta name=\"twitter:creator\" content=\"@BlagnacArtsM\" \/>\n<meta name=\"twitter:site\" content=\"@BlagnacArtsM\" \/>\n<meta name=\"twitter:label1\" content=\"\u00c9crit par\" \/>\n\t<meta name=\"twitter:data1\" content=\"Blagnac Arts Martiaux\" \/>\n\t<meta name=\"twitter:label2\" content=\"Dur\u00e9e de lecture estim\u00e9e\" \/>\n\t<meta name=\"twitter:data2\" content=\"1 minute\" \/>\n<script type=\"application\/ld+json\" class=\"yoast-schema-graph\">{\"@context\":\"https:\\\/\\\/schema.org\",\"@graph\":[{\"@type\":\"Article\",\"@id\":\"https:\\\/\\\/www.blagnacartsmartiaux.fr\\\/site\\\/2020\\\/02\\\/25\\\/compte-rendu-stage-karate-fevrier-2020\\\/#article\",\"isPartOf\":{\"@id\":\"https:\\\/\\\/www.blagnacartsmartiaux.fr\\\/site\\\/2020\\\/02\\\/25\\\/compte-rendu-stage-karate-fevrier-2020\\\/\"},\"author\":{\"name\":\"Blagnac Arts Martiaux\",\"@id\":\"https:\\\/\\\/www.blagnacartsmartiaux.fr\\\/site\\\/#\\\/schema\\\/person\\\/b33ea38d44e881172328448384ffc27a\"},\"headline\":\"Compte rendu stage Karat\u00e9 (f\u00e9vrier 2020)\",\"datePublished\":\"2020-02-25T08:12:15+00:00\",\"dateModified\":\"2020-09-01T08:16:57+00:00\",\"mainEntityOfPage\":{\"@id\":\"https:\\\/\\\/www.blagnacartsmartiaux.fr\\\/site\\\/2020\\\/02\\\/25\\\/compte-rendu-stage-karate-fevrier-2020\\\/\"},\"wordCount\":107,\"publisher\":{\"@id\":\"https:\\\/\\\/www.blagnacartsmartiaux.fr\\\/site\\\/#organization\"},\"image\":{\"@id\":\"https:\\\/\\\/www.blagnacartsmartiaux.fr\\\/site\\\/2020\\\/02\\\/25\\\/compte-rendu-stage-karate-fevrier-2020\\\/#primaryimage\"},\"thumbnailUrl\":\"https:\\\/\\\/www.blagnacartsmartiaux.fr\\\/site\\\/wp-content\\\/uploads\\\/2020\\\/02\\\/87435971_2523746961213930_5843327440276946944_o.jpg\",\"keywords\":[\"karat\u00e9\",\"stage karat\u00e9\"],\"articleSection\":[\"Karate\",\"Stage\"],\"inLanguage\":\"fr-FR\"},{\"@type\":\"WebPage\",\"@id\":\"https:\\\/\\\/www.blagnacartsmartiaux.fr\\\/site\\\/2020\\\/02\\\/25\\\/compte-rendu-stage-karate-fevrier-2020\\\/\",\"url\":\"https:\\\/\\\/www.blagnacartsmartiaux.fr\\\/site\\\/2020\\\/02\\\/25\\\/compte-rendu-stage-karate-fevrier-2020\\\/\",\"name\":\"Compte rendu stage Karat\u00e9 (f\u00e9vrier 2020) - Blagnac Arts Martiaux\",\"isPartOf\":{\"@id\":\"https:\\\/\\\/www.blagnacartsmartiaux.fr\\\/site\\\/#website\"},\"primaryImageOfPage\":{\"@id\":\"https:\\\/\\\/www.blagnacartsmartiaux.fr\\\/site\\\/2020\\\/02\\\/25\\\/compte-rendu-stage-karate-fevrier-2020\\\/#primaryimage\"},\"image\":{\"@id\":\"https:\\\/\\\/www.blagnacartsmartiaux.fr\\\/site\\\/2020\\\/02\\\/25\\\/compte-rendu-stage-karate-fevrier-2020\\\/#primaryimage\"},\"thumbnailUrl\":\"https:\\\/\\\/www.blagnacartsmartiaux.fr\\\/site\\\/wp-content\\\/uploads\\\/2020\\\/02\\\/87435971_2523746961213930_5843327440276946944_o.jpg\",\"datePublished\":\"2020-02-25T08:12:15+00:00\",\"dateModified\":\"2020-09-01T08:16:57+00:00\",\"breadcrumb\":{\"@id\":\"https:\\\/\\\/www.blagnacartsmartiaux.fr\\\/site\\\/2020\\\/02\\\/25\\\/compte-rendu-stage-karate-fevrier-2020\\\/#breadcrumb\"},\"inLanguage\":\"fr-FR\",\"potentialAction\":[{\"@type\":\"ReadAction\",\"target\":[\"https:\\\/\\\/www.blagnacartsmartiaux.fr\\\/site\\\/2020\\\/02\\\/25\\\/compte-rendu-stage-karate-fevrier-2020\\\/\"]}]},{\"@type\":\"ImageObject\",\"inLanguage\":\"fr-FR\",\"@id\":\"https:\\\/\\\/www.blagnacartsmartiaux.fr\\\/site\\\/2020\\\/02\\\/25\\\/compte-rendu-stage-karate-fevrier-2020\\\/#primaryimage\",\"url\":\"https:\\\/\\\/www.blagnacartsmartiaux.fr\\\/site\\\/wp-content\\\/uploads\\\/2020\\\/02\\\/87435971_2523746961213930_5843327440276946944_o.jpg\",\"contentUrl\":\"https:\\\/\\\/www.blagnacartsmartiaux.fr\\\/site\\\/wp-content\\\/uploads\\\/2020\\\/02\\\/87435971_2523746961213930_5843327440276946944_o.jpg\",\"width\":2048,\"height\":1536},{\"@type\":\"BreadcrumbList\",\"@id\":\"https:\\\/\\\/www.blagnacartsmartiaux.fr\\\/site\\\/2020\\\/02\\\/25\\\/compte-rendu-stage-karate-fevrier-2020\\\/#breadcrumb\",\"itemListElement\":[{\"@type\":\"ListItem\",\"position\":1,\"name\":\"Accueil\",\"item\":\"https:\\\/\\\/www.blagnacartsmartiaux.fr\\\/site\\\/\"},{\"@type\":\"ListItem\",\"position\":2,\"name\":\"Compte rendu stage Karat\u00e9 (f\u00e9vrier 2020)\"}]},{\"@type\":\"WebSite\",\"@id\":\"https:\\\/\\\/www.blagnacartsmartiaux.fr\\\/site\\\/#website\",\"url\":\"https:\\\/\\\/www.blagnacartsmartiaux.fr\\\/site\\\/\",\"name\":\"Blagnac Arts Martiaux\",\"description\":\"Le club de Judo, Karat\u00e9, Jujitsu, Arnis Kali et Self D\u00e9fense sur Blagnac\",\"publisher\":{\"@id\":\"https:\\\/\\\/www.blagnacartsmartiaux.fr\\\/site\\\/#organization\"},\"potentialAction\":[{\"@type\":\"SearchAction\",\"target\":{\"@type\":\"EntryPoint\",\"urlTemplate\":\"https:\\\/\\\/www.blagnacartsmartiaux.fr\\\/site\\\/?s={search_term_string}\"},\"query-input\":{\"@type\":\"PropertyValueSpecification\",\"valueRequired\":true,\"valueName\":\"search_term_string\"}}],\"inLanguage\":\"fr-FR\"},{\"@type\":\"Organization\",\"@id\":\"https:\\\/\\\/www.blagnacartsmartiaux.fr\\\/site\\\/#organization\",\"name\":\"Blagnac Arts Martiaux\",\"url\":\"https:\\\/\\\/www.blagnacartsmartiaux.fr\\\/site\\\/\",\"logo\":{\"@type\":\"ImageObject\",\"inLanguage\":\"fr-FR\",\"@id\":\"https:\\\/\\\/www.blagnacartsmartiaux.fr\\\/site\\\/#\\\/schema\\\/logo\\\/image\\\/\",\"url\":\"https:\\\/\\\/www.blagnacartsmartiaux.fr\\\/site\\\/wp-content\\\/uploads\\\/2020\\\/05\\\/cropped-bam-wide.png\",\"contentUrl\":\"https:\\\/\\\/www.blagnacartsmartiaux.fr\\\/site\\\/wp-content\\\/uploads\\\/2020\\\/05\\\/cropped-bam-wide.png\",\"width\":180,\"height\":60,\"caption\":\"Blagnac Arts Martiaux\"},\"image\":{\"@id\":\"https:\\\/\\\/www.blagnacartsmartiaux.fr\\\/site\\\/#\\\/schema\\\/logo\\\/image\\\/\"},\"sameAs\":[\"https:\\\/\\\/www.facebook.com\\\/BlagnacArtsMartiaux\",\"https:\\\/\\\/x.com\\\/BlagnacArtsM\"]},{\"@type\":\"Person\",\"@id\":\"https:\\\/\\\/www.blagnacartsmartiaux.fr\\\/site\\\/#\\\/schema\\\/person\\\/b33ea38d44e881172328448384ffc27a\",\"name\":\"Blagnac Arts Martiaux\",\"image\":{\"@type\":\"ImageObject\",\"inLanguage\":\"fr-FR\",\"@id\":\"https:\\\/\\\/secure.gravatar.com\\\/avatar\\\/042cecfc77c8e7783bd80715818a6e2576590f15b8c8a556fda71b640b99958f?s=96&d=mm&r=g\",\"url\":\"https:\\\/\\\/secure.gravatar.com\\\/avatar\\\/042cecfc77c8e7783bd80715818a6e2576590f15b8c8a556fda71b640b99958f?s=96&d=mm&r=g\",\"contentUrl\":\"https:\\\/\\\/secure.gravatar.com\\\/avatar\\\/042cecfc77c8e7783bd80715818a6e2576590f15b8c8a556fda71b640b99958f?s=96&d=mm&r=g\",\"caption\":\"Blagnac Arts Martiaux\"},\"url\":\"https:\\\/\\\/www.blagnacartsmartiaux.fr\\\/site\\\/author\\\/administrator\\\/\"}]}<\/script>\n<!-- \/ Yoast SEO plugin. -->","yoast_head_json":{"title":"Compte rendu stage Karat\u00e9 (f\u00e9vrier 2020) - Blagnac Arts Martiaux","robots":{"index":"index","follow":"follow","max-snippet":"max-snippet:-1","max-image-preview":"max-image-preview:large","max-video-preview":"max-video-preview:-1"},"canonical":"https:\/\/www.blagnacartsmartiaux.fr\/site\/2020\/02\/25\/compte-rendu-stage-karate-fevrier-2020\/","og_locale":"fr_FR","og_type":"article","og_title":"Compte rendu stage Karat\u00e9 (f\u00e9vrier 2020) - Blagnac Arts Martiaux","og_description":"Compte rendu du stage avec interview de Shimabukuro sur 100% Radio","og_url":"https:\/\/www.blagnacartsmartiaux.fr\/site\/2020\/02\/25\/compte-rendu-stage-karate-fevrier-2020\/","og_site_name":"Blagnac Arts Martiaux","article_publisher":"https:\/\/www.facebook.com\/BlagnacArtsMartiaux","article_published_time":"2020-02-25T08:12:15+00:00","article_modified_time":"2020-09-01T08:16:57+00:00","og_image":[{"width":2048,"height":1536,"url":"https:\/\/www.blagnacartsmartiaux.fr\/site\/wp-content\/uploads\/2020\/02\/87435971_2523746961213930_5843327440276946944_o.jpg","type":"image\/jpeg"}],"author":"Blagnac Arts Martiaux","twitter_card":"summary_large_image","twitter_creator":"@BlagnacArtsM","twitter_site":"@BlagnacArtsM","twitter_misc":{"\u00c9crit par":"Blagnac Arts Martiaux","Dur\u00e9e de lecture estim\u00e9e":"1 minute"},"schema":{"@context":"https:\/\/schema.org","@graph":[{"@type":"Article","@id":"https:\/\/www.blagnacartsmartiaux.fr\/site\/2020\/02\/25\/compte-rendu-stage-karate-fevrier-2020\/#article","isPartOf":{"@id":"https:\/\/www.blagnacartsmartiaux.fr\/site\/2020\/02\/25\/compte-rendu-stage-karate-fevrier-2020\/"},"author":{"name":"Blagnac Arts Martiaux","@id":"https:\/\/www.blagnacartsmartiaux.fr\/site\/#\/schema\/person\/b33ea38d44e881172328448384ffc27a"},"headline":"Compte rendu stage Karat\u00e9 (f\u00e9vrier 2020)","datePublished":"2020-02-25T08:12:15+00:00","dateModified":"2020-09-01T08:16:57+00:00","mainEntityOfPage":{"@id":"https:\/\/www.blagnacartsmartiaux.fr\/site\/2020\/02\/25\/compte-rendu-stage-karate-fevrier-2020\/"},"wordCount":107,"publisher":{"@id":"https:\/\/www.blagnacartsmartiaux.fr\/site\/#organization"},"image":{"@id":"https:\/\/www.blagnacartsmartiaux.fr\/site\/2020\/02\/25\/compte-rendu-stage-karate-fevrier-2020\/#primaryimage"},"thumbnailUrl":"https:\/\/www.blagnacartsmartiaux.fr\/site\/wp-content\/uploads\/2020\/02\/87435971_2523746961213930_5843327440276946944_o.jpg","keywords":["karat\u00e9","stage karat\u00e9"],"articleSection":["Karate","Stage"],"inLanguage":"fr-FR"},{"@type":"WebPage","@id":"https:\/\/www.blagnacartsmartiaux.fr\/site\/2020\/02\/25\/compte-rendu-stage-karate-fevrier-2020\/","url":"https:\/\/www.blagnacartsmartiaux.fr\/site\/2020\/02\/25\/compte-rendu-stage-karate-fevrier-2020\/","name":"Compte rendu stage Karat\u00e9 (f\u00e9vrier 2020) - Blagnac Arts Martiaux","isPartOf":{"@id":"https:\/\/www.blagnacartsmartiaux.fr\/site\/#website"},"primaryImageOfPage":{"@id":"https:\/\/www.blagnacartsmartiaux.fr\/site\/2020\/02\/25\/compte-rendu-stage-karate-fevrier-2020\/#primaryimage"},"image":{"@id":"https:\/\/www.blagnacartsmartiaux.fr\/site\/2020\/02\/25\/compte-rendu-stage-karate-fevrier-2020\/#primaryimage"},"thumbnailUrl":"https:\/\/www.blagnacartsmartiaux.fr\/site\/wp-content\/uploads\/2020\/02\/87435971_2523746961213930_5843327440276946944_o.jpg","datePublished":"2020-02-25T08:12:15+00:00","dateModified":"2020-09-01T08:16:57+00:00","breadcrumb":{"@id":"https:\/\/www.blagnacartsmartiaux.fr\/site\/2020\/02\/25\/compte-rendu-stage-karate-fevrier-2020\/#breadcrumb"},"inLanguage":"fr-FR","potentialAction":[{"@type":"ReadAction","target":["https:\/\/www.blagnacartsmartiaux.fr\/site\/2020\/02\/25\/compte-rendu-stage-karate-fevrier-2020\/"]}]},{"@type":"ImageObject","inLanguage":"fr-FR","@id":"https:\/\/www.blagnacartsmartiaux.fr\/site\/2020\/02\/25\/compte-rendu-stage-karate-fevrier-2020\/#primaryimage","url":"https:\/\/www.blagnacartsmartiaux.fr\/site\/wp-content\/uploads\/2020\/02\/87435971_2523746961213930_5843327440276946944_o.jpg","contentUrl":"https:\/\/www.blagnacartsmartiaux.fr\/site\/wp-content\/uploads\/2020\/02\/87435971_2523746961213930_5843327440276946944_o.jpg","width":2048,"height":1536},{"@type":"BreadcrumbList","@id":"https:\/\/www.blagnacartsmartiaux.fr\/site\/2020\/02\/25\/compte-rendu-stage-karate-fevrier-2020\/#breadcrumb","itemListElement":[{"@type":"ListItem","position":1,"name":"Accueil","item":"https:\/\/www.blagnacartsmartiaux.fr\/site\/"},{"@type":"ListItem","position":2,"name":"Compte rendu stage Karat\u00e9 (f\u00e9vrier 2020)"}]},{"@type":"WebSite","@id":"https:\/\/www.blagnacartsmartiaux.fr\/site\/#website","url":"https:\/\/www.blagnacartsmartiaux.fr\/site\/","name":"Blagnac Arts Martiaux","description":"Le club de Judo, Karat\u00e9, Jujitsu, Arnis Kali et Self D\u00e9fense sur Blagnac","publisher":{"@id":"https:\/\/www.blagnacartsmartiaux.fr\/site\/#organization"},"potentialAction":[{"@type":"SearchAction","target":{"@type":"EntryPoint","urlTemplate":"https:\/\/www.blagnacartsmartiaux.fr\/site\/?s={search_term_string}"},"query-input":{"@type":"PropertyValueSpecification","valueRequired":true,"valueName":"search_term_string"}}],"inLanguage":"fr-FR"},{"@type":"Organization","@id":"https:\/\/www.blagnacartsmartiaux.fr\/site\/#organization","name":"Blagnac Arts Martiaux","url":"https:\/\/www.blagnacartsmartiaux.fr\/site\/","logo":{"@type":"ImageObject","inLanguage":"fr-FR","@id":"https:\/\/www.blagnacartsmartiaux.fr\/site\/#\/schema\/logo\/image\/","url":"https:\/\/www.blagnacartsmartiaux.fr\/site\/wp-content\/uploads\/2020\/05\/cropped-bam-wide.png","contentUrl":"https:\/\/www.blagnacartsmartiaux.fr\/site\/wp-content\/uploads\/2020\/05\/cropped-bam-wide.png","width":180,"height":60,"caption":"Blagnac Arts Martiaux"},"image":{"@id":"https:\/\/www.blagnacartsmartiaux.fr\/site\/#\/schema\/logo\/image\/"},"sameAs":["https:\/\/www.facebook.com\/BlagnacArtsMartiaux","https:\/\/x.com\/BlagnacArtsM"]},{"@type":"Person","@id":"https:\/\/www.blagnacartsmartiaux.fr\/site\/#\/schema\/person\/b33ea38d44e881172328448384ffc27a","name":"Blagnac Arts Martiaux","image":{"@type":"ImageObject","inLanguage":"fr-FR","@id":"https:\/\/secure.gravatar.com\/avatar\/042cecfc77c8e7783bd80715818a6e2576590f15b8c8a556fda71b640b99958f?s=96&d=mm&r=g","url":"https:\/\/secure.gravatar.com\/avatar\/042cecfc77c8e7783bd80715818a6e2576590f15b8c8a556fda71b640b99958f?s=96&d=mm&r=g","contentUrl":"https:\/\/secure.gravatar.com\/avatar\/042cecfc77c8e7783bd80715818a6e2576590f15b8c8a556fda71b640b99958f?s=96&d=mm&r=g","caption":"Blagnac Arts Martiaux"},"url":"https:\/\/www.blagnacartsmartiaux.fr\/site\/author\/administrator\/"}]}},"_links":{"self":[{"href":"https:\/\/www.blagnacartsmartiaux.fr\/site\/wp-json\/wp\/v2\/posts\/3090","targetHints":{"allow":["GET"]}}],"collection":[{"href":"https:\/\/www.blagnacartsmartiaux.fr\/site\/wp-json\/wp\/v2\/posts"}],"about":[{"href":"https:\/\/www.blagnacartsmartiaux.fr\/site\/wp-json\/wp\/v2\/types\/post"}],"author":[{"embeddable":true,"href":"https:\/\/www.blagnacartsmartiaux.fr\/site\/wp-json\/wp\/v2\/users\/1"}],"replies":[{"embeddable":true,"href":"https:\/\/www.blagnacartsmartiaux.fr\/site\/wp-json\/wp\/v2\/comments?post=3090"}],"version-history":[{"count":6,"href":"https:\/\/www.blagnacartsmartiaux.fr\/site\/wp-json\/wp\/v2\/posts\/3090\/revisions"}],"predecessor-version":[{"id":3265,"href":"https:\/\/www.blagnacartsmartiaux.fr\/site\/wp-json\/wp\/v2\/posts\/3090\/revisions\/3265"}],"wp:featuredmedia":[{"embeddable":true,"href":"https:\/\/www.blagnacartsmartiaux.fr\/site\/wp-json\/wp\/v2\/media\/3091"}],"wp:attachment":[{"href":"https:\/\/www.blagnacartsmartiaux.fr\/site\/wp-json\/wp\/v2\/media?parent=3090"}],"wp:term":[{"taxonomy":"category","embeddable":true,"href":"https:\/\/www.blagnacartsmartiaux.fr\/site\/wp-json\/wp\/v2\/categories?post=3090"},{"taxonomy":"post_tag","embeddable":true,"href":"https:\/\/www.blagnacartsmartiaux.fr\/site\/wp-json\/wp\/v2\/tags?post=3090"}],"curies":[{"name":"wp","href":"https:\/\/api.w.org\/{rel}","templated":true}]}}