{"id":3114,"date":"2020-03-04T11:29:25","date_gmt":"2020-03-04T09:29:25","guid":{"rendered":"http:\/\/www.blagnacartsmartiaux.fr\/site\/?p=3114"},"modified":"2020-09-01T10:16:45","modified_gmt":"2020-09-01T08:16:45","slug":"compte-rendu-stage-karate-enfants","status":"publish","type":"post","link":"https:\/\/www.blagnacartsmartiaux.fr\/site\/2020\/03\/04\/compte-rendu-stage-karate-enfants\/","title":{"rendered":"Compte rendu stage karat\u00e9 enfants"},"content":{"rendered":"\n<p>Retrouver la perle de la sagesse du <strong>grand dragon de Jade<\/strong>. <\/p>\n\n\n\n<p>C\u2019est avec ce d\u00e9fi que les enfants du <a href=\"https:\/\/www.blagnacartsmartiaux.fr\/site\/karate-enfants-a-blagnac\/\">Blagnac Arts Martiaux<\/a> et de Fonbeauzard, \u00e2g\u00e9s de 6 \u00e0 13 ans, ont d\u00e9but\u00e9 cette journ\u00e9e de stage toute en convivialit\u00e9, \u00e9changes et concentration.<\/p>\n\n\n\n<figure class=\"wp-block-image\"><img fetchpriority=\"high\" decoding=\"async\" width=\"1024\" height=\"497\" src=\"https:\/\/www.blagnacartsmartiaux.fr\/site\/wp-content\/uploads\/2020\/03\/bam-5-1024x497.jpg\" alt=\"\" class=\"wp-image-3125\" srcset=\"https:\/\/www.blagnacartsmartiaux.fr\/site\/wp-content\/uploads\/2020\/03\/bam-5-1024x497.jpg 1024w, https:\/\/www.blagnacartsmartiaux.fr\/site\/wp-content\/uploads\/2020\/03\/bam-5-300x146.jpg 300w, https:\/\/www.blagnacartsmartiaux.fr\/site\/wp-content\/uploads\/2020\/03\/bam-5-768x373.jpg 768w, https:\/\/www.blagnacartsmartiaux.fr\/site\/wp-content\/uploads\/2020\/03\/bam-5.jpg 1200w\" sizes=\"(max-width: 1024px) 100vw, 1024px\" \/><figcaption>Le corps et l&rsquo;esprit en Karat\u00e9<\/figcaption><\/figure>\n\n\n\n<p>Comprendre l\u2019importance du travail musculaire, aller au-del\u00e0 de ses capacit\u00e9s, apprendre \u00e0 r\u00e9sister, s\u2019opposer, r\u00e9agir, r\u00e9fl\u00e9chir, seul ou en coop\u00e9ration. Approfondir ses techniques mains\/ pieds, pour mieux appr\u00e9hender le combat au final. <\/p>\n\n\n\n<ul class=\"wp-block-gallery columns-2 is-cropped wp-block-gallery-1 is-layout-flex wp-block-gallery-is-layout-flex\"><li class=\"blocks-gallery-item\"><figure><img decoding=\"async\" width=\"1024\" height=\"497\" src=\"https:\/\/www.blagnacartsmartiaux.fr\/site\/wp-content\/uploads\/2020\/03\/bam-4-1024x497.jpg\" alt=\"\" data-id=\"3124\" data-link=\"https:\/\/www.blagnacartsmartiaux.fr\/site\/?attachment_id=3124#main\" class=\"wp-image-3124\" srcset=\"https:\/\/www.blagnacartsmartiaux.fr\/site\/wp-content\/uploads\/2020\/03\/bam-4-1024x497.jpg 1024w, https:\/\/www.blagnacartsmartiaux.fr\/site\/wp-content\/uploads\/2020\/03\/bam-4-300x146.jpg 300w, https:\/\/www.blagnacartsmartiaux.fr\/site\/wp-content\/uploads\/2020\/03\/bam-4-768x373.jpg 768w, https:\/\/www.blagnacartsmartiaux.fr\/site\/wp-content\/uploads\/2020\/03\/bam-4.jpg 1200w\" sizes=\"(max-width: 1024px) 100vw, 1024px\" \/><\/figure><\/li><li class=\"blocks-gallery-item\"><figure><img decoding=\"async\" width=\"1024\" height=\"693\" src=\"https:\/\/www.blagnacartsmartiaux.fr\/site\/wp-content\/uploads\/2020\/03\/bam-3-1024x693.jpg\" alt=\"\" data-id=\"3123\" data-link=\"https:\/\/www.blagnacartsmartiaux.fr\/site\/?attachment_id=3123#main\" class=\"wp-image-3123\" srcset=\"https:\/\/www.blagnacartsmartiaux.fr\/site\/wp-content\/uploads\/2020\/03\/bam-3-1024x693.jpg 1024w, https:\/\/www.blagnacartsmartiaux.fr\/site\/wp-content\/uploads\/2020\/03\/bam-3-300x203.jpg 300w, https:\/\/www.blagnacartsmartiaux.fr\/site\/wp-content\/uploads\/2020\/03\/bam-3-768x519.jpg 768w, https:\/\/www.blagnacartsmartiaux.fr\/site\/wp-content\/uploads\/2020\/03\/bam-3.jpg 1471w\" sizes=\"(max-width: 1024px) 100vw, 1024px\" \/><\/figure><\/li><li class=\"blocks-gallery-item\"><figure><img loading=\"lazy\" decoding=\"async\" width=\"1024\" height=\"597\" src=\"https:\/\/www.blagnacartsmartiaux.fr\/site\/wp-content\/uploads\/2020\/03\/bam-2-1024x597.jpg\" alt=\"\" data-id=\"3122\" data-link=\"https:\/\/www.blagnacartsmartiaux.fr\/site\/?attachment_id=3122#main\" class=\"wp-image-3122\" srcset=\"https:\/\/www.blagnacartsmartiaux.fr\/site\/wp-content\/uploads\/2020\/03\/bam-2-1024x597.jpg 1024w, https:\/\/www.blagnacartsmartiaux.fr\/site\/wp-content\/uploads\/2020\/03\/bam-2-300x175.jpg 300w, https:\/\/www.blagnacartsmartiaux.fr\/site\/wp-content\/uploads\/2020\/03\/bam-2-768x448.jpg 768w, https:\/\/www.blagnacartsmartiaux.fr\/site\/wp-content\/uploads\/2020\/03\/bam-2.jpg 1250w\" sizes=\"(max-width: 1024px) 100vw, 1024px\" \/><\/figure><\/li><\/ul>\n\n\n\n<p>C\u2019est \u00e0 travers ces ateliers progressifs en alternance avec multiples \u00e9nigmes, qu\u2019ils ont pu d\u00e9velopper leurs connaissances de la discipline. Les enfants ayant finalement bien compris que le suppos\u00e9 tr\u00e9sor \u00e9tant la finalit\u00e9 de toute la connaissance qu\u2019ils avaient acquise tout au long de cette journ\u00e9e, que la volont\u00e9, l\u2019entraide, le partage et le courage qu\u2019ils avaient d\u00e9montr\u00e9 \u00e9tait leur meilleure r\u00e9compense.  <\/p>\n\n\n\n<p>Impatients, pour certains qui le demandaient d\u00e9j\u00e0, de renouveler l\u2019exp\u00e9rience, ils peuvent donc, d\u00e9j\u00e0, noter la date du prochain stage avec Lionel le 25 avril 2020. <\/p>\n\n\n\n<figure class=\"wp-block-image\"><img loading=\"lazy\" decoding=\"async\" width=\"1024\" height=\"588\" src=\"https:\/\/www.blagnacartsmartiaux.fr\/site\/wp-content\/uploads\/2020\/03\/bam-1-1024x588.jpg\" alt=\"\" class=\"wp-image-3121\" srcset=\"https:\/\/www.blagnacartsmartiaux.fr\/site\/wp-content\/uploads\/2020\/03\/bam-1-1024x588.jpg 1024w, https:\/\/www.blagnacartsmartiaux.fr\/site\/wp-content\/uploads\/2020\/03\/bam-1-300x172.jpg 300w, https:\/\/www.blagnacartsmartiaux.fr\/site\/wp-content\/uploads\/2020\/03\/bam-1-768x441.jpg 768w, https:\/\/www.blagnacartsmartiaux.fr\/site\/wp-content\/uploads\/2020\/03\/bam-1.jpg 1200w\" sizes=\"(max-width: 1024px) 100vw, 1024px\" \/><\/figure>\n","protected":false},"excerpt":{"rendered":"<p>Retrouver la perle de la sagesse du grand dragon de Jade. C\u2019est avec ce d\u00e9fi que les enfants du Blagnac Arts Martiaux et de Fonbeauzard, \u00e2g\u00e9s de 6 \u00e0 13 ans, ont d\u00e9but\u00e9 cette journ\u00e9e de stage toute en convivialit\u00e9, \u00e9changes et concentration. Comprendre l\u2019importance du travail musculaire, aller au-del\u00e0 de ses capacit\u00e9s, apprendre \u00e0 [&hellip;]<\/p>\n","protected":false},"author":1,"featured_media":3125,"comment_status":"closed","ping_status":"closed","sticky":false,"template":"","format":"standard","meta":{"site-sidebar-layout":"default","site-content-layout":"","ast-site-content-layout":"default","site-content-style":"default","site-sidebar-style":"default","ast-global-header-display":"","ast-banner-title-visibility":"","ast-main-header-display":"","ast-hfb-above-header-display":"","ast-hfb-below-header-display":"","ast-hfb-mobile-header-display":"","site-post-title":"","ast-breadcrumbs-content":"","ast-featured-img":"","footer-sml-layout":"","ast-disable-related-posts":"","theme-transparent-header-meta":"","adv-header-id-meta":"","stick-header-meta":"","header-above-stick-meta":"","header-main-stick-meta":"","header-below-stick-meta":"","astra-migrate-meta-layouts":"default","ast-page-background-enabled":"default","ast-page-background-meta":{"desktop":{"background-color":"","background-image":"","background-repeat":"repeat","background-position":"center center","background-size":"auto","background-attachment":"scroll","background-type":"","background-media":"","overlay-type":"","overlay-color":"","overlay-opacity":"","overlay-gradient":""},"tablet":{"background-color":"","background-image":"","background-repeat":"repeat","background-position":"center center","background-size":"auto","background-attachment":"scroll","background-type":"","background-media":"","overlay-type":"","overlay-color":"","overlay-opacity":"","overlay-gradient":""},"mobile":{"background-color":"","background-image":"","background-repeat":"repeat","background-position":"center center","background-size":"auto","background-attachment":"scroll","background-type":"","background-media":"","overlay-type":"","overlay-color":"","overlay-opacity":"","overlay-gradient":""}},"ast-content-background-meta":{"desktop":{"background-color":"var(--ast-global-color-5)","background-image":"","background-repeat":"repeat","background-position":"center center","background-size":"auto","background-attachment":"scroll","background-type":"","background-media":"","overlay-type":"","overlay-color":"","overlay-opacity":"","overlay-gradient":""},"tablet":{"background-color":"var(--ast-global-color-5)","background-image":"","background-repeat":"repeat","background-position":"center center","background-size":"auto","background-attachment":"scroll","background-type":"","background-media":"","overlay-type":"","overlay-color":"","overlay-opacity":"","overlay-gradient":""},"mobile":{"background-color":"var(--ast-global-color-5)","background-image":"","background-repeat":"repeat","background-position":"center center","background-size":"auto","background-attachment":"scroll","background-type":"","background-media":"","overlay-type":"","overlay-color":"","overlay-opacity":"","overlay-gradient":""}},"footnotes":""},"categories":[6,3],"tags":[118,11],"class_list":["post-3114","post","type-post","status-publish","format-standard","has-post-thumbnail","hentry","category-karate","category-stage","tag-stage","tag-stage-karate"],"yoast_head":"<!-- This site is optimized with the Yoast SEO plugin v27.4 - https:\/\/yoast.com\/product\/yoast-seo-wordpress\/ -->\n<title>Compte rendu stage karat\u00e9 enfants - Blagnac Arts Martiaux<\/title>\n<meta name=\"robots\" content=\"index, follow, max-snippet:-1, max-image-preview:large, max-video-preview:-1\" \/>\n<link rel=\"canonical\" href=\"https:\/\/www.blagnacartsmartiaux.fr\/site\/2020\/03\/04\/compte-rendu-stage-karate-enfants\/\" \/>\n<meta property=\"og:locale\" content=\"fr_FR\" \/>\n<meta property=\"og:type\" content=\"article\" \/>\n<meta property=\"og:title\" content=\"Compte rendu stage karat\u00e9 enfants - Blagnac Arts Martiaux\" \/>\n<meta property=\"og:description\" content=\"Retrouver la perle de la sagesse du grand dragon de Jade. C\u2019est avec ce d\u00e9fi que les enfants du Blagnac Arts Martiaux et de Fonbeauzard, \u00e2g\u00e9s de 6 \u00e0 13 ans, ont d\u00e9but\u00e9 cette journ\u00e9e de stage toute en convivialit\u00e9, \u00e9changes et concentration. Comprendre l\u2019importance du travail musculaire, aller au-del\u00e0 de ses capacit\u00e9s, apprendre \u00e0 [&hellip;]\" \/>\n<meta property=\"og:url\" content=\"https:\/\/www.blagnacartsmartiaux.fr\/site\/2020\/03\/04\/compte-rendu-stage-karate-enfants\/\" \/>\n<meta property=\"og:site_name\" content=\"Blagnac Arts Martiaux\" \/>\n<meta property=\"article:publisher\" content=\"https:\/\/www.facebook.com\/BlagnacArtsMartiaux\" \/>\n<meta property=\"article:published_time\" content=\"2020-03-04T09:29:25+00:00\" \/>\n<meta property=\"article:modified_time\" content=\"2020-09-01T08:16:45+00:00\" \/>\n<meta property=\"og:image\" content=\"https:\/\/www.blagnacartsmartiaux.fr\/site\/wp-content\/uploads\/2020\/03\/bam-5.jpg\" \/>\n\t<meta property=\"og:image:width\" content=\"1200\" \/>\n\t<meta property=\"og:image:height\" content=\"583\" \/>\n\t<meta property=\"og:image:type\" content=\"image\/jpeg\" \/>\n<meta name=\"author\" content=\"Blagnac Arts Martiaux\" \/>\n<meta name=\"twitter:card\" content=\"summary_large_image\" \/>\n<meta name=\"twitter:image\" content=\"https:\/\/www.blagnacartsmartiaux.fr\/site\/wp-content\/uploads\/2020\/03\/bam-1.jpg\" \/>\n<meta name=\"twitter:creator\" content=\"@BlagnacArtsM\" \/>\n<meta name=\"twitter:site\" content=\"@BlagnacArtsM\" \/>\n<meta name=\"twitter:label1\" content=\"\u00c9crit par\" \/>\n\t<meta name=\"twitter:data1\" content=\"Blagnac Arts Martiaux\" \/>\n\t<meta name=\"twitter:label2\" content=\"Dur\u00e9e de lecture estim\u00e9e\" \/>\n\t<meta name=\"twitter:data2\" content=\"1 minute\" \/>\n<script type=\"application\/ld+json\" class=\"yoast-schema-graph\">{\"@context\":\"https:\\\/\\\/schema.org\",\"@graph\":[{\"@type\":\"Article\",\"@id\":\"https:\\\/\\\/www.blagnacartsmartiaux.fr\\\/site\\\/2020\\\/03\\\/04\\\/compte-rendu-stage-karate-enfants\\\/#article\",\"isPartOf\":{\"@id\":\"https:\\\/\\\/www.blagnacartsmartiaux.fr\\\/site\\\/2020\\\/03\\\/04\\\/compte-rendu-stage-karate-enfants\\\/\"},\"author\":{\"name\":\"Blagnac Arts Martiaux\",\"@id\":\"https:\\\/\\\/www.blagnacartsmartiaux.fr\\\/site\\\/#\\\/schema\\\/person\\\/b33ea38d44e881172328448384ffc27a\"},\"headline\":\"Compte rendu stage karat\u00e9 enfants\",\"datePublished\":\"2020-03-04T09:29:25+00:00\",\"dateModified\":\"2020-09-01T08:16:45+00:00\",\"mainEntityOfPage\":{\"@id\":\"https:\\\/\\\/www.blagnacartsmartiaux.fr\\\/site\\\/2020\\\/03\\\/04\\\/compte-rendu-stage-karate-enfants\\\/\"},\"wordCount\":196,\"publisher\":{\"@id\":\"https:\\\/\\\/www.blagnacartsmartiaux.fr\\\/site\\\/#organization\"},\"image\":{\"@id\":\"https:\\\/\\\/www.blagnacartsmartiaux.fr\\\/site\\\/2020\\\/03\\\/04\\\/compte-rendu-stage-karate-enfants\\\/#primaryimage\"},\"thumbnailUrl\":\"https:\\\/\\\/www.blagnacartsmartiaux.fr\\\/site\\\/wp-content\\\/uploads\\\/2020\\\/03\\\/bam-5.jpg\",\"keywords\":[\"Stage\",\"stage karat\u00e9\"],\"articleSection\":[\"Karate\",\"Stage\"],\"inLanguage\":\"fr-FR\"},{\"@type\":\"WebPage\",\"@id\":\"https:\\\/\\\/www.blagnacartsmartiaux.fr\\\/site\\\/2020\\\/03\\\/04\\\/compte-rendu-stage-karate-enfants\\\/\",\"url\":\"https:\\\/\\\/www.blagnacartsmartiaux.fr\\\/site\\\/2020\\\/03\\\/04\\\/compte-rendu-stage-karate-enfants\\\/\",\"name\":\"Compte rendu stage karat\u00e9 enfants - Blagnac Arts Martiaux\",\"isPartOf\":{\"@id\":\"https:\\\/\\\/www.blagnacartsmartiaux.fr\\\/site\\\/#website\"},\"primaryImageOfPage\":{\"@id\":\"https:\\\/\\\/www.blagnacartsmartiaux.fr\\\/site\\\/2020\\\/03\\\/04\\\/compte-rendu-stage-karate-enfants\\\/#primaryimage\"},\"image\":{\"@id\":\"https:\\\/\\\/www.blagnacartsmartiaux.fr\\\/site\\\/2020\\\/03\\\/04\\\/compte-rendu-stage-karate-enfants\\\/#primaryimage\"},\"thumbnailUrl\":\"https:\\\/\\\/www.blagnacartsmartiaux.fr\\\/site\\\/wp-content\\\/uploads\\\/2020\\\/03\\\/bam-5.jpg\",\"datePublished\":\"2020-03-04T09:29:25+00:00\",\"dateModified\":\"2020-09-01T08:16:45+00:00\",\"breadcrumb\":{\"@id\":\"https:\\\/\\\/www.blagnacartsmartiaux.fr\\\/site\\\/2020\\\/03\\\/04\\\/compte-rendu-stage-karate-enfants\\\/#breadcrumb\"},\"inLanguage\":\"fr-FR\",\"potentialAction\":[{\"@type\":\"ReadAction\",\"target\":[\"https:\\\/\\\/www.blagnacartsmartiaux.fr\\\/site\\\/2020\\\/03\\\/04\\\/compte-rendu-stage-karate-enfants\\\/\"]}]},{\"@type\":\"ImageObject\",\"inLanguage\":\"fr-FR\",\"@id\":\"https:\\\/\\\/www.blagnacartsmartiaux.fr\\\/site\\\/2020\\\/03\\\/04\\\/compte-rendu-stage-karate-enfants\\\/#primaryimage\",\"url\":\"https:\\\/\\\/www.blagnacartsmartiaux.fr\\\/site\\\/wp-content\\\/uploads\\\/2020\\\/03\\\/bam-5.jpg\",\"contentUrl\":\"https:\\\/\\\/www.blagnacartsmartiaux.fr\\\/site\\\/wp-content\\\/uploads\\\/2020\\\/03\\\/bam-5.jpg\",\"width\":1200,\"height\":583},{\"@type\":\"BreadcrumbList\",\"@id\":\"https:\\\/\\\/www.blagnacartsmartiaux.fr\\\/site\\\/2020\\\/03\\\/04\\\/compte-rendu-stage-karate-enfants\\\/#breadcrumb\",\"itemListElement\":[{\"@type\":\"ListItem\",\"position\":1,\"name\":\"Accueil\",\"item\":\"https:\\\/\\\/www.blagnacartsmartiaux.fr\\\/site\\\/\"},{\"@type\":\"ListItem\",\"position\":2,\"name\":\"Compte rendu stage karat\u00e9 enfants\"}]},{\"@type\":\"WebSite\",\"@id\":\"https:\\\/\\\/www.blagnacartsmartiaux.fr\\\/site\\\/#website\",\"url\":\"https:\\\/\\\/www.blagnacartsmartiaux.fr\\\/site\\\/\",\"name\":\"Blagnac Arts Martiaux\",\"description\":\"Le club de Judo, Karat\u00e9, Jujitsu, Arnis Kali et Self D\u00e9fense sur Blagnac\",\"publisher\":{\"@id\":\"https:\\\/\\\/www.blagnacartsmartiaux.fr\\\/site\\\/#organization\"},\"potentialAction\":[{\"@type\":\"SearchAction\",\"target\":{\"@type\":\"EntryPoint\",\"urlTemplate\":\"https:\\\/\\\/www.blagnacartsmartiaux.fr\\\/site\\\/?s={search_term_string}\"},\"query-input\":{\"@type\":\"PropertyValueSpecification\",\"valueRequired\":true,\"valueName\":\"search_term_string\"}}],\"inLanguage\":\"fr-FR\"},{\"@type\":\"Organization\",\"@id\":\"https:\\\/\\\/www.blagnacartsmartiaux.fr\\\/site\\\/#organization\",\"name\":\"Blagnac Arts Martiaux\",\"url\":\"https:\\\/\\\/www.blagnacartsmartiaux.fr\\\/site\\\/\",\"logo\":{\"@type\":\"ImageObject\",\"inLanguage\":\"fr-FR\",\"@id\":\"https:\\\/\\\/www.blagnacartsmartiaux.fr\\\/site\\\/#\\\/schema\\\/logo\\\/image\\\/\",\"url\":\"https:\\\/\\\/www.blagnacartsmartiaux.fr\\\/site\\\/wp-content\\\/uploads\\\/2020\\\/05\\\/cropped-bam-wide.png\",\"contentUrl\":\"https:\\\/\\\/www.blagnacartsmartiaux.fr\\\/site\\\/wp-content\\\/uploads\\\/2020\\\/05\\\/cropped-bam-wide.png\",\"width\":180,\"height\":60,\"caption\":\"Blagnac Arts Martiaux\"},\"image\":{\"@id\":\"https:\\\/\\\/www.blagnacartsmartiaux.fr\\\/site\\\/#\\\/schema\\\/logo\\\/image\\\/\"},\"sameAs\":[\"https:\\\/\\\/www.facebook.com\\\/BlagnacArtsMartiaux\",\"https:\\\/\\\/x.com\\\/BlagnacArtsM\"]},{\"@type\":\"Person\",\"@id\":\"https:\\\/\\\/www.blagnacartsmartiaux.fr\\\/site\\\/#\\\/schema\\\/person\\\/b33ea38d44e881172328448384ffc27a\",\"name\":\"Blagnac Arts Martiaux\",\"image\":{\"@type\":\"ImageObject\",\"inLanguage\":\"fr-FR\",\"@id\":\"https:\\\/\\\/secure.gravatar.com\\\/avatar\\\/042cecfc77c8e7783bd80715818a6e2576590f15b8c8a556fda71b640b99958f?s=96&d=mm&r=g\",\"url\":\"https:\\\/\\\/secure.gravatar.com\\\/avatar\\\/042cecfc77c8e7783bd80715818a6e2576590f15b8c8a556fda71b640b99958f?s=96&d=mm&r=g\",\"contentUrl\":\"https:\\\/\\\/secure.gravatar.com\\\/avatar\\\/042cecfc77c8e7783bd80715818a6e2576590f15b8c8a556fda71b640b99958f?s=96&d=mm&r=g\",\"caption\":\"Blagnac Arts Martiaux\"},\"url\":\"https:\\\/\\\/www.blagnacartsmartiaux.fr\\\/site\\\/author\\\/administrator\\\/\"}]}<\/script>\n<!-- \/ Yoast SEO plugin. -->","yoast_head_json":{"title":"Compte rendu stage karat\u00e9 enfants - Blagnac Arts Martiaux","robots":{"index":"index","follow":"follow","max-snippet":"max-snippet:-1","max-image-preview":"max-image-preview:large","max-video-preview":"max-video-preview:-1"},"canonical":"https:\/\/www.blagnacartsmartiaux.fr\/site\/2020\/03\/04\/compte-rendu-stage-karate-enfants\/","og_locale":"fr_FR","og_type":"article","og_title":"Compte rendu stage karat\u00e9 enfants - Blagnac Arts Martiaux","og_description":"Retrouver la perle de la sagesse du grand dragon de Jade. C\u2019est avec ce d\u00e9fi que les enfants du Blagnac Arts Martiaux et de Fonbeauzard, \u00e2g\u00e9s de 6 \u00e0 13 ans, ont d\u00e9but\u00e9 cette journ\u00e9e de stage toute en convivialit\u00e9, \u00e9changes et concentration. Comprendre l\u2019importance du travail musculaire, aller au-del\u00e0 de ses capacit\u00e9s, apprendre \u00e0 [&hellip;]","og_url":"https:\/\/www.blagnacartsmartiaux.fr\/site\/2020\/03\/04\/compte-rendu-stage-karate-enfants\/","og_site_name":"Blagnac Arts Martiaux","article_publisher":"https:\/\/www.facebook.com\/BlagnacArtsMartiaux","article_published_time":"2020-03-04T09:29:25+00:00","article_modified_time":"2020-09-01T08:16:45+00:00","og_image":[{"width":1200,"height":583,"url":"https:\/\/www.blagnacartsmartiaux.fr\/site\/wp-content\/uploads\/2020\/03\/bam-5.jpg","type":"image\/jpeg"}],"author":"Blagnac Arts Martiaux","twitter_card":"summary_large_image","twitter_image":"https:\/\/www.blagnacartsmartiaux.fr\/site\/wp-content\/uploads\/2020\/03\/bam-1.jpg","twitter_creator":"@BlagnacArtsM","twitter_site":"@BlagnacArtsM","twitter_misc":{"\u00c9crit par":"Blagnac Arts Martiaux","Dur\u00e9e de lecture estim\u00e9e":"1 minute"},"schema":{"@context":"https:\/\/schema.org","@graph":[{"@type":"Article","@id":"https:\/\/www.blagnacartsmartiaux.fr\/site\/2020\/03\/04\/compte-rendu-stage-karate-enfants\/#article","isPartOf":{"@id":"https:\/\/www.blagnacartsmartiaux.fr\/site\/2020\/03\/04\/compte-rendu-stage-karate-enfants\/"},"author":{"name":"Blagnac Arts Martiaux","@id":"https:\/\/www.blagnacartsmartiaux.fr\/site\/#\/schema\/person\/b33ea38d44e881172328448384ffc27a"},"headline":"Compte rendu stage karat\u00e9 enfants","datePublished":"2020-03-04T09:29:25+00:00","dateModified":"2020-09-01T08:16:45+00:00","mainEntityOfPage":{"@id":"https:\/\/www.blagnacartsmartiaux.fr\/site\/2020\/03\/04\/compte-rendu-stage-karate-enfants\/"},"wordCount":196,"publisher":{"@id":"https:\/\/www.blagnacartsmartiaux.fr\/site\/#organization"},"image":{"@id":"https:\/\/www.blagnacartsmartiaux.fr\/site\/2020\/03\/04\/compte-rendu-stage-karate-enfants\/#primaryimage"},"thumbnailUrl":"https:\/\/www.blagnacartsmartiaux.fr\/site\/wp-content\/uploads\/2020\/03\/bam-5.jpg","keywords":["Stage","stage karat\u00e9"],"articleSection":["Karate","Stage"],"inLanguage":"fr-FR"},{"@type":"WebPage","@id":"https:\/\/www.blagnacartsmartiaux.fr\/site\/2020\/03\/04\/compte-rendu-stage-karate-enfants\/","url":"https:\/\/www.blagnacartsmartiaux.fr\/site\/2020\/03\/04\/compte-rendu-stage-karate-enfants\/","name":"Compte rendu stage karat\u00e9 enfants - Blagnac Arts Martiaux","isPartOf":{"@id":"https:\/\/www.blagnacartsmartiaux.fr\/site\/#website"},"primaryImageOfPage":{"@id":"https:\/\/www.blagnacartsmartiaux.fr\/site\/2020\/03\/04\/compte-rendu-stage-karate-enfants\/#primaryimage"},"image":{"@id":"https:\/\/www.blagnacartsmartiaux.fr\/site\/2020\/03\/04\/compte-rendu-stage-karate-enfants\/#primaryimage"},"thumbnailUrl":"https:\/\/www.blagnacartsmartiaux.fr\/site\/wp-content\/uploads\/2020\/03\/bam-5.jpg","datePublished":"2020-03-04T09:29:25+00:00","dateModified":"2020-09-01T08:16:45+00:00","breadcrumb":{"@id":"https:\/\/www.blagnacartsmartiaux.fr\/site\/2020\/03\/04\/compte-rendu-stage-karate-enfants\/#breadcrumb"},"inLanguage":"fr-FR","potentialAction":[{"@type":"ReadAction","target":["https:\/\/www.blagnacartsmartiaux.fr\/site\/2020\/03\/04\/compte-rendu-stage-karate-enfants\/"]}]},{"@type":"ImageObject","inLanguage":"fr-FR","@id":"https:\/\/www.blagnacartsmartiaux.fr\/site\/2020\/03\/04\/compte-rendu-stage-karate-enfants\/#primaryimage","url":"https:\/\/www.blagnacartsmartiaux.fr\/site\/wp-content\/uploads\/2020\/03\/bam-5.jpg","contentUrl":"https:\/\/www.blagnacartsmartiaux.fr\/site\/wp-content\/uploads\/2020\/03\/bam-5.jpg","width":1200,"height":583},{"@type":"BreadcrumbList","@id":"https:\/\/www.blagnacartsmartiaux.fr\/site\/2020\/03\/04\/compte-rendu-stage-karate-enfants\/#breadcrumb","itemListElement":[{"@type":"ListItem","position":1,"name":"Accueil","item":"https:\/\/www.blagnacartsmartiaux.fr\/site\/"},{"@type":"ListItem","position":2,"name":"Compte rendu stage karat\u00e9 enfants"}]},{"@type":"WebSite","@id":"https:\/\/www.blagnacartsmartiaux.fr\/site\/#website","url":"https:\/\/www.blagnacartsmartiaux.fr\/site\/","name":"Blagnac Arts Martiaux","description":"Le club de Judo, Karat\u00e9, Jujitsu, Arnis Kali et Self D\u00e9fense sur Blagnac","publisher":{"@id":"https:\/\/www.blagnacartsmartiaux.fr\/site\/#organization"},"potentialAction":[{"@type":"SearchAction","target":{"@type":"EntryPoint","urlTemplate":"https:\/\/www.blagnacartsmartiaux.fr\/site\/?s={search_term_string}"},"query-input":{"@type":"PropertyValueSpecification","valueRequired":true,"valueName":"search_term_string"}}],"inLanguage":"fr-FR"},{"@type":"Organization","@id":"https:\/\/www.blagnacartsmartiaux.fr\/site\/#organization","name":"Blagnac Arts Martiaux","url":"https:\/\/www.blagnacartsmartiaux.fr\/site\/","logo":{"@type":"ImageObject","inLanguage":"fr-FR","@id":"https:\/\/www.blagnacartsmartiaux.fr\/site\/#\/schema\/logo\/image\/","url":"https:\/\/www.blagnacartsmartiaux.fr\/site\/wp-content\/uploads\/2020\/05\/cropped-bam-wide.png","contentUrl":"https:\/\/www.blagnacartsmartiaux.fr\/site\/wp-content\/uploads\/2020\/05\/cropped-bam-wide.png","width":180,"height":60,"caption":"Blagnac Arts Martiaux"},"image":{"@id":"https:\/\/www.blagnacartsmartiaux.fr\/site\/#\/schema\/logo\/image\/"},"sameAs":["https:\/\/www.facebook.com\/BlagnacArtsMartiaux","https:\/\/x.com\/BlagnacArtsM"]},{"@type":"Person","@id":"https:\/\/www.blagnacartsmartiaux.fr\/site\/#\/schema\/person\/b33ea38d44e881172328448384ffc27a","name":"Blagnac Arts Martiaux","image":{"@type":"ImageObject","inLanguage":"fr-FR","@id":"https:\/\/secure.gravatar.com\/avatar\/042cecfc77c8e7783bd80715818a6e2576590f15b8c8a556fda71b640b99958f?s=96&d=mm&r=g","url":"https:\/\/secure.gravatar.com\/avatar\/042cecfc77c8e7783bd80715818a6e2576590f15b8c8a556fda71b640b99958f?s=96&d=mm&r=g","contentUrl":"https:\/\/secure.gravatar.com\/avatar\/042cecfc77c8e7783bd80715818a6e2576590f15b8c8a556fda71b640b99958f?s=96&d=mm&r=g","caption":"Blagnac Arts Martiaux"},"url":"https:\/\/www.blagnacartsmartiaux.fr\/site\/author\/administrator\/"}]}},"_links":{"self":[{"href":"https:\/\/www.blagnacartsmartiaux.fr\/site\/wp-json\/wp\/v2\/posts\/3114","targetHints":{"allow":["GET"]}}],"collection":[{"href":"https:\/\/www.blagnacartsmartiaux.fr\/site\/wp-json\/wp\/v2\/posts"}],"about":[{"href":"https:\/\/www.blagnacartsmartiaux.fr\/site\/wp-json\/wp\/v2\/types\/post"}],"author":[{"embeddable":true,"href":"https:\/\/www.blagnacartsmartiaux.fr\/site\/wp-json\/wp\/v2\/users\/1"}],"replies":[{"embeddable":true,"href":"https:\/\/www.blagnacartsmartiaux.fr\/site\/wp-json\/wp\/v2\/comments?post=3114"}],"version-history":[{"count":2,"href":"https:\/\/www.blagnacartsmartiaux.fr\/site\/wp-json\/wp\/v2\/posts\/3114\/revisions"}],"predecessor-version":[{"id":3126,"href":"https:\/\/www.blagnacartsmartiaux.fr\/site\/wp-json\/wp\/v2\/posts\/3114\/revisions\/3126"}],"wp:featuredmedia":[{"embeddable":true,"href":"https:\/\/www.blagnacartsmartiaux.fr\/site\/wp-json\/wp\/v2\/media\/3125"}],"wp:attachment":[{"href":"https:\/\/www.blagnacartsmartiaux.fr\/site\/wp-json\/wp\/v2\/media?parent=3114"}],"wp:term":[{"taxonomy":"category","embeddable":true,"href":"https:\/\/www.blagnacartsmartiaux.fr\/site\/wp-json\/wp\/v2\/categories?post=3114"},{"taxonomy":"post_tag","embeddable":true,"href":"https:\/\/www.blagnacartsmartiaux.fr\/site\/wp-json\/wp\/v2\/tags?post=3114"}],"curies":[{"name":"wp","href":"https:\/\/api.w.org\/{rel}","templated":true}]}}