{"id":3132,"date":"2020-03-09T17:58:24","date_gmt":"2020-03-09T15:58:24","guid":{"rendered":"http:\/\/www.blagnacartsmartiaux.fr\/site\/?p=3132"},"modified":"2020-03-09T17:58:26","modified_gmt":"2020-03-09T15:58:26","slug":"la-coupe-des-caouecs-1ere-edition","status":"publish","type":"post","link":"https:\/\/www.blagnacartsmartiaux.fr\/site\/2020\/03\/09\/la-coupe-des-caouecs-1ere-edition\/","title":{"rendered":"La Coupe des Caouecs &#8211; 1\u00e9re \u00e9dition"},"content":{"rendered":"\n<p>Dimanche 1er mars, le Blagnac Arts Martiaux organisait au gymnase Androm\u00e8de sa 1\u00e8re comp\u00e9tition amicale inter-clubs de judo&nbsp;\u00ab&nbsp;La Coupe des Caouecs \u00bb.<\/p>\n\n\n\n<p>L\u2019id\u00e9e  de cet \u00e9v\u00e8nement a germ\u00e9 dans la t\u00eate d\u2019un groupe de parents et  d\u2019\u00e9ducateurs b\u00e9n\u00e9voles qui accompagnent r\u00e9guli\u00e8rement nos jeunes aux  comp\u00e9titions tout au long de l\u2019ann\u00e9e.<\/p>\n\n\n\n<p>Cette amicale a rassembl\u00e9 environ 300 judokas essentiellement venus des clubs locaux allant des cat\u00e9gories \u00e9veils \u00e0 minimes.<\/p>\n\n\n\n<p>Les  jeunes judokas ont pu combattre dans un cadre s\u00e9curis\u00e9 et une ambiance  d\u00e9tendue gr\u00e2ce aux nombreux b\u00e9n\u00e9voles&nbsp;sur lesquels le club a pu compter  et qui ont \u00e9t\u00e9 r\u00e9partis sur les diff\u00e9rents \u00ab postes de travail \u00bb (arbitrage, accueil des judokas,  buvette\/restauration, \u2026).<\/p>\n\n\n\n<p>Sur  le plan sportif, le Blagnac arts martiaux a termin\u00e9 \u00e0 la 1ere place  suivi du club d&rsquo;Escalquens et de celui des Mazades Lalande. 16 clubs avaient r\u00e9pondu pr\u00e9sents pour participer \u00e0 cette manifestation. <\/p>\n\n\n\n<p class=\"has-background has-light-green-cyan-background-color\">L&rsquo;\u00e9quipe  organisatrice de la comp\u00e9tition tient \u00e0 remercier les nombreux  b\u00e9n\u00e9voles (parents, jeunes, judokas, profs, amis,&#8230;), les clubs  pr\u00e9sents, les nombreux sponsors, le CD 31 et bien s\u00fbr la mairie de Blagnac pour son soutien tout au long de l\u2019ann\u00e9e. <\/p>\n\n\n\n<p class=\"has-background has-luminous-vivid-amber-background-color\"><strong>Un grand merci \u00e0 vous tous qui avez fait de cette manifestation une r\u00e9ussite ! <\/strong><\/p>\n\n\n\n<figure class=\"wp-block-image\"><img fetchpriority=\"high\" decoding=\"async\" width=\"1024\" height=\"683\" src=\"https:\/\/www.blagnacartsmartiaux.fr\/site\/wp-content\/uploads\/2020\/03\/BAM202003-18-copie-1024x683.jpg\" alt=\"\" class=\"wp-image-3135\" srcset=\"https:\/\/www.blagnacartsmartiaux.fr\/site\/wp-content\/uploads\/2020\/03\/BAM202003-18-copie-1024x683.jpg 1024w, https:\/\/www.blagnacartsmartiaux.fr\/site\/wp-content\/uploads\/2020\/03\/BAM202003-18-copie-300x200.jpg 300w, https:\/\/www.blagnacartsmartiaux.fr\/site\/wp-content\/uploads\/2020\/03\/BAM202003-18-copie-768x512.jpg 768w\" sizes=\"(max-width: 1024px) 100vw, 1024px\" \/><figcaption>BAM _ Blagnac Arts Martiaux\nCoupe des Caouecs _ Tournoi amical\nMars 2020<\/figcaption><\/figure>\n\n\n\n<figure class=\"wp-block-image\"><img decoding=\"async\" width=\"1024\" height=\"255\" src=\"https:\/\/www.blagnacartsmartiaux.fr\/site\/wp-content\/uploads\/2020\/03\/BAM202003-2-copie-1024x255.jpg\" alt=\"\" class=\"wp-image-3137\" srcset=\"https:\/\/www.blagnacartsmartiaux.fr\/site\/wp-content\/uploads\/2020\/03\/BAM202003-2-copie-1024x255.jpg 1024w, https:\/\/www.blagnacartsmartiaux.fr\/site\/wp-content\/uploads\/2020\/03\/BAM202003-2-copie-300x75.jpg 300w, https:\/\/www.blagnacartsmartiaux.fr\/site\/wp-content\/uploads\/2020\/03\/BAM202003-2-copie-768x191.jpg 768w\" sizes=\"(max-width: 1024px) 100vw, 1024px\" \/><figcaption>BAM _ Blagnac Arts Martiaux\nCoupe des Caouecs _ Tournoi amical\nMars 2020<\/figcaption><\/figure>\n","protected":false},"excerpt":{"rendered":"<p>Dimanche 1er mars, le Blagnac Arts Martiaux organisait au gymnase Androm\u00e8de sa 1\u00e8re comp\u00e9tition amicale inter-clubs de judo&nbsp;\u00ab&nbsp;La Coupe des Caouecs \u00bb. L\u2019id\u00e9e de cet \u00e9v\u00e8nement a germ\u00e9 dans la t\u00eate d\u2019un groupe de parents et d\u2019\u00e9ducateurs b\u00e9n\u00e9voles qui accompagnent r\u00e9guli\u00e8rement nos jeunes aux comp\u00e9titions tout au long de l\u2019ann\u00e9e. Cette amicale a rassembl\u00e9 environ [&hellip;]<\/p>\n","protected":false},"author":1,"featured_media":3136,"comment_status":"closed","ping_status":"closed","sticky":false,"template":"","format":"standard","meta":{"site-sidebar-layout":"default","site-content-layout":"","ast-site-content-layout":"default","site-content-style":"default","site-sidebar-style":"default","ast-global-header-display":"","ast-banner-title-visibility":"","ast-main-header-display":"","ast-hfb-above-header-display":"","ast-hfb-below-header-display":"","ast-hfb-mobile-header-display":"","site-post-title":"","ast-breadcrumbs-content":"","ast-featured-img":"","footer-sml-layout":"","ast-disable-related-posts":"","theme-transparent-header-meta":"","adv-header-id-meta":"","stick-header-meta":"","header-above-stick-meta":"","header-main-stick-meta":"","header-below-stick-meta":"","astra-migrate-meta-layouts":"default","ast-page-background-enabled":"default","ast-page-background-meta":{"desktop":{"background-color":"","background-image":"","background-repeat":"repeat","background-position":"center center","background-size":"auto","background-attachment":"scroll","background-type":"","background-media":"","overlay-type":"","overlay-color":"","overlay-opacity":"","overlay-gradient":""},"tablet":{"background-color":"","background-image":"","background-repeat":"repeat","background-position":"center center","background-size":"auto","background-attachment":"scroll","background-type":"","background-media":"","overlay-type":"","overlay-color":"","overlay-opacity":"","overlay-gradient":""},"mobile":{"background-color":"","background-image":"","background-repeat":"repeat","background-position":"center center","background-size":"auto","background-attachment":"scroll","background-type":"","background-media":"","overlay-type":"","overlay-color":"","overlay-opacity":"","overlay-gradient":""}},"ast-content-background-meta":{"desktop":{"background-color":"var(--ast-global-color-5)","background-image":"","background-repeat":"repeat","background-position":"center center","background-size":"auto","background-attachment":"scroll","background-type":"","background-media":"","overlay-type":"","overlay-color":"","overlay-opacity":"","overlay-gradient":""},"tablet":{"background-color":"var(--ast-global-color-5)","background-image":"","background-repeat":"repeat","background-position":"center center","background-size":"auto","background-attachment":"scroll","background-type":"","background-media":"","overlay-type":"","overlay-color":"","overlay-opacity":"","overlay-gradient":""},"mobile":{"background-color":"var(--ast-global-color-5)","background-image":"","background-repeat":"repeat","background-position":"center center","background-size":"auto","background-attachment":"scroll","background-type":"","background-media":"","overlay-type":"","overlay-color":"","overlay-opacity":"","overlay-gradient":""}},"footnotes":""},"categories":[7,8,4,1],"tags":[],"class_list":["post-3132","post","type-post","status-publish","format-standard","has-post-thumbnail","hentry","category-competition","category-evenement","category-judo","category-non-classe"],"yoast_head":"<!-- This site is optimized with the Yoast SEO plugin v27.4 - https:\/\/yoast.com\/product\/yoast-seo-wordpress\/ -->\n<title>La Coupe des Caouecs - 1\u00e9re \u00e9dition - Blagnac Arts Martiaux<\/title>\n<meta name=\"robots\" content=\"index, follow, max-snippet:-1, max-image-preview:large, max-video-preview:-1\" \/>\n<link rel=\"canonical\" href=\"https:\/\/www.blagnacartsmartiaux.fr\/site\/2020\/03\/09\/la-coupe-des-caouecs-1ere-edition\/\" \/>\n<meta property=\"og:locale\" content=\"fr_FR\" \/>\n<meta property=\"og:type\" content=\"article\" \/>\n<meta property=\"og:title\" content=\"La Coupe des Caouecs - 1\u00e9re \u00e9dition - Blagnac Arts Martiaux\" \/>\n<meta property=\"og:description\" content=\"Dimanche 1er mars, le Blagnac Arts Martiaux organisait au gymnase Androm\u00e8de sa 1\u00e8re comp\u00e9tition amicale inter-clubs de judo&nbsp;\u00ab&nbsp;La Coupe des Caouecs \u00bb. L\u2019id\u00e9e de cet \u00e9v\u00e8nement a germ\u00e9 dans la t\u00eate d\u2019un groupe de parents et d\u2019\u00e9ducateurs b\u00e9n\u00e9voles qui accompagnent r\u00e9guli\u00e8rement nos jeunes aux comp\u00e9titions tout au long de l\u2019ann\u00e9e. Cette amicale a rassembl\u00e9 environ [&hellip;]\" \/>\n<meta property=\"og:url\" content=\"https:\/\/www.blagnacartsmartiaux.fr\/site\/2020\/03\/09\/la-coupe-des-caouecs-1ere-edition\/\" \/>\n<meta property=\"og:site_name\" content=\"Blagnac Arts Martiaux\" \/>\n<meta property=\"article:publisher\" content=\"https:\/\/www.facebook.com\/BlagnacArtsMartiaux\" \/>\n<meta property=\"article:published_time\" content=\"2020-03-09T15:58:24+00:00\" \/>\n<meta property=\"article:modified_time\" content=\"2020-03-09T15:58:26+00:00\" \/>\n<meta property=\"og:image\" content=\"https:\/\/www.blagnacartsmartiaux.fr\/site\/wp-content\/uploads\/2020\/03\/IMG_4322-copie-e1583769414797.jpg\" \/>\n\t<meta property=\"og:image:width\" content=\"3887\" \/>\n\t<meta property=\"og:image:height\" content=\"1708\" \/>\n\t<meta property=\"og:image:type\" content=\"image\/jpeg\" \/>\n<meta name=\"author\" content=\"Blagnac Arts Martiaux\" \/>\n<meta name=\"twitter:card\" content=\"summary_large_image\" \/>\n<meta name=\"twitter:creator\" content=\"@BlagnacArtsM\" \/>\n<meta name=\"twitter:site\" content=\"@BlagnacArtsM\" \/>\n<meta name=\"twitter:label1\" content=\"\u00c9crit par\" \/>\n\t<meta name=\"twitter:data1\" content=\"Blagnac Arts Martiaux\" \/>\n\t<meta name=\"twitter:label2\" content=\"Dur\u00e9e de lecture estim\u00e9e\" \/>\n\t<meta name=\"twitter:data2\" content=\"1 minute\" \/>\n<script type=\"application\/ld+json\" class=\"yoast-schema-graph\">{\"@context\":\"https:\\\/\\\/schema.org\",\"@graph\":[{\"@type\":\"Article\",\"@id\":\"https:\\\/\\\/www.blagnacartsmartiaux.fr\\\/site\\\/2020\\\/03\\\/09\\\/la-coupe-des-caouecs-1ere-edition\\\/#article\",\"isPartOf\":{\"@id\":\"https:\\\/\\\/www.blagnacartsmartiaux.fr\\\/site\\\/2020\\\/03\\\/09\\\/la-coupe-des-caouecs-1ere-edition\\\/\"},\"author\":{\"name\":\"Blagnac Arts Martiaux\",\"@id\":\"https:\\\/\\\/www.blagnacartsmartiaux.fr\\\/site\\\/#\\\/schema\\\/person\\\/b33ea38d44e881172328448384ffc27a\"},\"headline\":\"La Coupe des Caouecs &#8211; 1\u00e9re \u00e9dition\",\"datePublished\":\"2020-03-09T15:58:24+00:00\",\"dateModified\":\"2020-03-09T15:58:26+00:00\",\"mainEntityOfPage\":{\"@id\":\"https:\\\/\\\/www.blagnacartsmartiaux.fr\\\/site\\\/2020\\\/03\\\/09\\\/la-coupe-des-caouecs-1ere-edition\\\/\"},\"wordCount\":255,\"publisher\":{\"@id\":\"https:\\\/\\\/www.blagnacartsmartiaux.fr\\\/site\\\/#organization\"},\"image\":{\"@id\":\"https:\\\/\\\/www.blagnacartsmartiaux.fr\\\/site\\\/2020\\\/03\\\/09\\\/la-coupe-des-caouecs-1ere-edition\\\/#primaryimage\"},\"thumbnailUrl\":\"https:\\\/\\\/www.blagnacartsmartiaux.fr\\\/site\\\/wp-content\\\/uploads\\\/2020\\\/03\\\/IMG_4322-copie-e1583769414797.jpg\",\"articleSection\":[\"Comp\u00e9tition\",\"Evenement\",\"Judo\"],\"inLanguage\":\"fr-FR\"},{\"@type\":\"WebPage\",\"@id\":\"https:\\\/\\\/www.blagnacartsmartiaux.fr\\\/site\\\/2020\\\/03\\\/09\\\/la-coupe-des-caouecs-1ere-edition\\\/\",\"url\":\"https:\\\/\\\/www.blagnacartsmartiaux.fr\\\/site\\\/2020\\\/03\\\/09\\\/la-coupe-des-caouecs-1ere-edition\\\/\",\"name\":\"La Coupe des Caouecs - 1\u00e9re \u00e9dition - Blagnac Arts Martiaux\",\"isPartOf\":{\"@id\":\"https:\\\/\\\/www.blagnacartsmartiaux.fr\\\/site\\\/#website\"},\"primaryImageOfPage\":{\"@id\":\"https:\\\/\\\/www.blagnacartsmartiaux.fr\\\/site\\\/2020\\\/03\\\/09\\\/la-coupe-des-caouecs-1ere-edition\\\/#primaryimage\"},\"image\":{\"@id\":\"https:\\\/\\\/www.blagnacartsmartiaux.fr\\\/site\\\/2020\\\/03\\\/09\\\/la-coupe-des-caouecs-1ere-edition\\\/#primaryimage\"},\"thumbnailUrl\":\"https:\\\/\\\/www.blagnacartsmartiaux.fr\\\/site\\\/wp-content\\\/uploads\\\/2020\\\/03\\\/IMG_4322-copie-e1583769414797.jpg\",\"datePublished\":\"2020-03-09T15:58:24+00:00\",\"dateModified\":\"2020-03-09T15:58:26+00:00\",\"breadcrumb\":{\"@id\":\"https:\\\/\\\/www.blagnacartsmartiaux.fr\\\/site\\\/2020\\\/03\\\/09\\\/la-coupe-des-caouecs-1ere-edition\\\/#breadcrumb\"},\"inLanguage\":\"fr-FR\",\"potentialAction\":[{\"@type\":\"ReadAction\",\"target\":[\"https:\\\/\\\/www.blagnacartsmartiaux.fr\\\/site\\\/2020\\\/03\\\/09\\\/la-coupe-des-caouecs-1ere-edition\\\/\"]}]},{\"@type\":\"ImageObject\",\"inLanguage\":\"fr-FR\",\"@id\":\"https:\\\/\\\/www.blagnacartsmartiaux.fr\\\/site\\\/2020\\\/03\\\/09\\\/la-coupe-des-caouecs-1ere-edition\\\/#primaryimage\",\"url\":\"https:\\\/\\\/www.blagnacartsmartiaux.fr\\\/site\\\/wp-content\\\/uploads\\\/2020\\\/03\\\/IMG_4322-copie-e1583769414797.jpg\",\"contentUrl\":\"https:\\\/\\\/www.blagnacartsmartiaux.fr\\\/site\\\/wp-content\\\/uploads\\\/2020\\\/03\\\/IMG_4322-copie-e1583769414797.jpg\",\"width\":3887,\"height\":1708},{\"@type\":\"BreadcrumbList\",\"@id\":\"https:\\\/\\\/www.blagnacartsmartiaux.fr\\\/site\\\/2020\\\/03\\\/09\\\/la-coupe-des-caouecs-1ere-edition\\\/#breadcrumb\",\"itemListElement\":[{\"@type\":\"ListItem\",\"position\":1,\"name\":\"Accueil\",\"item\":\"https:\\\/\\\/www.blagnacartsmartiaux.fr\\\/site\\\/\"},{\"@type\":\"ListItem\",\"position\":2,\"name\":\"La Coupe des Caouecs &#8211; 1\u00e9re \u00e9dition\"}]},{\"@type\":\"WebSite\",\"@id\":\"https:\\\/\\\/www.blagnacartsmartiaux.fr\\\/site\\\/#website\",\"url\":\"https:\\\/\\\/www.blagnacartsmartiaux.fr\\\/site\\\/\",\"name\":\"Blagnac Arts Martiaux\",\"description\":\"Le club de Judo, Karat\u00e9, Jujitsu, Arnis Kali et Self D\u00e9fense sur Blagnac\",\"publisher\":{\"@id\":\"https:\\\/\\\/www.blagnacartsmartiaux.fr\\\/site\\\/#organization\"},\"potentialAction\":[{\"@type\":\"SearchAction\",\"target\":{\"@type\":\"EntryPoint\",\"urlTemplate\":\"https:\\\/\\\/www.blagnacartsmartiaux.fr\\\/site\\\/?s={search_term_string}\"},\"query-input\":{\"@type\":\"PropertyValueSpecification\",\"valueRequired\":true,\"valueName\":\"search_term_string\"}}],\"inLanguage\":\"fr-FR\"},{\"@type\":\"Organization\",\"@id\":\"https:\\\/\\\/www.blagnacartsmartiaux.fr\\\/site\\\/#organization\",\"name\":\"Blagnac Arts Martiaux\",\"url\":\"https:\\\/\\\/www.blagnacartsmartiaux.fr\\\/site\\\/\",\"logo\":{\"@type\":\"ImageObject\",\"inLanguage\":\"fr-FR\",\"@id\":\"https:\\\/\\\/www.blagnacartsmartiaux.fr\\\/site\\\/#\\\/schema\\\/logo\\\/image\\\/\",\"url\":\"https:\\\/\\\/www.blagnacartsmartiaux.fr\\\/site\\\/wp-content\\\/uploads\\\/2020\\\/05\\\/cropped-bam-wide.png\",\"contentUrl\":\"https:\\\/\\\/www.blagnacartsmartiaux.fr\\\/site\\\/wp-content\\\/uploads\\\/2020\\\/05\\\/cropped-bam-wide.png\",\"width\":180,\"height\":60,\"caption\":\"Blagnac Arts Martiaux\"},\"image\":{\"@id\":\"https:\\\/\\\/www.blagnacartsmartiaux.fr\\\/site\\\/#\\\/schema\\\/logo\\\/image\\\/\"},\"sameAs\":[\"https:\\\/\\\/www.facebook.com\\\/BlagnacArtsMartiaux\",\"https:\\\/\\\/x.com\\\/BlagnacArtsM\"]},{\"@type\":\"Person\",\"@id\":\"https:\\\/\\\/www.blagnacartsmartiaux.fr\\\/site\\\/#\\\/schema\\\/person\\\/b33ea38d44e881172328448384ffc27a\",\"name\":\"Blagnac Arts Martiaux\",\"image\":{\"@type\":\"ImageObject\",\"inLanguage\":\"fr-FR\",\"@id\":\"https:\\\/\\\/secure.gravatar.com\\\/avatar\\\/042cecfc77c8e7783bd80715818a6e2576590f15b8c8a556fda71b640b99958f?s=96&d=mm&r=g\",\"url\":\"https:\\\/\\\/secure.gravatar.com\\\/avatar\\\/042cecfc77c8e7783bd80715818a6e2576590f15b8c8a556fda71b640b99958f?s=96&d=mm&r=g\",\"contentUrl\":\"https:\\\/\\\/secure.gravatar.com\\\/avatar\\\/042cecfc77c8e7783bd80715818a6e2576590f15b8c8a556fda71b640b99958f?s=96&d=mm&r=g\",\"caption\":\"Blagnac Arts Martiaux\"},\"url\":\"https:\\\/\\\/www.blagnacartsmartiaux.fr\\\/site\\\/author\\\/administrator\\\/\"}]}<\/script>\n<!-- \/ Yoast SEO plugin. -->","yoast_head_json":{"title":"La Coupe des Caouecs - 1\u00e9re \u00e9dition - Blagnac Arts Martiaux","robots":{"index":"index","follow":"follow","max-snippet":"max-snippet:-1","max-image-preview":"max-image-preview:large","max-video-preview":"max-video-preview:-1"},"canonical":"https:\/\/www.blagnacartsmartiaux.fr\/site\/2020\/03\/09\/la-coupe-des-caouecs-1ere-edition\/","og_locale":"fr_FR","og_type":"article","og_title":"La Coupe des Caouecs - 1\u00e9re \u00e9dition - Blagnac Arts Martiaux","og_description":"Dimanche 1er mars, le Blagnac Arts Martiaux organisait au gymnase Androm\u00e8de sa 1\u00e8re comp\u00e9tition amicale inter-clubs de judo&nbsp;\u00ab&nbsp;La Coupe des Caouecs \u00bb. L\u2019id\u00e9e de cet \u00e9v\u00e8nement a germ\u00e9 dans la t\u00eate d\u2019un groupe de parents et d\u2019\u00e9ducateurs b\u00e9n\u00e9voles qui accompagnent r\u00e9guli\u00e8rement nos jeunes aux comp\u00e9titions tout au long de l\u2019ann\u00e9e. Cette amicale a rassembl\u00e9 environ [&hellip;]","og_url":"https:\/\/www.blagnacartsmartiaux.fr\/site\/2020\/03\/09\/la-coupe-des-caouecs-1ere-edition\/","og_site_name":"Blagnac Arts Martiaux","article_publisher":"https:\/\/www.facebook.com\/BlagnacArtsMartiaux","article_published_time":"2020-03-09T15:58:24+00:00","article_modified_time":"2020-03-09T15:58:26+00:00","og_image":[{"width":3887,"height":1708,"url":"https:\/\/www.blagnacartsmartiaux.fr\/site\/wp-content\/uploads\/2020\/03\/IMG_4322-copie-e1583769414797.jpg","type":"image\/jpeg"}],"author":"Blagnac Arts Martiaux","twitter_card":"summary_large_image","twitter_creator":"@BlagnacArtsM","twitter_site":"@BlagnacArtsM","twitter_misc":{"\u00c9crit par":"Blagnac Arts Martiaux","Dur\u00e9e de lecture estim\u00e9e":"1 minute"},"schema":{"@context":"https:\/\/schema.org","@graph":[{"@type":"Article","@id":"https:\/\/www.blagnacartsmartiaux.fr\/site\/2020\/03\/09\/la-coupe-des-caouecs-1ere-edition\/#article","isPartOf":{"@id":"https:\/\/www.blagnacartsmartiaux.fr\/site\/2020\/03\/09\/la-coupe-des-caouecs-1ere-edition\/"},"author":{"name":"Blagnac Arts Martiaux","@id":"https:\/\/www.blagnacartsmartiaux.fr\/site\/#\/schema\/person\/b33ea38d44e881172328448384ffc27a"},"headline":"La Coupe des Caouecs &#8211; 1\u00e9re \u00e9dition","datePublished":"2020-03-09T15:58:24+00:00","dateModified":"2020-03-09T15:58:26+00:00","mainEntityOfPage":{"@id":"https:\/\/www.blagnacartsmartiaux.fr\/site\/2020\/03\/09\/la-coupe-des-caouecs-1ere-edition\/"},"wordCount":255,"publisher":{"@id":"https:\/\/www.blagnacartsmartiaux.fr\/site\/#organization"},"image":{"@id":"https:\/\/www.blagnacartsmartiaux.fr\/site\/2020\/03\/09\/la-coupe-des-caouecs-1ere-edition\/#primaryimage"},"thumbnailUrl":"https:\/\/www.blagnacartsmartiaux.fr\/site\/wp-content\/uploads\/2020\/03\/IMG_4322-copie-e1583769414797.jpg","articleSection":["Comp\u00e9tition","Evenement","Judo"],"inLanguage":"fr-FR"},{"@type":"WebPage","@id":"https:\/\/www.blagnacartsmartiaux.fr\/site\/2020\/03\/09\/la-coupe-des-caouecs-1ere-edition\/","url":"https:\/\/www.blagnacartsmartiaux.fr\/site\/2020\/03\/09\/la-coupe-des-caouecs-1ere-edition\/","name":"La Coupe des Caouecs - 1\u00e9re \u00e9dition - Blagnac Arts Martiaux","isPartOf":{"@id":"https:\/\/www.blagnacartsmartiaux.fr\/site\/#website"},"primaryImageOfPage":{"@id":"https:\/\/www.blagnacartsmartiaux.fr\/site\/2020\/03\/09\/la-coupe-des-caouecs-1ere-edition\/#primaryimage"},"image":{"@id":"https:\/\/www.blagnacartsmartiaux.fr\/site\/2020\/03\/09\/la-coupe-des-caouecs-1ere-edition\/#primaryimage"},"thumbnailUrl":"https:\/\/www.blagnacartsmartiaux.fr\/site\/wp-content\/uploads\/2020\/03\/IMG_4322-copie-e1583769414797.jpg","datePublished":"2020-03-09T15:58:24+00:00","dateModified":"2020-03-09T15:58:26+00:00","breadcrumb":{"@id":"https:\/\/www.blagnacartsmartiaux.fr\/site\/2020\/03\/09\/la-coupe-des-caouecs-1ere-edition\/#breadcrumb"},"inLanguage":"fr-FR","potentialAction":[{"@type":"ReadAction","target":["https:\/\/www.blagnacartsmartiaux.fr\/site\/2020\/03\/09\/la-coupe-des-caouecs-1ere-edition\/"]}]},{"@type":"ImageObject","inLanguage":"fr-FR","@id":"https:\/\/www.blagnacartsmartiaux.fr\/site\/2020\/03\/09\/la-coupe-des-caouecs-1ere-edition\/#primaryimage","url":"https:\/\/www.blagnacartsmartiaux.fr\/site\/wp-content\/uploads\/2020\/03\/IMG_4322-copie-e1583769414797.jpg","contentUrl":"https:\/\/www.blagnacartsmartiaux.fr\/site\/wp-content\/uploads\/2020\/03\/IMG_4322-copie-e1583769414797.jpg","width":3887,"height":1708},{"@type":"BreadcrumbList","@id":"https:\/\/www.blagnacartsmartiaux.fr\/site\/2020\/03\/09\/la-coupe-des-caouecs-1ere-edition\/#breadcrumb","itemListElement":[{"@type":"ListItem","position":1,"name":"Accueil","item":"https:\/\/www.blagnacartsmartiaux.fr\/site\/"},{"@type":"ListItem","position":2,"name":"La Coupe des Caouecs &#8211; 1\u00e9re \u00e9dition"}]},{"@type":"WebSite","@id":"https:\/\/www.blagnacartsmartiaux.fr\/site\/#website","url":"https:\/\/www.blagnacartsmartiaux.fr\/site\/","name":"Blagnac Arts Martiaux","description":"Le club de Judo, Karat\u00e9, Jujitsu, Arnis Kali et Self D\u00e9fense sur Blagnac","publisher":{"@id":"https:\/\/www.blagnacartsmartiaux.fr\/site\/#organization"},"potentialAction":[{"@type":"SearchAction","target":{"@type":"EntryPoint","urlTemplate":"https:\/\/www.blagnacartsmartiaux.fr\/site\/?s={search_term_string}"},"query-input":{"@type":"PropertyValueSpecification","valueRequired":true,"valueName":"search_term_string"}}],"inLanguage":"fr-FR"},{"@type":"Organization","@id":"https:\/\/www.blagnacartsmartiaux.fr\/site\/#organization","name":"Blagnac Arts Martiaux","url":"https:\/\/www.blagnacartsmartiaux.fr\/site\/","logo":{"@type":"ImageObject","inLanguage":"fr-FR","@id":"https:\/\/www.blagnacartsmartiaux.fr\/site\/#\/schema\/logo\/image\/","url":"https:\/\/www.blagnacartsmartiaux.fr\/site\/wp-content\/uploads\/2020\/05\/cropped-bam-wide.png","contentUrl":"https:\/\/www.blagnacartsmartiaux.fr\/site\/wp-content\/uploads\/2020\/05\/cropped-bam-wide.png","width":180,"height":60,"caption":"Blagnac Arts Martiaux"},"image":{"@id":"https:\/\/www.blagnacartsmartiaux.fr\/site\/#\/schema\/logo\/image\/"},"sameAs":["https:\/\/www.facebook.com\/BlagnacArtsMartiaux","https:\/\/x.com\/BlagnacArtsM"]},{"@type":"Person","@id":"https:\/\/www.blagnacartsmartiaux.fr\/site\/#\/schema\/person\/b33ea38d44e881172328448384ffc27a","name":"Blagnac Arts Martiaux","image":{"@type":"ImageObject","inLanguage":"fr-FR","@id":"https:\/\/secure.gravatar.com\/avatar\/042cecfc77c8e7783bd80715818a6e2576590f15b8c8a556fda71b640b99958f?s=96&d=mm&r=g","url":"https:\/\/secure.gravatar.com\/avatar\/042cecfc77c8e7783bd80715818a6e2576590f15b8c8a556fda71b640b99958f?s=96&d=mm&r=g","contentUrl":"https:\/\/secure.gravatar.com\/avatar\/042cecfc77c8e7783bd80715818a6e2576590f15b8c8a556fda71b640b99958f?s=96&d=mm&r=g","caption":"Blagnac Arts Martiaux"},"url":"https:\/\/www.blagnacartsmartiaux.fr\/site\/author\/administrator\/"}]}},"_links":{"self":[{"href":"https:\/\/www.blagnacartsmartiaux.fr\/site\/wp-json\/wp\/v2\/posts\/3132","targetHints":{"allow":["GET"]}}],"collection":[{"href":"https:\/\/www.blagnacartsmartiaux.fr\/site\/wp-json\/wp\/v2\/posts"}],"about":[{"href":"https:\/\/www.blagnacartsmartiaux.fr\/site\/wp-json\/wp\/v2\/types\/post"}],"author":[{"embeddable":true,"href":"https:\/\/www.blagnacartsmartiaux.fr\/site\/wp-json\/wp\/v2\/users\/1"}],"replies":[{"embeddable":true,"href":"https:\/\/www.blagnacartsmartiaux.fr\/site\/wp-json\/wp\/v2\/comments?post=3132"}],"version-history":[{"count":4,"href":"https:\/\/www.blagnacartsmartiaux.fr\/site\/wp-json\/wp\/v2\/posts\/3132\/revisions"}],"predecessor-version":[{"id":3139,"href":"https:\/\/www.blagnacartsmartiaux.fr\/site\/wp-json\/wp\/v2\/posts\/3132\/revisions\/3139"}],"wp:featuredmedia":[{"embeddable":true,"href":"https:\/\/www.blagnacartsmartiaux.fr\/site\/wp-json\/wp\/v2\/media\/3136"}],"wp:attachment":[{"href":"https:\/\/www.blagnacartsmartiaux.fr\/site\/wp-json\/wp\/v2\/media?parent=3132"}],"wp:term":[{"taxonomy":"category","embeddable":true,"href":"https:\/\/www.blagnacartsmartiaux.fr\/site\/wp-json\/wp\/v2\/categories?post=3132"},{"taxonomy":"post_tag","embeddable":true,"href":"https:\/\/www.blagnacartsmartiaux.fr\/site\/wp-json\/wp\/v2\/tags?post=3132"}],"curies":[{"name":"wp","href":"https:\/\/api.w.org\/{rel}","templated":true}]}}