{"id":3527,"date":"2020-09-28T08:54:09","date_gmt":"2020-09-28T06:54:09","guid":{"rendered":"http:\/\/www.blagnacartsmartiaux.fr\/site\/?p=3527"},"modified":"2021-08-27T14:58:44","modified_gmt":"2021-08-27T12:58:44","slug":"point-covid-28-09-2020","status":"publish","type":"post","link":"https:\/\/www.blagnacartsmartiaux.fr\/site\/2020\/09\/28\/point-covid-28-09-2020\/","title":{"rendered":"COVID (28\/09\/2020)"},"content":{"rendered":"\n<p>Bonjour \u00e0 tous,<\/p>\n\n\n\n<p>Suite aux derni\u00e8res nouvelles minist\u00e9rielles, le dojo devrait rester ouvert pour les mineurs mais nous attendons la confirmation de notre mairie.<\/p>\n\n\n\n<p>En clair, pour le moment, pr\u00e9voyez la tenue et on vous tient au courant,<\/p>\n\n\n\n<p>Si la mairie le permet nous vous informerons de la reprise des cours enfants en int\u00e9rieurs<\/p>\n\n\n\n<p>Bonne journ\u00e9e \u00e0 tous,<\/p>\n\n\n\n<p><strong><span style=\"text-decoration: underline;\">Le bureau du BAM<\/span><\/strong><\/p>\n","protected":false},"excerpt":{"rendered":"<p>Bonjour \u00e0 tous, Suite aux derni\u00e8res nouvelles minist\u00e9rielles, le dojo devrait rester ouvert pour les mineurs mais nous attendons la confirmation de notre mairie. En clair, pour le moment, pr\u00e9voyez la tenue et on vous tient au courant, Si la mairie le permet nous vous informerons de la reprise des cours enfants en int\u00e9rieurs Bonne [&hellip;]<\/p>\n","protected":false},"author":1,"featured_media":3528,"comment_status":"closed","ping_status":"closed","sticky":false,"template":"","format":"standard","meta":{"site-sidebar-layout":"default","site-content-layout":"default","ast-site-content-layout":"default","site-content-style":"default","site-sidebar-style":"default","ast-global-header-display":"","ast-banner-title-visibility":"","ast-main-header-display":"","ast-hfb-above-header-display":"","ast-hfb-below-header-display":"","ast-hfb-mobile-header-display":"","site-post-title":"","ast-breadcrumbs-content":"","ast-featured-img":"","footer-sml-layout":"","ast-disable-related-posts":"","theme-transparent-header-meta":"default","adv-header-id-meta":"","stick-header-meta":"","header-above-stick-meta":"","header-main-stick-meta":"","header-below-stick-meta":"","astra-migrate-meta-layouts":"default","ast-page-background-enabled":"default","ast-page-background-meta":{"desktop":{"background-color":"","background-image":"","background-repeat":"repeat","background-position":"center center","background-size":"auto","background-attachment":"scroll","background-type":"","background-media":"","overlay-type":"","overlay-color":"","overlay-opacity":"","overlay-gradient":""},"tablet":{"background-color":"","background-image":"","background-repeat":"repeat","background-position":"center center","background-size":"auto","background-attachment":"scroll","background-type":"","background-media":"","overlay-type":"","overlay-color":"","overlay-opacity":"","overlay-gradient":""},"mobile":{"background-color":"","background-image":"","background-repeat":"repeat","background-position":"center center","background-size":"auto","background-attachment":"scroll","background-type":"","background-media":"","overlay-type":"","overlay-color":"","overlay-opacity":"","overlay-gradient":""}},"ast-content-background-meta":{"desktop":{"background-color":"var(--ast-global-color-5)","background-image":"","background-repeat":"repeat","background-position":"center center","background-size":"auto","background-attachment":"scroll","background-type":"","background-media":"","overlay-type":"","overlay-color":"","overlay-opacity":"","overlay-gradient":""},"tablet":{"background-color":"var(--ast-global-color-5)","background-image":"","background-repeat":"repeat","background-position":"center center","background-size":"auto","background-attachment":"scroll","background-type":"","background-media":"","overlay-type":"","overlay-color":"","overlay-opacity":"","overlay-gradient":""},"mobile":{"background-color":"var(--ast-global-color-5)","background-image":"","background-repeat":"repeat","background-position":"center center","background-size":"auto","background-attachment":"scroll","background-type":"","background-media":"","overlay-type":"","overlay-color":"","overlay-opacity":"","overlay-gradient":""}},"footnotes":""},"categories":[1],"tags":[140],"class_list":["post-3527","post","type-post","status-publish","format-standard","has-post-thumbnail","hentry","category-non-classe","tag-covid"],"yoast_head":"<!-- This site is optimized with the Yoast SEO plugin v27.4 - https:\/\/yoast.com\/product\/yoast-seo-wordpress\/ -->\n<title>COVID (28\/09\/2020) - Blagnac Arts Martiaux<\/title>\n<meta name=\"robots\" content=\"index, follow, max-snippet:-1, max-image-preview:large, max-video-preview:-1\" \/>\n<link rel=\"canonical\" href=\"https:\/\/www.blagnacartsmartiaux.fr\/site\/2020\/09\/28\/point-covid-28-09-2020\/\" \/>\n<meta property=\"og:locale\" content=\"fr_FR\" \/>\n<meta property=\"og:type\" content=\"article\" \/>\n<meta property=\"og:title\" content=\"COVID (28\/09\/2020) - Blagnac Arts Martiaux\" \/>\n<meta property=\"og:description\" content=\"Bonjour \u00e0 tous, Suite aux derni\u00e8res nouvelles minist\u00e9rielles, le dojo devrait rester ouvert pour les mineurs mais nous attendons la confirmation de notre mairie. En clair, pour le moment, pr\u00e9voyez la tenue et on vous tient au courant, Si la mairie le permet nous vous informerons de la reprise des cours enfants en int\u00e9rieurs Bonne [&hellip;]\" \/>\n<meta property=\"og:url\" content=\"https:\/\/www.blagnacartsmartiaux.fr\/site\/2020\/09\/28\/point-covid-28-09-2020\/\" \/>\n<meta property=\"og:site_name\" content=\"Blagnac Arts Martiaux\" \/>\n<meta property=\"article:publisher\" content=\"https:\/\/www.facebook.com\/BlagnacArtsMartiaux\" \/>\n<meta property=\"article:published_time\" content=\"2020-09-28T06:54:09+00:00\" \/>\n<meta property=\"article:modified_time\" content=\"2021-08-27T12:58:44+00:00\" \/>\n<meta property=\"og:image\" content=\"https:\/\/www.blagnacartsmartiaux.fr\/site\/wp-content\/uploads\/2020\/09\/28-09-20.jpg\" \/>\n\t<meta property=\"og:image:width\" content=\"1200\" \/>\n\t<meta property=\"og:image:height\" content=\"628\" \/>\n\t<meta property=\"og:image:type\" content=\"image\/jpeg\" \/>\n<meta name=\"author\" content=\"Blagnac Arts Martiaux\" \/>\n<meta name=\"twitter:card\" content=\"summary_large_image\" \/>\n<meta name=\"twitter:creator\" content=\"@BlagnacArtsM\" \/>\n<meta name=\"twitter:site\" content=\"@BlagnacArtsM\" \/>\n<meta name=\"twitter:label1\" content=\"\u00c9crit par\" \/>\n\t<meta name=\"twitter:data1\" content=\"Blagnac Arts Martiaux\" \/>\n<script type=\"application\/ld+json\" class=\"yoast-schema-graph\">{\"@context\":\"https:\\\/\\\/schema.org\",\"@graph\":[{\"@type\":\"Article\",\"@id\":\"https:\\\/\\\/www.blagnacartsmartiaux.fr\\\/site\\\/2020\\\/09\\\/28\\\/point-covid-28-09-2020\\\/#article\",\"isPartOf\":{\"@id\":\"https:\\\/\\\/www.blagnacartsmartiaux.fr\\\/site\\\/2020\\\/09\\\/28\\\/point-covid-28-09-2020\\\/\"},\"author\":{\"name\":\"Blagnac Arts Martiaux\",\"@id\":\"https:\\\/\\\/www.blagnacartsmartiaux.fr\\\/site\\\/#\\\/schema\\\/person\\\/b33ea38d44e881172328448384ffc27a\"},\"headline\":\"COVID (28\\\/09\\\/2020)\",\"datePublished\":\"2020-09-28T06:54:09+00:00\",\"dateModified\":\"2021-08-27T12:58:44+00:00\",\"mainEntityOfPage\":{\"@id\":\"https:\\\/\\\/www.blagnacartsmartiaux.fr\\\/site\\\/2020\\\/09\\\/28\\\/point-covid-28-09-2020\\\/\"},\"wordCount\":66,\"publisher\":{\"@id\":\"https:\\\/\\\/www.blagnacartsmartiaux.fr\\\/site\\\/#organization\"},\"image\":{\"@id\":\"https:\\\/\\\/www.blagnacartsmartiaux.fr\\\/site\\\/2020\\\/09\\\/28\\\/point-covid-28-09-2020\\\/#primaryimage\"},\"thumbnailUrl\":\"https:\\\/\\\/www.blagnacartsmartiaux.fr\\\/site\\\/wp-content\\\/uploads\\\/2020\\\/09\\\/28-09-20.jpg\",\"keywords\":[\"covid\"],\"inLanguage\":\"fr-FR\"},{\"@type\":\"WebPage\",\"@id\":\"https:\\\/\\\/www.blagnacartsmartiaux.fr\\\/site\\\/2020\\\/09\\\/28\\\/point-covid-28-09-2020\\\/\",\"url\":\"https:\\\/\\\/www.blagnacartsmartiaux.fr\\\/site\\\/2020\\\/09\\\/28\\\/point-covid-28-09-2020\\\/\",\"name\":\"COVID (28\\\/09\\\/2020) - Blagnac Arts Martiaux\",\"isPartOf\":{\"@id\":\"https:\\\/\\\/www.blagnacartsmartiaux.fr\\\/site\\\/#website\"},\"primaryImageOfPage\":{\"@id\":\"https:\\\/\\\/www.blagnacartsmartiaux.fr\\\/site\\\/2020\\\/09\\\/28\\\/point-covid-28-09-2020\\\/#primaryimage\"},\"image\":{\"@id\":\"https:\\\/\\\/www.blagnacartsmartiaux.fr\\\/site\\\/2020\\\/09\\\/28\\\/point-covid-28-09-2020\\\/#primaryimage\"},\"thumbnailUrl\":\"https:\\\/\\\/www.blagnacartsmartiaux.fr\\\/site\\\/wp-content\\\/uploads\\\/2020\\\/09\\\/28-09-20.jpg\",\"datePublished\":\"2020-09-28T06:54:09+00:00\",\"dateModified\":\"2021-08-27T12:58:44+00:00\",\"breadcrumb\":{\"@id\":\"https:\\\/\\\/www.blagnacartsmartiaux.fr\\\/site\\\/2020\\\/09\\\/28\\\/point-covid-28-09-2020\\\/#breadcrumb\"},\"inLanguage\":\"fr-FR\",\"potentialAction\":[{\"@type\":\"ReadAction\",\"target\":[\"https:\\\/\\\/www.blagnacartsmartiaux.fr\\\/site\\\/2020\\\/09\\\/28\\\/point-covid-28-09-2020\\\/\"]}]},{\"@type\":\"ImageObject\",\"inLanguage\":\"fr-FR\",\"@id\":\"https:\\\/\\\/www.blagnacartsmartiaux.fr\\\/site\\\/2020\\\/09\\\/28\\\/point-covid-28-09-2020\\\/#primaryimage\",\"url\":\"https:\\\/\\\/www.blagnacartsmartiaux.fr\\\/site\\\/wp-content\\\/uploads\\\/2020\\\/09\\\/28-09-20.jpg\",\"contentUrl\":\"https:\\\/\\\/www.blagnacartsmartiaux.fr\\\/site\\\/wp-content\\\/uploads\\\/2020\\\/09\\\/28-09-20.jpg\",\"width\":1200,\"height\":628},{\"@type\":\"BreadcrumbList\",\"@id\":\"https:\\\/\\\/www.blagnacartsmartiaux.fr\\\/site\\\/2020\\\/09\\\/28\\\/point-covid-28-09-2020\\\/#breadcrumb\",\"itemListElement\":[{\"@type\":\"ListItem\",\"position\":1,\"name\":\"Accueil\",\"item\":\"https:\\\/\\\/www.blagnacartsmartiaux.fr\\\/site\\\/\"},{\"@type\":\"ListItem\",\"position\":2,\"name\":\"COVID (28\\\/09\\\/2020)\"}]},{\"@type\":\"WebSite\",\"@id\":\"https:\\\/\\\/www.blagnacartsmartiaux.fr\\\/site\\\/#website\",\"url\":\"https:\\\/\\\/www.blagnacartsmartiaux.fr\\\/site\\\/\",\"name\":\"Blagnac Arts Martiaux\",\"description\":\"Le club de Judo, Karat\u00e9, Jujitsu, Arnis Kali et Self D\u00e9fense sur Blagnac\",\"publisher\":{\"@id\":\"https:\\\/\\\/www.blagnacartsmartiaux.fr\\\/site\\\/#organization\"},\"potentialAction\":[{\"@type\":\"SearchAction\",\"target\":{\"@type\":\"EntryPoint\",\"urlTemplate\":\"https:\\\/\\\/www.blagnacartsmartiaux.fr\\\/site\\\/?s={search_term_string}\"},\"query-input\":{\"@type\":\"PropertyValueSpecification\",\"valueRequired\":true,\"valueName\":\"search_term_string\"}}],\"inLanguage\":\"fr-FR\"},{\"@type\":\"Organization\",\"@id\":\"https:\\\/\\\/www.blagnacartsmartiaux.fr\\\/site\\\/#organization\",\"name\":\"Blagnac Arts Martiaux\",\"url\":\"https:\\\/\\\/www.blagnacartsmartiaux.fr\\\/site\\\/\",\"logo\":{\"@type\":\"ImageObject\",\"inLanguage\":\"fr-FR\",\"@id\":\"https:\\\/\\\/www.blagnacartsmartiaux.fr\\\/site\\\/#\\\/schema\\\/logo\\\/image\\\/\",\"url\":\"https:\\\/\\\/www.blagnacartsmartiaux.fr\\\/site\\\/wp-content\\\/uploads\\\/2020\\\/05\\\/cropped-bam-wide.png\",\"contentUrl\":\"https:\\\/\\\/www.blagnacartsmartiaux.fr\\\/site\\\/wp-content\\\/uploads\\\/2020\\\/05\\\/cropped-bam-wide.png\",\"width\":180,\"height\":60,\"caption\":\"Blagnac Arts Martiaux\"},\"image\":{\"@id\":\"https:\\\/\\\/www.blagnacartsmartiaux.fr\\\/site\\\/#\\\/schema\\\/logo\\\/image\\\/\"},\"sameAs\":[\"https:\\\/\\\/www.facebook.com\\\/BlagnacArtsMartiaux\",\"https:\\\/\\\/x.com\\\/BlagnacArtsM\"]},{\"@type\":\"Person\",\"@id\":\"https:\\\/\\\/www.blagnacartsmartiaux.fr\\\/site\\\/#\\\/schema\\\/person\\\/b33ea38d44e881172328448384ffc27a\",\"name\":\"Blagnac Arts Martiaux\",\"image\":{\"@type\":\"ImageObject\",\"inLanguage\":\"fr-FR\",\"@id\":\"https:\\\/\\\/secure.gravatar.com\\\/avatar\\\/042cecfc77c8e7783bd80715818a6e2576590f15b8c8a556fda71b640b99958f?s=96&d=mm&r=g\",\"url\":\"https:\\\/\\\/secure.gravatar.com\\\/avatar\\\/042cecfc77c8e7783bd80715818a6e2576590f15b8c8a556fda71b640b99958f?s=96&d=mm&r=g\",\"contentUrl\":\"https:\\\/\\\/secure.gravatar.com\\\/avatar\\\/042cecfc77c8e7783bd80715818a6e2576590f15b8c8a556fda71b640b99958f?s=96&d=mm&r=g\",\"caption\":\"Blagnac Arts Martiaux\"},\"url\":\"https:\\\/\\\/www.blagnacartsmartiaux.fr\\\/site\\\/author\\\/administrator\\\/\"}]}<\/script>\n<!-- \/ Yoast SEO plugin. -->","yoast_head_json":{"title":"COVID (28\/09\/2020) - Blagnac Arts Martiaux","robots":{"index":"index","follow":"follow","max-snippet":"max-snippet:-1","max-image-preview":"max-image-preview:large","max-video-preview":"max-video-preview:-1"},"canonical":"https:\/\/www.blagnacartsmartiaux.fr\/site\/2020\/09\/28\/point-covid-28-09-2020\/","og_locale":"fr_FR","og_type":"article","og_title":"COVID (28\/09\/2020) - Blagnac Arts Martiaux","og_description":"Bonjour \u00e0 tous, Suite aux derni\u00e8res nouvelles minist\u00e9rielles, le dojo devrait rester ouvert pour les mineurs mais nous attendons la confirmation de notre mairie. En clair, pour le moment, pr\u00e9voyez la tenue et on vous tient au courant, Si la mairie le permet nous vous informerons de la reprise des cours enfants en int\u00e9rieurs Bonne [&hellip;]","og_url":"https:\/\/www.blagnacartsmartiaux.fr\/site\/2020\/09\/28\/point-covid-28-09-2020\/","og_site_name":"Blagnac Arts Martiaux","article_publisher":"https:\/\/www.facebook.com\/BlagnacArtsMartiaux","article_published_time":"2020-09-28T06:54:09+00:00","article_modified_time":"2021-08-27T12:58:44+00:00","og_image":[{"width":1200,"height":628,"url":"https:\/\/www.blagnacartsmartiaux.fr\/site\/wp-content\/uploads\/2020\/09\/28-09-20.jpg","type":"image\/jpeg"}],"author":"Blagnac Arts Martiaux","twitter_card":"summary_large_image","twitter_creator":"@BlagnacArtsM","twitter_site":"@BlagnacArtsM","twitter_misc":{"\u00c9crit par":"Blagnac Arts Martiaux"},"schema":{"@context":"https:\/\/schema.org","@graph":[{"@type":"Article","@id":"https:\/\/www.blagnacartsmartiaux.fr\/site\/2020\/09\/28\/point-covid-28-09-2020\/#article","isPartOf":{"@id":"https:\/\/www.blagnacartsmartiaux.fr\/site\/2020\/09\/28\/point-covid-28-09-2020\/"},"author":{"name":"Blagnac Arts Martiaux","@id":"https:\/\/www.blagnacartsmartiaux.fr\/site\/#\/schema\/person\/b33ea38d44e881172328448384ffc27a"},"headline":"COVID (28\/09\/2020)","datePublished":"2020-09-28T06:54:09+00:00","dateModified":"2021-08-27T12:58:44+00:00","mainEntityOfPage":{"@id":"https:\/\/www.blagnacartsmartiaux.fr\/site\/2020\/09\/28\/point-covid-28-09-2020\/"},"wordCount":66,"publisher":{"@id":"https:\/\/www.blagnacartsmartiaux.fr\/site\/#organization"},"image":{"@id":"https:\/\/www.blagnacartsmartiaux.fr\/site\/2020\/09\/28\/point-covid-28-09-2020\/#primaryimage"},"thumbnailUrl":"https:\/\/www.blagnacartsmartiaux.fr\/site\/wp-content\/uploads\/2020\/09\/28-09-20.jpg","keywords":["covid"],"inLanguage":"fr-FR"},{"@type":"WebPage","@id":"https:\/\/www.blagnacartsmartiaux.fr\/site\/2020\/09\/28\/point-covid-28-09-2020\/","url":"https:\/\/www.blagnacartsmartiaux.fr\/site\/2020\/09\/28\/point-covid-28-09-2020\/","name":"COVID (28\/09\/2020) - Blagnac Arts Martiaux","isPartOf":{"@id":"https:\/\/www.blagnacartsmartiaux.fr\/site\/#website"},"primaryImageOfPage":{"@id":"https:\/\/www.blagnacartsmartiaux.fr\/site\/2020\/09\/28\/point-covid-28-09-2020\/#primaryimage"},"image":{"@id":"https:\/\/www.blagnacartsmartiaux.fr\/site\/2020\/09\/28\/point-covid-28-09-2020\/#primaryimage"},"thumbnailUrl":"https:\/\/www.blagnacartsmartiaux.fr\/site\/wp-content\/uploads\/2020\/09\/28-09-20.jpg","datePublished":"2020-09-28T06:54:09+00:00","dateModified":"2021-08-27T12:58:44+00:00","breadcrumb":{"@id":"https:\/\/www.blagnacartsmartiaux.fr\/site\/2020\/09\/28\/point-covid-28-09-2020\/#breadcrumb"},"inLanguage":"fr-FR","potentialAction":[{"@type":"ReadAction","target":["https:\/\/www.blagnacartsmartiaux.fr\/site\/2020\/09\/28\/point-covid-28-09-2020\/"]}]},{"@type":"ImageObject","inLanguage":"fr-FR","@id":"https:\/\/www.blagnacartsmartiaux.fr\/site\/2020\/09\/28\/point-covid-28-09-2020\/#primaryimage","url":"https:\/\/www.blagnacartsmartiaux.fr\/site\/wp-content\/uploads\/2020\/09\/28-09-20.jpg","contentUrl":"https:\/\/www.blagnacartsmartiaux.fr\/site\/wp-content\/uploads\/2020\/09\/28-09-20.jpg","width":1200,"height":628},{"@type":"BreadcrumbList","@id":"https:\/\/www.blagnacartsmartiaux.fr\/site\/2020\/09\/28\/point-covid-28-09-2020\/#breadcrumb","itemListElement":[{"@type":"ListItem","position":1,"name":"Accueil","item":"https:\/\/www.blagnacartsmartiaux.fr\/site\/"},{"@type":"ListItem","position":2,"name":"COVID (28\/09\/2020)"}]},{"@type":"WebSite","@id":"https:\/\/www.blagnacartsmartiaux.fr\/site\/#website","url":"https:\/\/www.blagnacartsmartiaux.fr\/site\/","name":"Blagnac Arts Martiaux","description":"Le club de Judo, Karat\u00e9, Jujitsu, Arnis Kali et Self D\u00e9fense sur Blagnac","publisher":{"@id":"https:\/\/www.blagnacartsmartiaux.fr\/site\/#organization"},"potentialAction":[{"@type":"SearchAction","target":{"@type":"EntryPoint","urlTemplate":"https:\/\/www.blagnacartsmartiaux.fr\/site\/?s={search_term_string}"},"query-input":{"@type":"PropertyValueSpecification","valueRequired":true,"valueName":"search_term_string"}}],"inLanguage":"fr-FR"},{"@type":"Organization","@id":"https:\/\/www.blagnacartsmartiaux.fr\/site\/#organization","name":"Blagnac Arts Martiaux","url":"https:\/\/www.blagnacartsmartiaux.fr\/site\/","logo":{"@type":"ImageObject","inLanguage":"fr-FR","@id":"https:\/\/www.blagnacartsmartiaux.fr\/site\/#\/schema\/logo\/image\/","url":"https:\/\/www.blagnacartsmartiaux.fr\/site\/wp-content\/uploads\/2020\/05\/cropped-bam-wide.png","contentUrl":"https:\/\/www.blagnacartsmartiaux.fr\/site\/wp-content\/uploads\/2020\/05\/cropped-bam-wide.png","width":180,"height":60,"caption":"Blagnac Arts Martiaux"},"image":{"@id":"https:\/\/www.blagnacartsmartiaux.fr\/site\/#\/schema\/logo\/image\/"},"sameAs":["https:\/\/www.facebook.com\/BlagnacArtsMartiaux","https:\/\/x.com\/BlagnacArtsM"]},{"@type":"Person","@id":"https:\/\/www.blagnacartsmartiaux.fr\/site\/#\/schema\/person\/b33ea38d44e881172328448384ffc27a","name":"Blagnac Arts Martiaux","image":{"@type":"ImageObject","inLanguage":"fr-FR","@id":"https:\/\/secure.gravatar.com\/avatar\/042cecfc77c8e7783bd80715818a6e2576590f15b8c8a556fda71b640b99958f?s=96&d=mm&r=g","url":"https:\/\/secure.gravatar.com\/avatar\/042cecfc77c8e7783bd80715818a6e2576590f15b8c8a556fda71b640b99958f?s=96&d=mm&r=g","contentUrl":"https:\/\/secure.gravatar.com\/avatar\/042cecfc77c8e7783bd80715818a6e2576590f15b8c8a556fda71b640b99958f?s=96&d=mm&r=g","caption":"Blagnac Arts Martiaux"},"url":"https:\/\/www.blagnacartsmartiaux.fr\/site\/author\/administrator\/"}]}},"_links":{"self":[{"href":"https:\/\/www.blagnacartsmartiaux.fr\/site\/wp-json\/wp\/v2\/posts\/3527","targetHints":{"allow":["GET"]}}],"collection":[{"href":"https:\/\/www.blagnacartsmartiaux.fr\/site\/wp-json\/wp\/v2\/posts"}],"about":[{"href":"https:\/\/www.blagnacartsmartiaux.fr\/site\/wp-json\/wp\/v2\/types\/post"}],"author":[{"embeddable":true,"href":"https:\/\/www.blagnacartsmartiaux.fr\/site\/wp-json\/wp\/v2\/users\/1"}],"replies":[{"embeddable":true,"href":"https:\/\/www.blagnacartsmartiaux.fr\/site\/wp-json\/wp\/v2\/comments?post=3527"}],"version-history":[{"count":2,"href":"https:\/\/www.blagnacartsmartiaux.fr\/site\/wp-json\/wp\/v2\/posts\/3527\/revisions"}],"predecessor-version":[{"id":3530,"href":"https:\/\/www.blagnacartsmartiaux.fr\/site\/wp-json\/wp\/v2\/posts\/3527\/revisions\/3530"}],"wp:featuredmedia":[{"embeddable":true,"href":"https:\/\/www.blagnacartsmartiaux.fr\/site\/wp-json\/wp\/v2\/media\/3528"}],"wp:attachment":[{"href":"https:\/\/www.blagnacartsmartiaux.fr\/site\/wp-json\/wp\/v2\/media?parent=3527"}],"wp:term":[{"taxonomy":"category","embeddable":true,"href":"https:\/\/www.blagnacartsmartiaux.fr\/site\/wp-json\/wp\/v2\/categories?post=3527"},{"taxonomy":"post_tag","embeddable":true,"href":"https:\/\/www.blagnacartsmartiaux.fr\/site\/wp-json\/wp\/v2\/tags?post=3527"}],"curies":[{"name":"wp","href":"https:\/\/api.w.org\/{rel}","templated":true}]}}