{"id":3539,"date":"2020-09-30T14:51:39","date_gmt":"2020-09-30T12:51:39","guid":{"rendered":"http:\/\/www.blagnacartsmartiaux.fr\/site\/?p=3539"},"modified":"2020-09-30T14:52:21","modified_gmt":"2020-09-30T12:52:21","slug":"dans-la-magazine-de-la-federation","status":"publish","type":"post","link":"https:\/\/www.blagnacartsmartiaux.fr\/site\/2020\/09\/30\/dans-la-magazine-de-la-federation\/","title":{"rendered":"Dans la magazine de la f\u00e9d\u00e9ration"},"content":{"rendered":"\n<p><em>\u00ab\u00a0Au bout du monde ou dans son dojo de Blagnac, un qu\u00eateur sinc\u00e8re de sens et de techniques, qu\u2019il ram\u00e8ne comme des tr\u00e9sors \u00e0 ses \u00e9l\u00e8ves.\u00a0\u00bb <\/em><\/p>\n\n\n\n<p>Retrouver d\u00e8s \u00e0 pr\u00e9sent un article de notre enseignant de <a href=\"https:\/\/www.blagnacartsmartiaux.fr\/site\/karate-a-blagnac\/\">karat\u00e9<\/a> et <a href=\"https:\/\/www.blagnacartsmartiaux.fr\/site\/arnis-kali-eskrima\/\" target=\"_blank\" rel=\"noreferrer noopener\">arnis kali<\/a>, Lionel Froidure, dans la magazine en ligne de la f\u00e9d\u00e9ration FFKarate. <\/p>\n\n\n\n<p><em>\u00ab\u00a0D\u00e8s le d\u00e9but, comme mes parents avaient un centre multi-arts martiaux, j\u2019allais voir le nihon tai-jitsu, l\u2019a\u00efkido, le taekwondo, pour d\u00e9nicher ce que je ne trouvais pas, avec mes yeux de jeune, dans le karat\u00e9 de mes d\u00e9buts. Au d\u00e9but, on voit \u00e7a comme des blocs de Lego qui ne s\u2019embo\u00eeteraient pas. Puis, en approfondissant le travail des fondamentaux, on d\u00e9couvre qu\u2019au fond, on fait tous la m\u00eame chose. J\u2019aime la notion de Ri-Ai, qui exprime la transversalit\u00e9 des principes.\u00a0\u00bb<\/em><\/p>\n\n\n\n<p class=\"has-medium-font-size\">D\u00e9couvrez l&rsquo;article complet sur : <a href=\"https:\/\/www.ffkarate.fr\/lionel-froidure-travailler-linterieur-de-loeuf\/\" target=\"_blank\" rel=\"noreferrer noopener\">FFKARATE<\/a><\/p>\n","protected":false},"excerpt":{"rendered":"<p>\u00ab\u00a0Au bout du monde ou dans son dojo de Blagnac, un qu\u00eateur sinc\u00e8re de sens et de techniques, qu\u2019il ram\u00e8ne comme des tr\u00e9sors \u00e0 ses \u00e9l\u00e8ves.\u00a0\u00bb Retrouver d\u00e8s \u00e0 pr\u00e9sent un article de notre enseignant de karat\u00e9 et arnis kali, Lionel Froidure, dans la magazine en ligne de la f\u00e9d\u00e9ration FFKarate. \u00ab\u00a0D\u00e8s le d\u00e9but, comme [&hellip;]<\/p>\n","protected":false},"author":2,"featured_media":3540,"comment_status":"closed","ping_status":"closed","sticky":false,"template":"","format":"standard","meta":{"site-sidebar-layout":"default","site-content-layout":"default","ast-site-content-layout":"default","site-content-style":"default","site-sidebar-style":"default","ast-global-header-display":"","ast-banner-title-visibility":"","ast-main-header-display":"","ast-hfb-above-header-display":"","ast-hfb-below-header-display":"","ast-hfb-mobile-header-display":"","site-post-title":"","ast-breadcrumbs-content":"","ast-featured-img":"","footer-sml-layout":"","ast-disable-related-posts":"","theme-transparent-header-meta":"default","adv-header-id-meta":"","stick-header-meta":"","header-above-stick-meta":"","header-main-stick-meta":"","header-below-stick-meta":"","astra-migrate-meta-layouts":"default","ast-page-background-enabled":"default","ast-page-background-meta":{"desktop":{"background-color":"","background-image":"","background-repeat":"repeat","background-position":"center center","background-size":"auto","background-attachment":"scroll","background-type":"","background-media":"","overlay-type":"","overlay-color":"","overlay-opacity":"","overlay-gradient":""},"tablet":{"background-color":"","background-image":"","background-repeat":"repeat","background-position":"center center","background-size":"auto","background-attachment":"scroll","background-type":"","background-media":"","overlay-type":"","overlay-color":"","overlay-opacity":"","overlay-gradient":""},"mobile":{"background-color":"","background-image":"","background-repeat":"repeat","background-position":"center center","background-size":"auto","background-attachment":"scroll","background-type":"","background-media":"","overlay-type":"","overlay-color":"","overlay-opacity":"","overlay-gradient":""}},"ast-content-background-meta":{"desktop":{"background-color":"var(--ast-global-color-5)","background-image":"","background-repeat":"repeat","background-position":"center center","background-size":"auto","background-attachment":"scroll","background-type":"","background-media":"","overlay-type":"","overlay-color":"","overlay-opacity":"","overlay-gradient":""},"tablet":{"background-color":"var(--ast-global-color-5)","background-image":"","background-repeat":"repeat","background-position":"center center","background-size":"auto","background-attachment":"scroll","background-type":"","background-media":"","overlay-type":"","overlay-color":"","overlay-opacity":"","overlay-gradient":""},"mobile":{"background-color":"var(--ast-global-color-5)","background-image":"","background-repeat":"repeat","background-position":"center center","background-size":"auto","background-attachment":"scroll","background-type":"","background-media":"","overlay-type":"","overlay-color":"","overlay-opacity":"","overlay-gradient":""}},"footnotes":""},"categories":[6],"tags":[33],"class_list":["post-3539","post","type-post","status-publish","format-standard","has-post-thumbnail","hentry","category-karate","tag-karate-2"],"yoast_head":"<!-- This site is optimized with the Yoast SEO plugin v27.4 - https:\/\/yoast.com\/product\/yoast-seo-wordpress\/ -->\n<title>Dans la magazine de la f\u00e9d\u00e9ration - Blagnac Arts Martiaux<\/title>\n<meta name=\"robots\" content=\"index, follow, max-snippet:-1, max-image-preview:large, max-video-preview:-1\" \/>\n<link rel=\"canonical\" href=\"https:\/\/www.blagnacartsmartiaux.fr\/site\/2020\/09\/30\/dans-la-magazine-de-la-federation\/\" \/>\n<meta property=\"og:locale\" content=\"fr_FR\" \/>\n<meta property=\"og:type\" content=\"article\" \/>\n<meta property=\"og:title\" content=\"Dans la magazine de la f\u00e9d\u00e9ration - Blagnac Arts Martiaux\" \/>\n<meta property=\"og:description\" content=\"\u00ab\u00a0Au bout du monde ou dans son dojo de Blagnac, un qu\u00eateur sinc\u00e8re de sens et de techniques, qu\u2019il ram\u00e8ne comme des tr\u00e9sors \u00e0 ses \u00e9l\u00e8ves.\u00a0\u00bb Retrouver d\u00e8s \u00e0 pr\u00e9sent un article de notre enseignant de karat\u00e9 et arnis kali, Lionel Froidure, dans la magazine en ligne de la f\u00e9d\u00e9ration FFKarate. \u00ab\u00a0D\u00e8s le d\u00e9but, comme [&hellip;]\" \/>\n<meta property=\"og:url\" content=\"https:\/\/www.blagnacartsmartiaux.fr\/site\/2020\/09\/30\/dans-la-magazine-de-la-federation\/\" \/>\n<meta property=\"og:site_name\" content=\"Blagnac Arts Martiaux\" \/>\n<meta property=\"article:publisher\" content=\"https:\/\/www.facebook.com\/BlagnacArtsMartiaux\" \/>\n<meta property=\"article:author\" content=\"https:\/\/www.facebook.com\/lionelbudo\" \/>\n<meta property=\"article:published_time\" content=\"2020-09-30T12:51:39+00:00\" \/>\n<meta property=\"article:modified_time\" content=\"2020-09-30T12:52:21+00:00\" \/>\n<meta property=\"og:image\" content=\"https:\/\/www.blagnacartsmartiaux.fr\/site\/wp-content\/uploads\/2020\/09\/article-magazine-karate-ffkarate-lionel-froidure.jpg\" \/>\n\t<meta property=\"og:image:width\" content=\"1000\" \/>\n\t<meta property=\"og:image:height\" content=\"629\" \/>\n\t<meta property=\"og:image:type\" content=\"image\/jpeg\" \/>\n<meta name=\"author\" content=\"Lionel Froidure\" \/>\n<meta name=\"twitter:card\" content=\"summary_large_image\" \/>\n<meta name=\"twitter:image\" content=\"https:\/\/www.blagnacartsmartiaux.fr\/site\/wp-content\/uploads\/2020\/09\/article-magazine-karate-ffkarate-lionel-froidure.jpg\" \/>\n<meta name=\"twitter:creator\" content=\"@lionelfroidure\" \/>\n<meta name=\"twitter:site\" content=\"@BlagnacArtsM\" \/>\n<meta name=\"twitter:label1\" content=\"\u00c9crit par\" \/>\n\t<meta name=\"twitter:data1\" content=\"Lionel Froidure\" \/>\n\t<meta name=\"twitter:label2\" content=\"Dur\u00e9e de lecture estim\u00e9e\" \/>\n\t<meta name=\"twitter:data2\" content=\"1 minute\" \/>\n<script type=\"application\/ld+json\" class=\"yoast-schema-graph\">{\"@context\":\"https:\\\/\\\/schema.org\",\"@graph\":[{\"@type\":\"Article\",\"@id\":\"https:\\\/\\\/www.blagnacartsmartiaux.fr\\\/site\\\/2020\\\/09\\\/30\\\/dans-la-magazine-de-la-federation\\\/#article\",\"isPartOf\":{\"@id\":\"https:\\\/\\\/www.blagnacartsmartiaux.fr\\\/site\\\/2020\\\/09\\\/30\\\/dans-la-magazine-de-la-federation\\\/\"},\"author\":{\"name\":\"Lionel Froidure\",\"@id\":\"https:\\\/\\\/www.blagnacartsmartiaux.fr\\\/site\\\/#\\\/schema\\\/person\\\/5e8c2efafaca349ed0a91288de4be82d\"},\"headline\":\"Dans la magazine de la f\u00e9d\u00e9ration\",\"datePublished\":\"2020-09-30T12:51:39+00:00\",\"dateModified\":\"2020-09-30T12:52:21+00:00\",\"mainEntityOfPage\":{\"@id\":\"https:\\\/\\\/www.blagnacartsmartiaux.fr\\\/site\\\/2020\\\/09\\\/30\\\/dans-la-magazine-de-la-federation\\\/\"},\"wordCount\":168,\"publisher\":{\"@id\":\"https:\\\/\\\/www.blagnacartsmartiaux.fr\\\/site\\\/#organization\"},\"image\":{\"@id\":\"https:\\\/\\\/www.blagnacartsmartiaux.fr\\\/site\\\/2020\\\/09\\\/30\\\/dans-la-magazine-de-la-federation\\\/#primaryimage\"},\"thumbnailUrl\":\"https:\\\/\\\/www.blagnacartsmartiaux.fr\\\/site\\\/wp-content\\\/uploads\\\/2020\\\/09\\\/article-magazine-karate-ffkarate-lionel-froidure.jpg\",\"keywords\":[\"karat\u00e9\"],\"articleSection\":[\"Karate\"],\"inLanguage\":\"fr-FR\"},{\"@type\":\"WebPage\",\"@id\":\"https:\\\/\\\/www.blagnacartsmartiaux.fr\\\/site\\\/2020\\\/09\\\/30\\\/dans-la-magazine-de-la-federation\\\/\",\"url\":\"https:\\\/\\\/www.blagnacartsmartiaux.fr\\\/site\\\/2020\\\/09\\\/30\\\/dans-la-magazine-de-la-federation\\\/\",\"name\":\"Dans la magazine de la f\u00e9d\u00e9ration - Blagnac Arts Martiaux\",\"isPartOf\":{\"@id\":\"https:\\\/\\\/www.blagnacartsmartiaux.fr\\\/site\\\/#website\"},\"primaryImageOfPage\":{\"@id\":\"https:\\\/\\\/www.blagnacartsmartiaux.fr\\\/site\\\/2020\\\/09\\\/30\\\/dans-la-magazine-de-la-federation\\\/#primaryimage\"},\"image\":{\"@id\":\"https:\\\/\\\/www.blagnacartsmartiaux.fr\\\/site\\\/2020\\\/09\\\/30\\\/dans-la-magazine-de-la-federation\\\/#primaryimage\"},\"thumbnailUrl\":\"https:\\\/\\\/www.blagnacartsmartiaux.fr\\\/site\\\/wp-content\\\/uploads\\\/2020\\\/09\\\/article-magazine-karate-ffkarate-lionel-froidure.jpg\",\"datePublished\":\"2020-09-30T12:51:39+00:00\",\"dateModified\":\"2020-09-30T12:52:21+00:00\",\"breadcrumb\":{\"@id\":\"https:\\\/\\\/www.blagnacartsmartiaux.fr\\\/site\\\/2020\\\/09\\\/30\\\/dans-la-magazine-de-la-federation\\\/#breadcrumb\"},\"inLanguage\":\"fr-FR\",\"potentialAction\":[{\"@type\":\"ReadAction\",\"target\":[\"https:\\\/\\\/www.blagnacartsmartiaux.fr\\\/site\\\/2020\\\/09\\\/30\\\/dans-la-magazine-de-la-federation\\\/\"]}]},{\"@type\":\"ImageObject\",\"inLanguage\":\"fr-FR\",\"@id\":\"https:\\\/\\\/www.blagnacartsmartiaux.fr\\\/site\\\/2020\\\/09\\\/30\\\/dans-la-magazine-de-la-federation\\\/#primaryimage\",\"url\":\"https:\\\/\\\/www.blagnacartsmartiaux.fr\\\/site\\\/wp-content\\\/uploads\\\/2020\\\/09\\\/article-magazine-karate-ffkarate-lionel-froidure.jpg\",\"contentUrl\":\"https:\\\/\\\/www.blagnacartsmartiaux.fr\\\/site\\\/wp-content\\\/uploads\\\/2020\\\/09\\\/article-magazine-karate-ffkarate-lionel-froidure.jpg\",\"width\":1000,\"height\":629},{\"@type\":\"BreadcrumbList\",\"@id\":\"https:\\\/\\\/www.blagnacartsmartiaux.fr\\\/site\\\/2020\\\/09\\\/30\\\/dans-la-magazine-de-la-federation\\\/#breadcrumb\",\"itemListElement\":[{\"@type\":\"ListItem\",\"position\":1,\"name\":\"Accueil\",\"item\":\"https:\\\/\\\/www.blagnacartsmartiaux.fr\\\/site\\\/\"},{\"@type\":\"ListItem\",\"position\":2,\"name\":\"Dans la magazine de la f\u00e9d\u00e9ration\"}]},{\"@type\":\"WebSite\",\"@id\":\"https:\\\/\\\/www.blagnacartsmartiaux.fr\\\/site\\\/#website\",\"url\":\"https:\\\/\\\/www.blagnacartsmartiaux.fr\\\/site\\\/\",\"name\":\"Blagnac Arts Martiaux\",\"description\":\"Le club de Judo, Karat\u00e9, Jujitsu, Arnis Kali et Self D\u00e9fense sur Blagnac\",\"publisher\":{\"@id\":\"https:\\\/\\\/www.blagnacartsmartiaux.fr\\\/site\\\/#organization\"},\"potentialAction\":[{\"@type\":\"SearchAction\",\"target\":{\"@type\":\"EntryPoint\",\"urlTemplate\":\"https:\\\/\\\/www.blagnacartsmartiaux.fr\\\/site\\\/?s={search_term_string}\"},\"query-input\":{\"@type\":\"PropertyValueSpecification\",\"valueRequired\":true,\"valueName\":\"search_term_string\"}}],\"inLanguage\":\"fr-FR\"},{\"@type\":\"Organization\",\"@id\":\"https:\\\/\\\/www.blagnacartsmartiaux.fr\\\/site\\\/#organization\",\"name\":\"Blagnac Arts Martiaux\",\"url\":\"https:\\\/\\\/www.blagnacartsmartiaux.fr\\\/site\\\/\",\"logo\":{\"@type\":\"ImageObject\",\"inLanguage\":\"fr-FR\",\"@id\":\"https:\\\/\\\/www.blagnacartsmartiaux.fr\\\/site\\\/#\\\/schema\\\/logo\\\/image\\\/\",\"url\":\"https:\\\/\\\/www.blagnacartsmartiaux.fr\\\/site\\\/wp-content\\\/uploads\\\/2020\\\/05\\\/cropped-bam-wide.png\",\"contentUrl\":\"https:\\\/\\\/www.blagnacartsmartiaux.fr\\\/site\\\/wp-content\\\/uploads\\\/2020\\\/05\\\/cropped-bam-wide.png\",\"width\":180,\"height\":60,\"caption\":\"Blagnac Arts Martiaux\"},\"image\":{\"@id\":\"https:\\\/\\\/www.blagnacartsmartiaux.fr\\\/site\\\/#\\\/schema\\\/logo\\\/image\\\/\"},\"sameAs\":[\"https:\\\/\\\/www.facebook.com\\\/BlagnacArtsMartiaux\",\"https:\\\/\\\/x.com\\\/BlagnacArtsM\"]},{\"@type\":\"Person\",\"@id\":\"https:\\\/\\\/www.blagnacartsmartiaux.fr\\\/site\\\/#\\\/schema\\\/person\\\/5e8c2efafaca349ed0a91288de4be82d\",\"name\":\"Lionel Froidure\",\"image\":{\"@type\":\"ImageObject\",\"inLanguage\":\"fr-FR\",\"@id\":\"https:\\\/\\\/secure.gravatar.com\\\/avatar\\\/6abc90d10c2ec0e58fbc1a422a1bb3658967059e3bb63471b3b5abb1f440e83c?s=96&d=mm&r=g\",\"url\":\"https:\\\/\\\/secure.gravatar.com\\\/avatar\\\/6abc90d10c2ec0e58fbc1a422a1bb3658967059e3bb63471b3b5abb1f440e83c?s=96&d=mm&r=g\",\"contentUrl\":\"https:\\\/\\\/secure.gravatar.com\\\/avatar\\\/6abc90d10c2ec0e58fbc1a422a1bb3658967059e3bb63471b3b5abb1f440e83c?s=96&d=mm&r=g\",\"caption\":\"Lionel Froidure\"},\"description\":\"CN 6\u00e8me Dan Karat\u00e9 Shotokan - CN 3\u00e8me degr\u00e9 Arnis Kali - Professeur dipl\u00f4m\u00e9 d\u2019\u00e9tat DEJEPS - Instructeur Arnis Kali 2\u00e8me niveau - D\u00e9couvre mon blog KARATE\",\"sameAs\":[\"https:\\\/\\\/www.lionelfroidure.com\",\"https:\\\/\\\/www.facebook.com\\\/lionelbudo\",\"https:\\\/\\\/instagram.com\\\/lionelfroidure\",\"https:\\\/\\\/x.com\\\/lionelfroidure\"],\"url\":\"https:\\\/\\\/www.blagnacartsmartiaux.fr\\\/site\\\/author\\\/lionel-froidure\\\/\"}]}<\/script>\n<!-- \/ Yoast SEO plugin. -->","yoast_head_json":{"title":"Dans la magazine de la f\u00e9d\u00e9ration - Blagnac Arts Martiaux","robots":{"index":"index","follow":"follow","max-snippet":"max-snippet:-1","max-image-preview":"max-image-preview:large","max-video-preview":"max-video-preview:-1"},"canonical":"https:\/\/www.blagnacartsmartiaux.fr\/site\/2020\/09\/30\/dans-la-magazine-de-la-federation\/","og_locale":"fr_FR","og_type":"article","og_title":"Dans la magazine de la f\u00e9d\u00e9ration - Blagnac Arts Martiaux","og_description":"\u00ab\u00a0Au bout du monde ou dans son dojo de Blagnac, un qu\u00eateur sinc\u00e8re de sens et de techniques, qu\u2019il ram\u00e8ne comme des tr\u00e9sors \u00e0 ses \u00e9l\u00e8ves.\u00a0\u00bb Retrouver d\u00e8s \u00e0 pr\u00e9sent un article de notre enseignant de karat\u00e9 et arnis kali, Lionel Froidure, dans la magazine en ligne de la f\u00e9d\u00e9ration FFKarate. \u00ab\u00a0D\u00e8s le d\u00e9but, comme [&hellip;]","og_url":"https:\/\/www.blagnacartsmartiaux.fr\/site\/2020\/09\/30\/dans-la-magazine-de-la-federation\/","og_site_name":"Blagnac Arts Martiaux","article_publisher":"https:\/\/www.facebook.com\/BlagnacArtsMartiaux","article_author":"https:\/\/www.facebook.com\/lionelbudo","article_published_time":"2020-09-30T12:51:39+00:00","article_modified_time":"2020-09-30T12:52:21+00:00","og_image":[{"width":1000,"height":629,"url":"https:\/\/www.blagnacartsmartiaux.fr\/site\/wp-content\/uploads\/2020\/09\/article-magazine-karate-ffkarate-lionel-froidure.jpg","type":"image\/jpeg"}],"author":"Lionel Froidure","twitter_card":"summary_large_image","twitter_image":"https:\/\/www.blagnacartsmartiaux.fr\/site\/wp-content\/uploads\/2020\/09\/article-magazine-karate-ffkarate-lionel-froidure.jpg","twitter_creator":"@lionelfroidure","twitter_site":"@BlagnacArtsM","twitter_misc":{"\u00c9crit par":"Lionel Froidure","Dur\u00e9e de lecture estim\u00e9e":"1 minute"},"schema":{"@context":"https:\/\/schema.org","@graph":[{"@type":"Article","@id":"https:\/\/www.blagnacartsmartiaux.fr\/site\/2020\/09\/30\/dans-la-magazine-de-la-federation\/#article","isPartOf":{"@id":"https:\/\/www.blagnacartsmartiaux.fr\/site\/2020\/09\/30\/dans-la-magazine-de-la-federation\/"},"author":{"name":"Lionel Froidure","@id":"https:\/\/www.blagnacartsmartiaux.fr\/site\/#\/schema\/person\/5e8c2efafaca349ed0a91288de4be82d"},"headline":"Dans la magazine de la f\u00e9d\u00e9ration","datePublished":"2020-09-30T12:51:39+00:00","dateModified":"2020-09-30T12:52:21+00:00","mainEntityOfPage":{"@id":"https:\/\/www.blagnacartsmartiaux.fr\/site\/2020\/09\/30\/dans-la-magazine-de-la-federation\/"},"wordCount":168,"publisher":{"@id":"https:\/\/www.blagnacartsmartiaux.fr\/site\/#organization"},"image":{"@id":"https:\/\/www.blagnacartsmartiaux.fr\/site\/2020\/09\/30\/dans-la-magazine-de-la-federation\/#primaryimage"},"thumbnailUrl":"https:\/\/www.blagnacartsmartiaux.fr\/site\/wp-content\/uploads\/2020\/09\/article-magazine-karate-ffkarate-lionel-froidure.jpg","keywords":["karat\u00e9"],"articleSection":["Karate"],"inLanguage":"fr-FR"},{"@type":"WebPage","@id":"https:\/\/www.blagnacartsmartiaux.fr\/site\/2020\/09\/30\/dans-la-magazine-de-la-federation\/","url":"https:\/\/www.blagnacartsmartiaux.fr\/site\/2020\/09\/30\/dans-la-magazine-de-la-federation\/","name":"Dans la magazine de la f\u00e9d\u00e9ration - Blagnac Arts Martiaux","isPartOf":{"@id":"https:\/\/www.blagnacartsmartiaux.fr\/site\/#website"},"primaryImageOfPage":{"@id":"https:\/\/www.blagnacartsmartiaux.fr\/site\/2020\/09\/30\/dans-la-magazine-de-la-federation\/#primaryimage"},"image":{"@id":"https:\/\/www.blagnacartsmartiaux.fr\/site\/2020\/09\/30\/dans-la-magazine-de-la-federation\/#primaryimage"},"thumbnailUrl":"https:\/\/www.blagnacartsmartiaux.fr\/site\/wp-content\/uploads\/2020\/09\/article-magazine-karate-ffkarate-lionel-froidure.jpg","datePublished":"2020-09-30T12:51:39+00:00","dateModified":"2020-09-30T12:52:21+00:00","breadcrumb":{"@id":"https:\/\/www.blagnacartsmartiaux.fr\/site\/2020\/09\/30\/dans-la-magazine-de-la-federation\/#breadcrumb"},"inLanguage":"fr-FR","potentialAction":[{"@type":"ReadAction","target":["https:\/\/www.blagnacartsmartiaux.fr\/site\/2020\/09\/30\/dans-la-magazine-de-la-federation\/"]}]},{"@type":"ImageObject","inLanguage":"fr-FR","@id":"https:\/\/www.blagnacartsmartiaux.fr\/site\/2020\/09\/30\/dans-la-magazine-de-la-federation\/#primaryimage","url":"https:\/\/www.blagnacartsmartiaux.fr\/site\/wp-content\/uploads\/2020\/09\/article-magazine-karate-ffkarate-lionel-froidure.jpg","contentUrl":"https:\/\/www.blagnacartsmartiaux.fr\/site\/wp-content\/uploads\/2020\/09\/article-magazine-karate-ffkarate-lionel-froidure.jpg","width":1000,"height":629},{"@type":"BreadcrumbList","@id":"https:\/\/www.blagnacartsmartiaux.fr\/site\/2020\/09\/30\/dans-la-magazine-de-la-federation\/#breadcrumb","itemListElement":[{"@type":"ListItem","position":1,"name":"Accueil","item":"https:\/\/www.blagnacartsmartiaux.fr\/site\/"},{"@type":"ListItem","position":2,"name":"Dans la magazine de la f\u00e9d\u00e9ration"}]},{"@type":"WebSite","@id":"https:\/\/www.blagnacartsmartiaux.fr\/site\/#website","url":"https:\/\/www.blagnacartsmartiaux.fr\/site\/","name":"Blagnac Arts Martiaux","description":"Le club de Judo, Karat\u00e9, Jujitsu, Arnis Kali et Self D\u00e9fense sur Blagnac","publisher":{"@id":"https:\/\/www.blagnacartsmartiaux.fr\/site\/#organization"},"potentialAction":[{"@type":"SearchAction","target":{"@type":"EntryPoint","urlTemplate":"https:\/\/www.blagnacartsmartiaux.fr\/site\/?s={search_term_string}"},"query-input":{"@type":"PropertyValueSpecification","valueRequired":true,"valueName":"search_term_string"}}],"inLanguage":"fr-FR"},{"@type":"Organization","@id":"https:\/\/www.blagnacartsmartiaux.fr\/site\/#organization","name":"Blagnac Arts Martiaux","url":"https:\/\/www.blagnacartsmartiaux.fr\/site\/","logo":{"@type":"ImageObject","inLanguage":"fr-FR","@id":"https:\/\/www.blagnacartsmartiaux.fr\/site\/#\/schema\/logo\/image\/","url":"https:\/\/www.blagnacartsmartiaux.fr\/site\/wp-content\/uploads\/2020\/05\/cropped-bam-wide.png","contentUrl":"https:\/\/www.blagnacartsmartiaux.fr\/site\/wp-content\/uploads\/2020\/05\/cropped-bam-wide.png","width":180,"height":60,"caption":"Blagnac Arts Martiaux"},"image":{"@id":"https:\/\/www.blagnacartsmartiaux.fr\/site\/#\/schema\/logo\/image\/"},"sameAs":["https:\/\/www.facebook.com\/BlagnacArtsMartiaux","https:\/\/x.com\/BlagnacArtsM"]},{"@type":"Person","@id":"https:\/\/www.blagnacartsmartiaux.fr\/site\/#\/schema\/person\/5e8c2efafaca349ed0a91288de4be82d","name":"Lionel Froidure","image":{"@type":"ImageObject","inLanguage":"fr-FR","@id":"https:\/\/secure.gravatar.com\/avatar\/6abc90d10c2ec0e58fbc1a422a1bb3658967059e3bb63471b3b5abb1f440e83c?s=96&d=mm&r=g","url":"https:\/\/secure.gravatar.com\/avatar\/6abc90d10c2ec0e58fbc1a422a1bb3658967059e3bb63471b3b5abb1f440e83c?s=96&d=mm&r=g","contentUrl":"https:\/\/secure.gravatar.com\/avatar\/6abc90d10c2ec0e58fbc1a422a1bb3658967059e3bb63471b3b5abb1f440e83c?s=96&d=mm&r=g","caption":"Lionel Froidure"},"description":"CN 6\u00e8me Dan Karat\u00e9 Shotokan - CN 3\u00e8me degr\u00e9 Arnis Kali - Professeur dipl\u00f4m\u00e9 d\u2019\u00e9tat DEJEPS - Instructeur Arnis Kali 2\u00e8me niveau - D\u00e9couvre mon blog KARATE","sameAs":["https:\/\/www.lionelfroidure.com","https:\/\/www.facebook.com\/lionelbudo","https:\/\/instagram.com\/lionelfroidure","https:\/\/x.com\/lionelfroidure"],"url":"https:\/\/www.blagnacartsmartiaux.fr\/site\/author\/lionel-froidure\/"}]}},"_links":{"self":[{"href":"https:\/\/www.blagnacartsmartiaux.fr\/site\/wp-json\/wp\/v2\/posts\/3539","targetHints":{"allow":["GET"]}}],"collection":[{"href":"https:\/\/www.blagnacartsmartiaux.fr\/site\/wp-json\/wp\/v2\/posts"}],"about":[{"href":"https:\/\/www.blagnacartsmartiaux.fr\/site\/wp-json\/wp\/v2\/types\/post"}],"author":[{"embeddable":true,"href":"https:\/\/www.blagnacartsmartiaux.fr\/site\/wp-json\/wp\/v2\/users\/2"}],"replies":[{"embeddable":true,"href":"https:\/\/www.blagnacartsmartiaux.fr\/site\/wp-json\/wp\/v2\/comments?post=3539"}],"version-history":[{"count":1,"href":"https:\/\/www.blagnacartsmartiaux.fr\/site\/wp-json\/wp\/v2\/posts\/3539\/revisions"}],"predecessor-version":[{"id":3541,"href":"https:\/\/www.blagnacartsmartiaux.fr\/site\/wp-json\/wp\/v2\/posts\/3539\/revisions\/3541"}],"wp:featuredmedia":[{"embeddable":true,"href":"https:\/\/www.blagnacartsmartiaux.fr\/site\/wp-json\/wp\/v2\/media\/3540"}],"wp:attachment":[{"href":"https:\/\/www.blagnacartsmartiaux.fr\/site\/wp-json\/wp\/v2\/media?parent=3539"}],"wp:term":[{"taxonomy":"category","embeddable":true,"href":"https:\/\/www.blagnacartsmartiaux.fr\/site\/wp-json\/wp\/v2\/categories?post=3539"},{"taxonomy":"post_tag","embeddable":true,"href":"https:\/\/www.blagnacartsmartiaux.fr\/site\/wp-json\/wp\/v2\/tags?post=3539"}],"curies":[{"name":"wp","href":"https:\/\/api.w.org\/{rel}","templated":true}]}}