{"id":3598,"date":"2021-01-17T21:55:08","date_gmt":"2021-01-17T19:55:08","guid":{"rendered":"http:\/\/www.blagnacartsmartiaux.fr\/site\/?p=3598"},"modified":"2021-08-27T14:57:35","modified_gmt":"2021-08-27T12:57:35","slug":"covid-17-01-2021","status":"publish","type":"post","link":"https:\/\/www.blagnacartsmartiaux.fr\/site\/2021\/01\/17\/covid-17-01-2021\/","title":{"rendered":"COVID (16\/01\/2021)"},"content":{"rendered":"\n<p>Bonjour \u00e0 toutes et \u00e0 tous,<\/p>\n\n\n\n<p>Suite aux annonces gouvernementales, vous trouverez ci-dessous le mail de la mairie annon\u00e7ant la fermeture de tous les \u00e9quipements sportifs couverts<\/p>\n\n\n\n<p><strong>Les cours au dojo sont donc tous suspendus pour une dur\u00e9e de 15 jours jusqu&rsquo;au prochaines annonces<\/strong>,<\/p>\n\n\n\n<p>Nous reviendrons vers vous d\u00e8s que possible<\/p>\n\n\n\n<p>\u00ab\u00a0Mesdames les Pr\u00e9sidentes, Messieurs les Pr\u00e9sidents,<\/p>\n\n\n\n<p>Pour faire suite aux nouvelles annonces de fermetures des \u00e9quipements sportifs prises par le gouvernement &nbsp;ce jeudi 14 janvier, j\u2019ai le regret de vous informer que la totalit\u00e9 &nbsp;des \u00e9quipements sportifs couverts blagnacais seront ferm\u00e9s au public \u00e0 partir du lundi 18 janvier inclus et pour au moins 15 jours.<\/p>\n\n\n\n<p>De plus, l\u2019instauration d\u2019un nouveau couvre-feu tous les jours \u00e0 partir de 18h \u00e0 compter de samedi 16 janvier 2021 pour une dur\u00e9e d\u2019au moins 15 jours un premier temps, nous oblige \u00e0 fermer toutes nos structures sportives tous les soirs \u00e0 17h45 pr\u00e9cises, \u00e0 compter de samedi 16 janvier 2021.\u00a0\u00bb<\/p>\n\n\n\n<p>Bien sportivement,<\/p>\n\n\n\n<p><strong>Le bureau du BAM<\/strong><\/p>\n","protected":false},"excerpt":{"rendered":"<p>Bonjour \u00e0 toutes et \u00e0 tous, Suite aux annonces gouvernementales, vous trouverez ci-dessous le mail de la mairie annon\u00e7ant la fermeture de tous les \u00e9quipements sportifs couverts Les cours au dojo sont donc tous suspendus pour une dur\u00e9e de 15 jours jusqu&rsquo;au prochaines annonces, Nous reviendrons vers vous d\u00e8s que possible \u00ab\u00a0Mesdames les Pr\u00e9sidentes, Messieurs [&hellip;]<\/p>\n","protected":false},"author":2,"featured_media":3599,"comment_status":"closed","ping_status":"closed","sticky":false,"template":"","format":"standard","meta":{"site-sidebar-layout":"default","site-content-layout":"default","ast-site-content-layout":"default","site-content-style":"default","site-sidebar-style":"default","ast-global-header-display":"","ast-banner-title-visibility":"","ast-main-header-display":"","ast-hfb-above-header-display":"","ast-hfb-below-header-display":"","ast-hfb-mobile-header-display":"","site-post-title":"","ast-breadcrumbs-content":"","ast-featured-img":"","footer-sml-layout":"","ast-disable-related-posts":"","theme-transparent-header-meta":"default","adv-header-id-meta":"","stick-header-meta":"","header-above-stick-meta":"","header-main-stick-meta":"","header-below-stick-meta":"","astra-migrate-meta-layouts":"default","ast-page-background-enabled":"default","ast-page-background-meta":{"desktop":{"background-color":"","background-image":"","background-repeat":"repeat","background-position":"center center","background-size":"auto","background-attachment":"scroll","background-type":"","background-media":"","overlay-type":"","overlay-color":"","overlay-opacity":"","overlay-gradient":""},"tablet":{"background-color":"","background-image":"","background-repeat":"repeat","background-position":"center center","background-size":"auto","background-attachment":"scroll","background-type":"","background-media":"","overlay-type":"","overlay-color":"","overlay-opacity":"","overlay-gradient":""},"mobile":{"background-color":"","background-image":"","background-repeat":"repeat","background-position":"center center","background-size":"auto","background-attachment":"scroll","background-type":"","background-media":"","overlay-type":"","overlay-color":"","overlay-opacity":"","overlay-gradient":""}},"ast-content-background-meta":{"desktop":{"background-color":"var(--ast-global-color-5)","background-image":"","background-repeat":"repeat","background-position":"center center","background-size":"auto","background-attachment":"scroll","background-type":"","background-media":"","overlay-type":"","overlay-color":"","overlay-opacity":"","overlay-gradient":""},"tablet":{"background-color":"var(--ast-global-color-5)","background-image":"","background-repeat":"repeat","background-position":"center center","background-size":"auto","background-attachment":"scroll","background-type":"","background-media":"","overlay-type":"","overlay-color":"","overlay-opacity":"","overlay-gradient":""},"mobile":{"background-color":"var(--ast-global-color-5)","background-image":"","background-repeat":"repeat","background-position":"center center","background-size":"auto","background-attachment":"scroll","background-type":"","background-media":"","overlay-type":"","overlay-color":"","overlay-opacity":"","overlay-gradient":""}},"footnotes":""},"categories":[1],"tags":[],"class_list":["post-3598","post","type-post","status-publish","format-standard","has-post-thumbnail","hentry","category-non-classe"],"yoast_head":"<!-- This site is optimized with the Yoast SEO plugin v27.5 - https:\/\/yoast.com\/product\/yoast-seo-wordpress\/ -->\n<title>COVID (16\/01\/2021) - Blagnac Arts Martiaux<\/title>\n<meta name=\"robots\" content=\"index, follow, max-snippet:-1, max-image-preview:large, max-video-preview:-1\" \/>\n<link rel=\"canonical\" href=\"https:\/\/www.blagnacartsmartiaux.fr\/site\/2021\/01\/17\/covid-17-01-2021\/\" \/>\n<meta property=\"og:locale\" content=\"fr_FR\" \/>\n<meta property=\"og:type\" content=\"article\" \/>\n<meta property=\"og:title\" content=\"COVID (16\/01\/2021) - Blagnac Arts Martiaux\" \/>\n<meta property=\"og:description\" content=\"Bonjour \u00e0 toutes et \u00e0 tous, Suite aux annonces gouvernementales, vous trouverez ci-dessous le mail de la mairie annon\u00e7ant la fermeture de tous les \u00e9quipements sportifs couverts Les cours au dojo sont donc tous suspendus pour une dur\u00e9e de 15 jours jusqu&rsquo;au prochaines annonces, Nous reviendrons vers vous d\u00e8s que possible \u00ab\u00a0Mesdames les Pr\u00e9sidentes, Messieurs [&hellip;]\" \/>\n<meta property=\"og:url\" content=\"https:\/\/www.blagnacartsmartiaux.fr\/site\/2021\/01\/17\/covid-17-01-2021\/\" \/>\n<meta property=\"og:site_name\" content=\"Blagnac Arts Martiaux\" \/>\n<meta property=\"article:publisher\" content=\"https:\/\/www.facebook.com\/BlagnacArtsMartiaux\" \/>\n<meta property=\"article:author\" content=\"https:\/\/www.facebook.com\/lionelbudo\" \/>\n<meta property=\"article:published_time\" content=\"2021-01-17T19:55:08+00:00\" \/>\n<meta property=\"article:modified_time\" content=\"2021-08-27T12:57:35+00:00\" \/>\n<meta property=\"og:image\" content=\"https:\/\/www.blagnacartsmartiaux.fr\/site\/wp-content\/uploads\/2021\/01\/covid-16121.jpg\" \/>\n\t<meta property=\"og:image:width\" content=\"1200\" \/>\n\t<meta property=\"og:image:height\" content=\"628\" \/>\n\t<meta property=\"og:image:type\" content=\"image\/jpeg\" \/>\n<meta name=\"author\" content=\"Lionel Froidure\" \/>\n<meta name=\"twitter:card\" content=\"summary_large_image\" \/>\n<meta name=\"twitter:image\" content=\"https:\/\/www.blagnacartsmartiaux.fr\/site\/wp-content\/uploads\/2021\/01\/covid-16121.jpg\" \/>\n<meta name=\"twitter:creator\" content=\"@lionelfroidure\" \/>\n<meta name=\"twitter:site\" content=\"@BlagnacArtsM\" \/>\n<meta name=\"twitter:label1\" content=\"\u00c9crit par\" \/>\n\t<meta name=\"twitter:data1\" content=\"Lionel Froidure\" \/>\n\t<meta name=\"twitter:label2\" content=\"Dur\u00e9e de lecture estim\u00e9e\" \/>\n\t<meta name=\"twitter:data2\" content=\"1 minute\" \/>\n<script type=\"application\/ld+json\" class=\"yoast-schema-graph\">{\"@context\":\"https:\\\/\\\/schema.org\",\"@graph\":[{\"@type\":\"Article\",\"@id\":\"https:\\\/\\\/www.blagnacartsmartiaux.fr\\\/site\\\/2021\\\/01\\\/17\\\/covid-17-01-2021\\\/#article\",\"isPartOf\":{\"@id\":\"https:\\\/\\\/www.blagnacartsmartiaux.fr\\\/site\\\/2021\\\/01\\\/17\\\/covid-17-01-2021\\\/\"},\"author\":{\"name\":\"Lionel Froidure\",\"@id\":\"https:\\\/\\\/www.blagnacartsmartiaux.fr\\\/site\\\/#\\\/schema\\\/person\\\/5e8c2efafaca349ed0a91288de4be82d\"},\"headline\":\"COVID (16\\\/01\\\/2021)\",\"datePublished\":\"2021-01-17T19:55:08+00:00\",\"dateModified\":\"2021-08-27T12:57:35+00:00\",\"mainEntityOfPage\":{\"@id\":\"https:\\\/\\\/www.blagnacartsmartiaux.fr\\\/site\\\/2021\\\/01\\\/17\\\/covid-17-01-2021\\\/\"},\"wordCount\":163,\"publisher\":{\"@id\":\"https:\\\/\\\/www.blagnacartsmartiaux.fr\\\/site\\\/#organization\"},\"image\":{\"@id\":\"https:\\\/\\\/www.blagnacartsmartiaux.fr\\\/site\\\/2021\\\/01\\\/17\\\/covid-17-01-2021\\\/#primaryimage\"},\"thumbnailUrl\":\"https:\\\/\\\/www.blagnacartsmartiaux.fr\\\/site\\\/wp-content\\\/uploads\\\/2021\\\/01\\\/covid-16121.jpg\",\"inLanguage\":\"fr-FR\"},{\"@type\":\"WebPage\",\"@id\":\"https:\\\/\\\/www.blagnacartsmartiaux.fr\\\/site\\\/2021\\\/01\\\/17\\\/covid-17-01-2021\\\/\",\"url\":\"https:\\\/\\\/www.blagnacartsmartiaux.fr\\\/site\\\/2021\\\/01\\\/17\\\/covid-17-01-2021\\\/\",\"name\":\"COVID (16\\\/01\\\/2021) - Blagnac Arts Martiaux\",\"isPartOf\":{\"@id\":\"https:\\\/\\\/www.blagnacartsmartiaux.fr\\\/site\\\/#website\"},\"primaryImageOfPage\":{\"@id\":\"https:\\\/\\\/www.blagnacartsmartiaux.fr\\\/site\\\/2021\\\/01\\\/17\\\/covid-17-01-2021\\\/#primaryimage\"},\"image\":{\"@id\":\"https:\\\/\\\/www.blagnacartsmartiaux.fr\\\/site\\\/2021\\\/01\\\/17\\\/covid-17-01-2021\\\/#primaryimage\"},\"thumbnailUrl\":\"https:\\\/\\\/www.blagnacartsmartiaux.fr\\\/site\\\/wp-content\\\/uploads\\\/2021\\\/01\\\/covid-16121.jpg\",\"datePublished\":\"2021-01-17T19:55:08+00:00\",\"dateModified\":\"2021-08-27T12:57:35+00:00\",\"breadcrumb\":{\"@id\":\"https:\\\/\\\/www.blagnacartsmartiaux.fr\\\/site\\\/2021\\\/01\\\/17\\\/covid-17-01-2021\\\/#breadcrumb\"},\"inLanguage\":\"fr-FR\",\"potentialAction\":[{\"@type\":\"ReadAction\",\"target\":[\"https:\\\/\\\/www.blagnacartsmartiaux.fr\\\/site\\\/2021\\\/01\\\/17\\\/covid-17-01-2021\\\/\"]}]},{\"@type\":\"ImageObject\",\"inLanguage\":\"fr-FR\",\"@id\":\"https:\\\/\\\/www.blagnacartsmartiaux.fr\\\/site\\\/2021\\\/01\\\/17\\\/covid-17-01-2021\\\/#primaryimage\",\"url\":\"https:\\\/\\\/www.blagnacartsmartiaux.fr\\\/site\\\/wp-content\\\/uploads\\\/2021\\\/01\\\/covid-16121.jpg\",\"contentUrl\":\"https:\\\/\\\/www.blagnacartsmartiaux.fr\\\/site\\\/wp-content\\\/uploads\\\/2021\\\/01\\\/covid-16121.jpg\",\"width\":1200,\"height\":628},{\"@type\":\"BreadcrumbList\",\"@id\":\"https:\\\/\\\/www.blagnacartsmartiaux.fr\\\/site\\\/2021\\\/01\\\/17\\\/covid-17-01-2021\\\/#breadcrumb\",\"itemListElement\":[{\"@type\":\"ListItem\",\"position\":1,\"name\":\"Accueil\",\"item\":\"https:\\\/\\\/www.blagnacartsmartiaux.fr\\\/site\\\/\"},{\"@type\":\"ListItem\",\"position\":2,\"name\":\"COVID (16\\\/01\\\/2021)\"}]},{\"@type\":\"WebSite\",\"@id\":\"https:\\\/\\\/www.blagnacartsmartiaux.fr\\\/site\\\/#website\",\"url\":\"https:\\\/\\\/www.blagnacartsmartiaux.fr\\\/site\\\/\",\"name\":\"Blagnac Arts Martiaux\",\"description\":\"Le club de Judo, Karat\u00e9, Jujitsu, Arnis Kali et Self D\u00e9fense sur Blagnac\",\"publisher\":{\"@id\":\"https:\\\/\\\/www.blagnacartsmartiaux.fr\\\/site\\\/#organization\"},\"potentialAction\":[{\"@type\":\"SearchAction\",\"target\":{\"@type\":\"EntryPoint\",\"urlTemplate\":\"https:\\\/\\\/www.blagnacartsmartiaux.fr\\\/site\\\/?s={search_term_string}\"},\"query-input\":{\"@type\":\"PropertyValueSpecification\",\"valueRequired\":true,\"valueName\":\"search_term_string\"}}],\"inLanguage\":\"fr-FR\"},{\"@type\":\"Organization\",\"@id\":\"https:\\\/\\\/www.blagnacartsmartiaux.fr\\\/site\\\/#organization\",\"name\":\"Blagnac Arts Martiaux\",\"url\":\"https:\\\/\\\/www.blagnacartsmartiaux.fr\\\/site\\\/\",\"logo\":{\"@type\":\"ImageObject\",\"inLanguage\":\"fr-FR\",\"@id\":\"https:\\\/\\\/www.blagnacartsmartiaux.fr\\\/site\\\/#\\\/schema\\\/logo\\\/image\\\/\",\"url\":\"https:\\\/\\\/www.blagnacartsmartiaux.fr\\\/site\\\/wp-content\\\/uploads\\\/2020\\\/05\\\/cropped-bam-wide.png\",\"contentUrl\":\"https:\\\/\\\/www.blagnacartsmartiaux.fr\\\/site\\\/wp-content\\\/uploads\\\/2020\\\/05\\\/cropped-bam-wide.png\",\"width\":180,\"height\":60,\"caption\":\"Blagnac Arts Martiaux\"},\"image\":{\"@id\":\"https:\\\/\\\/www.blagnacartsmartiaux.fr\\\/site\\\/#\\\/schema\\\/logo\\\/image\\\/\"},\"sameAs\":[\"https:\\\/\\\/www.facebook.com\\\/BlagnacArtsMartiaux\",\"https:\\\/\\\/x.com\\\/BlagnacArtsM\"]},{\"@type\":\"Person\",\"@id\":\"https:\\\/\\\/www.blagnacartsmartiaux.fr\\\/site\\\/#\\\/schema\\\/person\\\/5e8c2efafaca349ed0a91288de4be82d\",\"name\":\"Lionel Froidure\",\"image\":{\"@type\":\"ImageObject\",\"inLanguage\":\"fr-FR\",\"@id\":\"https:\\\/\\\/secure.gravatar.com\\\/avatar\\\/6abc90d10c2ec0e58fbc1a422a1bb3658967059e3bb63471b3b5abb1f440e83c?s=96&d=mm&r=g\",\"url\":\"https:\\\/\\\/secure.gravatar.com\\\/avatar\\\/6abc90d10c2ec0e58fbc1a422a1bb3658967059e3bb63471b3b5abb1f440e83c?s=96&d=mm&r=g\",\"contentUrl\":\"https:\\\/\\\/secure.gravatar.com\\\/avatar\\\/6abc90d10c2ec0e58fbc1a422a1bb3658967059e3bb63471b3b5abb1f440e83c?s=96&d=mm&r=g\",\"caption\":\"Lionel Froidure\"},\"description\":\"CN 6\u00e8me Dan Karat\u00e9 Shotokan - CN 3\u00e8me degr\u00e9 Arnis Kali - Professeur dipl\u00f4m\u00e9 d\u2019\u00e9tat DEJEPS - Instructeur Arnis Kali 2\u00e8me niveau - D\u00e9couvre mon blog KARATE\",\"sameAs\":[\"https:\\\/\\\/www.lionelfroidure.com\",\"https:\\\/\\\/www.facebook.com\\\/lionelbudo\",\"https:\\\/\\\/instagram.com\\\/lionelfroidure\",\"https:\\\/\\\/x.com\\\/lionelfroidure\"],\"url\":\"https:\\\/\\\/www.blagnacartsmartiaux.fr\\\/site\\\/author\\\/lionel-froidure\\\/\"}]}<\/script>\n<!-- \/ Yoast SEO plugin. -->","yoast_head_json":{"title":"COVID (16\/01\/2021) - Blagnac Arts Martiaux","robots":{"index":"index","follow":"follow","max-snippet":"max-snippet:-1","max-image-preview":"max-image-preview:large","max-video-preview":"max-video-preview:-1"},"canonical":"https:\/\/www.blagnacartsmartiaux.fr\/site\/2021\/01\/17\/covid-17-01-2021\/","og_locale":"fr_FR","og_type":"article","og_title":"COVID (16\/01\/2021) - Blagnac Arts Martiaux","og_description":"Bonjour \u00e0 toutes et \u00e0 tous, Suite aux annonces gouvernementales, vous trouverez ci-dessous le mail de la mairie annon\u00e7ant la fermeture de tous les \u00e9quipements sportifs couverts Les cours au dojo sont donc tous suspendus pour une dur\u00e9e de 15 jours jusqu&rsquo;au prochaines annonces, Nous reviendrons vers vous d\u00e8s que possible \u00ab\u00a0Mesdames les Pr\u00e9sidentes, Messieurs [&hellip;]","og_url":"https:\/\/www.blagnacartsmartiaux.fr\/site\/2021\/01\/17\/covid-17-01-2021\/","og_site_name":"Blagnac Arts Martiaux","article_publisher":"https:\/\/www.facebook.com\/BlagnacArtsMartiaux","article_author":"https:\/\/www.facebook.com\/lionelbudo","article_published_time":"2021-01-17T19:55:08+00:00","article_modified_time":"2021-08-27T12:57:35+00:00","og_image":[{"width":1200,"height":628,"url":"https:\/\/www.blagnacartsmartiaux.fr\/site\/wp-content\/uploads\/2021\/01\/covid-16121.jpg","type":"image\/jpeg"}],"author":"Lionel Froidure","twitter_card":"summary_large_image","twitter_image":"https:\/\/www.blagnacartsmartiaux.fr\/site\/wp-content\/uploads\/2021\/01\/covid-16121.jpg","twitter_creator":"@lionelfroidure","twitter_site":"@BlagnacArtsM","twitter_misc":{"\u00c9crit par":"Lionel Froidure","Dur\u00e9e de lecture estim\u00e9e":"1 minute"},"schema":{"@context":"https:\/\/schema.org","@graph":[{"@type":"Article","@id":"https:\/\/www.blagnacartsmartiaux.fr\/site\/2021\/01\/17\/covid-17-01-2021\/#article","isPartOf":{"@id":"https:\/\/www.blagnacartsmartiaux.fr\/site\/2021\/01\/17\/covid-17-01-2021\/"},"author":{"name":"Lionel Froidure","@id":"https:\/\/www.blagnacartsmartiaux.fr\/site\/#\/schema\/person\/5e8c2efafaca349ed0a91288de4be82d"},"headline":"COVID (16\/01\/2021)","datePublished":"2021-01-17T19:55:08+00:00","dateModified":"2021-08-27T12:57:35+00:00","mainEntityOfPage":{"@id":"https:\/\/www.blagnacartsmartiaux.fr\/site\/2021\/01\/17\/covid-17-01-2021\/"},"wordCount":163,"publisher":{"@id":"https:\/\/www.blagnacartsmartiaux.fr\/site\/#organization"},"image":{"@id":"https:\/\/www.blagnacartsmartiaux.fr\/site\/2021\/01\/17\/covid-17-01-2021\/#primaryimage"},"thumbnailUrl":"https:\/\/www.blagnacartsmartiaux.fr\/site\/wp-content\/uploads\/2021\/01\/covid-16121.jpg","inLanguage":"fr-FR"},{"@type":"WebPage","@id":"https:\/\/www.blagnacartsmartiaux.fr\/site\/2021\/01\/17\/covid-17-01-2021\/","url":"https:\/\/www.blagnacartsmartiaux.fr\/site\/2021\/01\/17\/covid-17-01-2021\/","name":"COVID (16\/01\/2021) - Blagnac Arts Martiaux","isPartOf":{"@id":"https:\/\/www.blagnacartsmartiaux.fr\/site\/#website"},"primaryImageOfPage":{"@id":"https:\/\/www.blagnacartsmartiaux.fr\/site\/2021\/01\/17\/covid-17-01-2021\/#primaryimage"},"image":{"@id":"https:\/\/www.blagnacartsmartiaux.fr\/site\/2021\/01\/17\/covid-17-01-2021\/#primaryimage"},"thumbnailUrl":"https:\/\/www.blagnacartsmartiaux.fr\/site\/wp-content\/uploads\/2021\/01\/covid-16121.jpg","datePublished":"2021-01-17T19:55:08+00:00","dateModified":"2021-08-27T12:57:35+00:00","breadcrumb":{"@id":"https:\/\/www.blagnacartsmartiaux.fr\/site\/2021\/01\/17\/covid-17-01-2021\/#breadcrumb"},"inLanguage":"fr-FR","potentialAction":[{"@type":"ReadAction","target":["https:\/\/www.blagnacartsmartiaux.fr\/site\/2021\/01\/17\/covid-17-01-2021\/"]}]},{"@type":"ImageObject","inLanguage":"fr-FR","@id":"https:\/\/www.blagnacartsmartiaux.fr\/site\/2021\/01\/17\/covid-17-01-2021\/#primaryimage","url":"https:\/\/www.blagnacartsmartiaux.fr\/site\/wp-content\/uploads\/2021\/01\/covid-16121.jpg","contentUrl":"https:\/\/www.blagnacartsmartiaux.fr\/site\/wp-content\/uploads\/2021\/01\/covid-16121.jpg","width":1200,"height":628},{"@type":"BreadcrumbList","@id":"https:\/\/www.blagnacartsmartiaux.fr\/site\/2021\/01\/17\/covid-17-01-2021\/#breadcrumb","itemListElement":[{"@type":"ListItem","position":1,"name":"Accueil","item":"https:\/\/www.blagnacartsmartiaux.fr\/site\/"},{"@type":"ListItem","position":2,"name":"COVID (16\/01\/2021)"}]},{"@type":"WebSite","@id":"https:\/\/www.blagnacartsmartiaux.fr\/site\/#website","url":"https:\/\/www.blagnacartsmartiaux.fr\/site\/","name":"Blagnac Arts Martiaux","description":"Le club de Judo, Karat\u00e9, Jujitsu, Arnis Kali et Self D\u00e9fense sur Blagnac","publisher":{"@id":"https:\/\/www.blagnacartsmartiaux.fr\/site\/#organization"},"potentialAction":[{"@type":"SearchAction","target":{"@type":"EntryPoint","urlTemplate":"https:\/\/www.blagnacartsmartiaux.fr\/site\/?s={search_term_string}"},"query-input":{"@type":"PropertyValueSpecification","valueRequired":true,"valueName":"search_term_string"}}],"inLanguage":"fr-FR"},{"@type":"Organization","@id":"https:\/\/www.blagnacartsmartiaux.fr\/site\/#organization","name":"Blagnac Arts Martiaux","url":"https:\/\/www.blagnacartsmartiaux.fr\/site\/","logo":{"@type":"ImageObject","inLanguage":"fr-FR","@id":"https:\/\/www.blagnacartsmartiaux.fr\/site\/#\/schema\/logo\/image\/","url":"https:\/\/www.blagnacartsmartiaux.fr\/site\/wp-content\/uploads\/2020\/05\/cropped-bam-wide.png","contentUrl":"https:\/\/www.blagnacartsmartiaux.fr\/site\/wp-content\/uploads\/2020\/05\/cropped-bam-wide.png","width":180,"height":60,"caption":"Blagnac Arts Martiaux"},"image":{"@id":"https:\/\/www.blagnacartsmartiaux.fr\/site\/#\/schema\/logo\/image\/"},"sameAs":["https:\/\/www.facebook.com\/BlagnacArtsMartiaux","https:\/\/x.com\/BlagnacArtsM"]},{"@type":"Person","@id":"https:\/\/www.blagnacartsmartiaux.fr\/site\/#\/schema\/person\/5e8c2efafaca349ed0a91288de4be82d","name":"Lionel Froidure","image":{"@type":"ImageObject","inLanguage":"fr-FR","@id":"https:\/\/secure.gravatar.com\/avatar\/6abc90d10c2ec0e58fbc1a422a1bb3658967059e3bb63471b3b5abb1f440e83c?s=96&d=mm&r=g","url":"https:\/\/secure.gravatar.com\/avatar\/6abc90d10c2ec0e58fbc1a422a1bb3658967059e3bb63471b3b5abb1f440e83c?s=96&d=mm&r=g","contentUrl":"https:\/\/secure.gravatar.com\/avatar\/6abc90d10c2ec0e58fbc1a422a1bb3658967059e3bb63471b3b5abb1f440e83c?s=96&d=mm&r=g","caption":"Lionel Froidure"},"description":"CN 6\u00e8me Dan Karat\u00e9 Shotokan - CN 3\u00e8me degr\u00e9 Arnis Kali - Professeur dipl\u00f4m\u00e9 d\u2019\u00e9tat DEJEPS - Instructeur Arnis Kali 2\u00e8me niveau - D\u00e9couvre mon blog KARATE","sameAs":["https:\/\/www.lionelfroidure.com","https:\/\/www.facebook.com\/lionelbudo","https:\/\/instagram.com\/lionelfroidure","https:\/\/x.com\/lionelfroidure"],"url":"https:\/\/www.blagnacartsmartiaux.fr\/site\/author\/lionel-froidure\/"}]}},"_links":{"self":[{"href":"https:\/\/www.blagnacartsmartiaux.fr\/site\/wp-json\/wp\/v2\/posts\/3598","targetHints":{"allow":["GET"]}}],"collection":[{"href":"https:\/\/www.blagnacartsmartiaux.fr\/site\/wp-json\/wp\/v2\/posts"}],"about":[{"href":"https:\/\/www.blagnacartsmartiaux.fr\/site\/wp-json\/wp\/v2\/types\/post"}],"author":[{"embeddable":true,"href":"https:\/\/www.blagnacartsmartiaux.fr\/site\/wp-json\/wp\/v2\/users\/2"}],"replies":[{"embeddable":true,"href":"https:\/\/www.blagnacartsmartiaux.fr\/site\/wp-json\/wp\/v2\/comments?post=3598"}],"version-history":[{"count":2,"href":"https:\/\/www.blagnacartsmartiaux.fr\/site\/wp-json\/wp\/v2\/posts\/3598\/revisions"}],"predecessor-version":[{"id":3601,"href":"https:\/\/www.blagnacartsmartiaux.fr\/site\/wp-json\/wp\/v2\/posts\/3598\/revisions\/3601"}],"wp:featuredmedia":[{"embeddable":true,"href":"https:\/\/www.blagnacartsmartiaux.fr\/site\/wp-json\/wp\/v2\/media\/3599"}],"wp:attachment":[{"href":"https:\/\/www.blagnacartsmartiaux.fr\/site\/wp-json\/wp\/v2\/media?parent=3598"}],"wp:term":[{"taxonomy":"category","embeddable":true,"href":"https:\/\/www.blagnacartsmartiaux.fr\/site\/wp-json\/wp\/v2\/categories?post=3598"},{"taxonomy":"post_tag","embeddable":true,"href":"https:\/\/www.blagnacartsmartiaux.fr\/site\/wp-json\/wp\/v2\/tags?post=3598"}],"curies":[{"name":"wp","href":"https:\/\/api.w.org\/{rel}","templated":true}]}}