{"id":3654,"date":"2021-05-22T18:24:23","date_gmt":"2021-05-22T16:24:23","guid":{"rendered":"http:\/\/www.blagnacartsmartiaux.fr\/site\/?p=3654"},"modified":"2021-05-22T18:24:24","modified_gmt":"2021-05-22T16:24:24","slug":"reprise-des-cours-karate-arnis-kali","status":"publish","type":"post","link":"https:\/\/www.blagnacartsmartiaux.fr\/site\/2021\/05\/22\/reprise-des-cours-karate-arnis-kali\/","title":{"rendered":"Reprise des cours Karate \/Arnis Kali"},"content":{"rendered":"\n<p>La continuit\u00e9 p\u00e9dagogique \u00e9tant assur\u00e9 en visio pour les enfants et en pr\u00e9sentiel le samedi matin + visio en semaine durant ces longs mois de confinement, a permis de garder le contact avec la pratique, le bien-\u00eatre et le lien social si cher au dojo et association. Suite aux annonces gouvernementales, <strong>j&rsquo;ai le plaisir de recommencer les cours du soir<\/strong>. <\/p>\n\n\n\n<p><strong><span style=\"text-decoration: underline;\">Les cours enfants KARATE<\/span><\/strong> reprennent au dojo en respectant le protocole sanitaire. Cours \u00e0 18h30 les lundis et jeudis. Et mardi \u00e0 18h pour les petits karat\u00e9 kids. <\/p>\n\n\n\n<p><strong><span style=\"text-decoration: underline;\">Les cours adultes KARATE<\/span><\/strong> continueront en ext\u00e9rieur. Cours du mardi et jeudi midi de 12h30 \u00e0 13h30 et le soir du lundi, mardi et jeudi de 19h jusqu&rsquo;\u00e0 20h30. Pour le travail de contact faudra attendre le 9 juin. <\/p>\n\n\n\n<p><strong><span style=\"text-decoration: underline;\">Les cours ARNIS KALI<\/span><\/strong> continueront en ext\u00e9rieur de 19h \u00e0 20h30 les mercredis et vendredis. Le travail des armes permet de travailler en s\u00e9curit\u00e9 vis \u00e0 vis du protocole sanitaire.<\/p>\n\n\n\n<p>Au plaisir de vous retrouver tous pour les prochains entra\u00eenements.<\/p>\n\n\n\n<p><strong><span style=\"text-decoration: underline;\">Lionel<\/span><\/strong><\/p>\n\n\n\n<div class=\"wp-block-image is-style-default\"><figure class=\"alignleft size-large is-resized\"><img fetchpriority=\"high\" decoding=\"async\" src=\"https:\/\/www.blagnacartsmartiaux.fr\/site\/wp-content\/uploads\/2021\/05\/188239029_10159611175777042_6950389700246193549_n-768x1024.jpg\" alt=\"\" class=\"wp-image-3656\" width=\"576\" height=\"768\" srcset=\"https:\/\/www.blagnacartsmartiaux.fr\/site\/wp-content\/uploads\/2021\/05\/188239029_10159611175777042_6950389700246193549_n-768x1024.jpg 768w, https:\/\/www.blagnacartsmartiaux.fr\/site\/wp-content\/uploads\/2021\/05\/188239029_10159611175777042_6950389700246193549_n-225x300.jpg 225w, https:\/\/www.blagnacartsmartiaux.fr\/site\/wp-content\/uploads\/2021\/05\/188239029_10159611175777042_6950389700246193549_n-1152x1536.jpg 1152w, https:\/\/www.blagnacartsmartiaux.fr\/site\/wp-content\/uploads\/2021\/05\/188239029_10159611175777042_6950389700246193549_n.jpg 1536w\" sizes=\"(max-width: 576px) 100vw, 576px\" \/><\/figure><\/div>\n","protected":false},"excerpt":{"rendered":"<p>La continuit\u00e9 p\u00e9dagogique \u00e9tant assur\u00e9 en visio pour les enfants et en pr\u00e9sentiel le samedi matin + visio en semaine durant ces longs mois de confinement, a permis de garder le contact avec la pratique, le bien-\u00eatre et le lien social si cher au dojo et association. Suite aux annonces gouvernementales, j&rsquo;ai le plaisir de [&hellip;]<\/p>\n","protected":false},"author":2,"featured_media":3655,"comment_status":"closed","ping_status":"closed","sticky":false,"template":"","format":"standard","meta":{"site-sidebar-layout":"default","site-content-layout":"default","ast-site-content-layout":"default","site-content-style":"default","site-sidebar-style":"default","ast-global-header-display":"","ast-banner-title-visibility":"","ast-main-header-display":"","ast-hfb-above-header-display":"","ast-hfb-below-header-display":"","ast-hfb-mobile-header-display":"","site-post-title":"","ast-breadcrumbs-content":"","ast-featured-img":"","footer-sml-layout":"","ast-disable-related-posts":"","theme-transparent-header-meta":"default","adv-header-id-meta":"","stick-header-meta":"","header-above-stick-meta":"","header-main-stick-meta":"","header-below-stick-meta":"","astra-migrate-meta-layouts":"default","ast-page-background-enabled":"default","ast-page-background-meta":{"desktop":{"background-color":"","background-image":"","background-repeat":"repeat","background-position":"center center","background-size":"auto","background-attachment":"scroll","background-type":"","background-media":"","overlay-type":"","overlay-color":"","overlay-opacity":"","overlay-gradient":""},"tablet":{"background-color":"","background-image":"","background-repeat":"repeat","background-position":"center center","background-size":"auto","background-attachment":"scroll","background-type":"","background-media":"","overlay-type":"","overlay-color":"","overlay-opacity":"","overlay-gradient":""},"mobile":{"background-color":"","background-image":"","background-repeat":"repeat","background-position":"center center","background-size":"auto","background-attachment":"scroll","background-type":"","background-media":"","overlay-type":"","overlay-color":"","overlay-opacity":"","overlay-gradient":""}},"ast-content-background-meta":{"desktop":{"background-color":"var(--ast-global-color-5)","background-image":"","background-repeat":"repeat","background-position":"center center","background-size":"auto","background-attachment":"scroll","background-type":"","background-media":"","overlay-type":"","overlay-color":"","overlay-opacity":"","overlay-gradient":""},"tablet":{"background-color":"var(--ast-global-color-5)","background-image":"","background-repeat":"repeat","background-position":"center center","background-size":"auto","background-attachment":"scroll","background-type":"","background-media":"","overlay-type":"","overlay-color":"","overlay-opacity":"","overlay-gradient":""},"mobile":{"background-color":"var(--ast-global-color-5)","background-image":"","background-repeat":"repeat","background-position":"center center","background-size":"auto","background-attachment":"scroll","background-type":"","background-media":"","overlay-type":"","overlay-color":"","overlay-opacity":"","overlay-gradient":""}},"footnotes":""},"categories":[16,6],"tags":[17,141],"class_list":["post-3654","post","type-post","status-publish","format-standard","has-post-thumbnail","hentry","category-arnis-kali","category-karate","tag-arnis-kali-2","tag-karate"],"yoast_head":"<!-- This site is optimized with the Yoast SEO plugin v27.5 - https:\/\/yoast.com\/product\/yoast-seo-wordpress\/ -->\n<title>Reprise des cours Karate \/Arnis Kali - Blagnac Arts Martiaux<\/title>\n<meta name=\"robots\" content=\"index, follow, max-snippet:-1, max-image-preview:large, max-video-preview:-1\" \/>\n<link rel=\"canonical\" href=\"https:\/\/www.blagnacartsmartiaux.fr\/site\/2021\/05\/22\/reprise-des-cours-karate-arnis-kali\/\" \/>\n<meta property=\"og:locale\" content=\"fr_FR\" \/>\n<meta property=\"og:type\" content=\"article\" \/>\n<meta property=\"og:title\" content=\"Reprise des cours Karate \/Arnis Kali - Blagnac Arts Martiaux\" \/>\n<meta property=\"og:description\" content=\"La continuit\u00e9 p\u00e9dagogique \u00e9tant assur\u00e9 en visio pour les enfants et en pr\u00e9sentiel le samedi matin + visio en semaine durant ces longs mois de confinement, a permis de garder le contact avec la pratique, le bien-\u00eatre et le lien social si cher au dojo et association. Suite aux annonces gouvernementales, j&rsquo;ai le plaisir de [&hellip;]\" \/>\n<meta property=\"og:url\" content=\"https:\/\/www.blagnacartsmartiaux.fr\/site\/2021\/05\/22\/reprise-des-cours-karate-arnis-kali\/\" \/>\n<meta property=\"og:site_name\" content=\"Blagnac Arts Martiaux\" \/>\n<meta property=\"article:publisher\" content=\"https:\/\/www.facebook.com\/BlagnacArtsMartiaux\" \/>\n<meta property=\"article:author\" content=\"https:\/\/www.facebook.com\/lionelbudo\" \/>\n<meta property=\"article:published_time\" content=\"2021-05-22T16:24:23+00:00\" \/>\n<meta property=\"article:modified_time\" content=\"2021-05-22T16:24:24+00:00\" \/>\n<meta property=\"og:image\" content=\"https:\/\/www.blagnacartsmartiaux.fr\/site\/wp-content\/uploads\/2021\/05\/188312692_10159611175702042_1526591539535886509_n.jpg\" \/>\n\t<meta property=\"og:image:width\" content=\"920\" \/>\n\t<meta property=\"og:image:height\" content=\"632\" \/>\n\t<meta property=\"og:image:type\" content=\"image\/jpeg\" \/>\n<meta name=\"author\" content=\"Lionel Froidure\" \/>\n<meta name=\"twitter:card\" content=\"summary_large_image\" \/>\n<meta name=\"twitter:image\" content=\"https:\/\/www.blagnacartsmartiaux.fr\/site\/wp-content\/uploads\/2021\/05\/188312692_10159611175702042_1526591539535886509_n.jpg\" \/>\n<meta name=\"twitter:creator\" content=\"@lionelfroidure\" \/>\n<meta name=\"twitter:site\" content=\"@BlagnacArtsM\" \/>\n<meta name=\"twitter:label1\" content=\"\u00c9crit par\" \/>\n\t<meta name=\"twitter:data1\" content=\"Lionel Froidure\" \/>\n\t<meta name=\"twitter:label2\" content=\"Dur\u00e9e de lecture estim\u00e9e\" \/>\n\t<meta name=\"twitter:data2\" content=\"1 minute\" \/>\n<script type=\"application\/ld+json\" class=\"yoast-schema-graph\">{\"@context\":\"https:\\\/\\\/schema.org\",\"@graph\":[{\"@type\":\"Article\",\"@id\":\"https:\\\/\\\/www.blagnacartsmartiaux.fr\\\/site\\\/2021\\\/05\\\/22\\\/reprise-des-cours-karate-arnis-kali\\\/#article\",\"isPartOf\":{\"@id\":\"https:\\\/\\\/www.blagnacartsmartiaux.fr\\\/site\\\/2021\\\/05\\\/22\\\/reprise-des-cours-karate-arnis-kali\\\/\"},\"author\":{\"name\":\"Lionel Froidure\",\"@id\":\"https:\\\/\\\/www.blagnacartsmartiaux.fr\\\/site\\\/#\\\/schema\\\/person\\\/5e8c2efafaca349ed0a91288de4be82d\"},\"headline\":\"Reprise des cours Karate \\\/Arnis Kali\",\"datePublished\":\"2021-05-22T16:24:23+00:00\",\"dateModified\":\"2021-05-22T16:24:24+00:00\",\"mainEntityOfPage\":{\"@id\":\"https:\\\/\\\/www.blagnacartsmartiaux.fr\\\/site\\\/2021\\\/05\\\/22\\\/reprise-des-cours-karate-arnis-kali\\\/\"},\"wordCount\":175,\"publisher\":{\"@id\":\"https:\\\/\\\/www.blagnacartsmartiaux.fr\\\/site\\\/#organization\"},\"image\":{\"@id\":\"https:\\\/\\\/www.blagnacartsmartiaux.fr\\\/site\\\/2021\\\/05\\\/22\\\/reprise-des-cours-karate-arnis-kali\\\/#primaryimage\"},\"thumbnailUrl\":\"https:\\\/\\\/www.blagnacartsmartiaux.fr\\\/site\\\/wp-content\\\/uploads\\\/2021\\\/05\\\/188312692_10159611175702042_1526591539535886509_n.jpg\",\"keywords\":[\"arnis kali\",\"karate\"],\"articleSection\":[\"Arnis Kali\",\"Karate\"],\"inLanguage\":\"fr-FR\"},{\"@type\":\"WebPage\",\"@id\":\"https:\\\/\\\/www.blagnacartsmartiaux.fr\\\/site\\\/2021\\\/05\\\/22\\\/reprise-des-cours-karate-arnis-kali\\\/\",\"url\":\"https:\\\/\\\/www.blagnacartsmartiaux.fr\\\/site\\\/2021\\\/05\\\/22\\\/reprise-des-cours-karate-arnis-kali\\\/\",\"name\":\"Reprise des cours Karate \\\/Arnis Kali - Blagnac Arts Martiaux\",\"isPartOf\":{\"@id\":\"https:\\\/\\\/www.blagnacartsmartiaux.fr\\\/site\\\/#website\"},\"primaryImageOfPage\":{\"@id\":\"https:\\\/\\\/www.blagnacartsmartiaux.fr\\\/site\\\/2021\\\/05\\\/22\\\/reprise-des-cours-karate-arnis-kali\\\/#primaryimage\"},\"image\":{\"@id\":\"https:\\\/\\\/www.blagnacartsmartiaux.fr\\\/site\\\/2021\\\/05\\\/22\\\/reprise-des-cours-karate-arnis-kali\\\/#primaryimage\"},\"thumbnailUrl\":\"https:\\\/\\\/www.blagnacartsmartiaux.fr\\\/site\\\/wp-content\\\/uploads\\\/2021\\\/05\\\/188312692_10159611175702042_1526591539535886509_n.jpg\",\"datePublished\":\"2021-05-22T16:24:23+00:00\",\"dateModified\":\"2021-05-22T16:24:24+00:00\",\"breadcrumb\":{\"@id\":\"https:\\\/\\\/www.blagnacartsmartiaux.fr\\\/site\\\/2021\\\/05\\\/22\\\/reprise-des-cours-karate-arnis-kali\\\/#breadcrumb\"},\"inLanguage\":\"fr-FR\",\"potentialAction\":[{\"@type\":\"ReadAction\",\"target\":[\"https:\\\/\\\/www.blagnacartsmartiaux.fr\\\/site\\\/2021\\\/05\\\/22\\\/reprise-des-cours-karate-arnis-kali\\\/\"]}]},{\"@type\":\"ImageObject\",\"inLanguage\":\"fr-FR\",\"@id\":\"https:\\\/\\\/www.blagnacartsmartiaux.fr\\\/site\\\/2021\\\/05\\\/22\\\/reprise-des-cours-karate-arnis-kali\\\/#primaryimage\",\"url\":\"https:\\\/\\\/www.blagnacartsmartiaux.fr\\\/site\\\/wp-content\\\/uploads\\\/2021\\\/05\\\/188312692_10159611175702042_1526591539535886509_n.jpg\",\"contentUrl\":\"https:\\\/\\\/www.blagnacartsmartiaux.fr\\\/site\\\/wp-content\\\/uploads\\\/2021\\\/05\\\/188312692_10159611175702042_1526591539535886509_n.jpg\",\"width\":920,\"height\":632},{\"@type\":\"BreadcrumbList\",\"@id\":\"https:\\\/\\\/www.blagnacartsmartiaux.fr\\\/site\\\/2021\\\/05\\\/22\\\/reprise-des-cours-karate-arnis-kali\\\/#breadcrumb\",\"itemListElement\":[{\"@type\":\"ListItem\",\"position\":1,\"name\":\"Accueil\",\"item\":\"https:\\\/\\\/www.blagnacartsmartiaux.fr\\\/site\\\/\"},{\"@type\":\"ListItem\",\"position\":2,\"name\":\"Reprise des cours Karate \\\/Arnis Kali\"}]},{\"@type\":\"WebSite\",\"@id\":\"https:\\\/\\\/www.blagnacartsmartiaux.fr\\\/site\\\/#website\",\"url\":\"https:\\\/\\\/www.blagnacartsmartiaux.fr\\\/site\\\/\",\"name\":\"Blagnac Arts Martiaux\",\"description\":\"Le club de Judo, Karat\u00e9, Jujitsu, Arnis Kali et Self D\u00e9fense sur Blagnac\",\"publisher\":{\"@id\":\"https:\\\/\\\/www.blagnacartsmartiaux.fr\\\/site\\\/#organization\"},\"potentialAction\":[{\"@type\":\"SearchAction\",\"target\":{\"@type\":\"EntryPoint\",\"urlTemplate\":\"https:\\\/\\\/www.blagnacartsmartiaux.fr\\\/site\\\/?s={search_term_string}\"},\"query-input\":{\"@type\":\"PropertyValueSpecification\",\"valueRequired\":true,\"valueName\":\"search_term_string\"}}],\"inLanguage\":\"fr-FR\"},{\"@type\":\"Organization\",\"@id\":\"https:\\\/\\\/www.blagnacartsmartiaux.fr\\\/site\\\/#organization\",\"name\":\"Blagnac Arts Martiaux\",\"url\":\"https:\\\/\\\/www.blagnacartsmartiaux.fr\\\/site\\\/\",\"logo\":{\"@type\":\"ImageObject\",\"inLanguage\":\"fr-FR\",\"@id\":\"https:\\\/\\\/www.blagnacartsmartiaux.fr\\\/site\\\/#\\\/schema\\\/logo\\\/image\\\/\",\"url\":\"https:\\\/\\\/www.blagnacartsmartiaux.fr\\\/site\\\/wp-content\\\/uploads\\\/2020\\\/05\\\/cropped-bam-wide.png\",\"contentUrl\":\"https:\\\/\\\/www.blagnacartsmartiaux.fr\\\/site\\\/wp-content\\\/uploads\\\/2020\\\/05\\\/cropped-bam-wide.png\",\"width\":180,\"height\":60,\"caption\":\"Blagnac Arts Martiaux\"},\"image\":{\"@id\":\"https:\\\/\\\/www.blagnacartsmartiaux.fr\\\/site\\\/#\\\/schema\\\/logo\\\/image\\\/\"},\"sameAs\":[\"https:\\\/\\\/www.facebook.com\\\/BlagnacArtsMartiaux\",\"https:\\\/\\\/x.com\\\/BlagnacArtsM\"]},{\"@type\":\"Person\",\"@id\":\"https:\\\/\\\/www.blagnacartsmartiaux.fr\\\/site\\\/#\\\/schema\\\/person\\\/5e8c2efafaca349ed0a91288de4be82d\",\"name\":\"Lionel Froidure\",\"image\":{\"@type\":\"ImageObject\",\"inLanguage\":\"fr-FR\",\"@id\":\"https:\\\/\\\/secure.gravatar.com\\\/avatar\\\/6abc90d10c2ec0e58fbc1a422a1bb3658967059e3bb63471b3b5abb1f440e83c?s=96&d=mm&r=g\",\"url\":\"https:\\\/\\\/secure.gravatar.com\\\/avatar\\\/6abc90d10c2ec0e58fbc1a422a1bb3658967059e3bb63471b3b5abb1f440e83c?s=96&d=mm&r=g\",\"contentUrl\":\"https:\\\/\\\/secure.gravatar.com\\\/avatar\\\/6abc90d10c2ec0e58fbc1a422a1bb3658967059e3bb63471b3b5abb1f440e83c?s=96&d=mm&r=g\",\"caption\":\"Lionel Froidure\"},\"description\":\"CN 6\u00e8me Dan Karat\u00e9 Shotokan - CN 3\u00e8me degr\u00e9 Arnis Kali - Professeur dipl\u00f4m\u00e9 d\u2019\u00e9tat DEJEPS - Instructeur Arnis Kali 2\u00e8me niveau - D\u00e9couvre mon blog KARATE\",\"sameAs\":[\"https:\\\/\\\/www.lionelfroidure.com\",\"https:\\\/\\\/www.facebook.com\\\/lionelbudo\",\"https:\\\/\\\/instagram.com\\\/lionelfroidure\",\"https:\\\/\\\/x.com\\\/lionelfroidure\"],\"url\":\"https:\\\/\\\/www.blagnacartsmartiaux.fr\\\/site\\\/author\\\/lionel-froidure\\\/\"}]}<\/script>\n<!-- \/ Yoast SEO plugin. -->","yoast_head_json":{"title":"Reprise des cours Karate \/Arnis Kali - Blagnac Arts Martiaux","robots":{"index":"index","follow":"follow","max-snippet":"max-snippet:-1","max-image-preview":"max-image-preview:large","max-video-preview":"max-video-preview:-1"},"canonical":"https:\/\/www.blagnacartsmartiaux.fr\/site\/2021\/05\/22\/reprise-des-cours-karate-arnis-kali\/","og_locale":"fr_FR","og_type":"article","og_title":"Reprise des cours Karate \/Arnis Kali - Blagnac Arts Martiaux","og_description":"La continuit\u00e9 p\u00e9dagogique \u00e9tant assur\u00e9 en visio pour les enfants et en pr\u00e9sentiel le samedi matin + visio en semaine durant ces longs mois de confinement, a permis de garder le contact avec la pratique, le bien-\u00eatre et le lien social si cher au dojo et association. Suite aux annonces gouvernementales, j&rsquo;ai le plaisir de [&hellip;]","og_url":"https:\/\/www.blagnacartsmartiaux.fr\/site\/2021\/05\/22\/reprise-des-cours-karate-arnis-kali\/","og_site_name":"Blagnac Arts Martiaux","article_publisher":"https:\/\/www.facebook.com\/BlagnacArtsMartiaux","article_author":"https:\/\/www.facebook.com\/lionelbudo","article_published_time":"2021-05-22T16:24:23+00:00","article_modified_time":"2021-05-22T16:24:24+00:00","og_image":[{"width":920,"height":632,"url":"https:\/\/www.blagnacartsmartiaux.fr\/site\/wp-content\/uploads\/2021\/05\/188312692_10159611175702042_1526591539535886509_n.jpg","type":"image\/jpeg"}],"author":"Lionel Froidure","twitter_card":"summary_large_image","twitter_image":"https:\/\/www.blagnacartsmartiaux.fr\/site\/wp-content\/uploads\/2021\/05\/188312692_10159611175702042_1526591539535886509_n.jpg","twitter_creator":"@lionelfroidure","twitter_site":"@BlagnacArtsM","twitter_misc":{"\u00c9crit par":"Lionel Froidure","Dur\u00e9e de lecture estim\u00e9e":"1 minute"},"schema":{"@context":"https:\/\/schema.org","@graph":[{"@type":"Article","@id":"https:\/\/www.blagnacartsmartiaux.fr\/site\/2021\/05\/22\/reprise-des-cours-karate-arnis-kali\/#article","isPartOf":{"@id":"https:\/\/www.blagnacartsmartiaux.fr\/site\/2021\/05\/22\/reprise-des-cours-karate-arnis-kali\/"},"author":{"name":"Lionel Froidure","@id":"https:\/\/www.blagnacartsmartiaux.fr\/site\/#\/schema\/person\/5e8c2efafaca349ed0a91288de4be82d"},"headline":"Reprise des cours Karate \/Arnis Kali","datePublished":"2021-05-22T16:24:23+00:00","dateModified":"2021-05-22T16:24:24+00:00","mainEntityOfPage":{"@id":"https:\/\/www.blagnacartsmartiaux.fr\/site\/2021\/05\/22\/reprise-des-cours-karate-arnis-kali\/"},"wordCount":175,"publisher":{"@id":"https:\/\/www.blagnacartsmartiaux.fr\/site\/#organization"},"image":{"@id":"https:\/\/www.blagnacartsmartiaux.fr\/site\/2021\/05\/22\/reprise-des-cours-karate-arnis-kali\/#primaryimage"},"thumbnailUrl":"https:\/\/www.blagnacartsmartiaux.fr\/site\/wp-content\/uploads\/2021\/05\/188312692_10159611175702042_1526591539535886509_n.jpg","keywords":["arnis kali","karate"],"articleSection":["Arnis Kali","Karate"],"inLanguage":"fr-FR"},{"@type":"WebPage","@id":"https:\/\/www.blagnacartsmartiaux.fr\/site\/2021\/05\/22\/reprise-des-cours-karate-arnis-kali\/","url":"https:\/\/www.blagnacartsmartiaux.fr\/site\/2021\/05\/22\/reprise-des-cours-karate-arnis-kali\/","name":"Reprise des cours Karate \/Arnis Kali - Blagnac Arts Martiaux","isPartOf":{"@id":"https:\/\/www.blagnacartsmartiaux.fr\/site\/#website"},"primaryImageOfPage":{"@id":"https:\/\/www.blagnacartsmartiaux.fr\/site\/2021\/05\/22\/reprise-des-cours-karate-arnis-kali\/#primaryimage"},"image":{"@id":"https:\/\/www.blagnacartsmartiaux.fr\/site\/2021\/05\/22\/reprise-des-cours-karate-arnis-kali\/#primaryimage"},"thumbnailUrl":"https:\/\/www.blagnacartsmartiaux.fr\/site\/wp-content\/uploads\/2021\/05\/188312692_10159611175702042_1526591539535886509_n.jpg","datePublished":"2021-05-22T16:24:23+00:00","dateModified":"2021-05-22T16:24:24+00:00","breadcrumb":{"@id":"https:\/\/www.blagnacartsmartiaux.fr\/site\/2021\/05\/22\/reprise-des-cours-karate-arnis-kali\/#breadcrumb"},"inLanguage":"fr-FR","potentialAction":[{"@type":"ReadAction","target":["https:\/\/www.blagnacartsmartiaux.fr\/site\/2021\/05\/22\/reprise-des-cours-karate-arnis-kali\/"]}]},{"@type":"ImageObject","inLanguage":"fr-FR","@id":"https:\/\/www.blagnacartsmartiaux.fr\/site\/2021\/05\/22\/reprise-des-cours-karate-arnis-kali\/#primaryimage","url":"https:\/\/www.blagnacartsmartiaux.fr\/site\/wp-content\/uploads\/2021\/05\/188312692_10159611175702042_1526591539535886509_n.jpg","contentUrl":"https:\/\/www.blagnacartsmartiaux.fr\/site\/wp-content\/uploads\/2021\/05\/188312692_10159611175702042_1526591539535886509_n.jpg","width":920,"height":632},{"@type":"BreadcrumbList","@id":"https:\/\/www.blagnacartsmartiaux.fr\/site\/2021\/05\/22\/reprise-des-cours-karate-arnis-kali\/#breadcrumb","itemListElement":[{"@type":"ListItem","position":1,"name":"Accueil","item":"https:\/\/www.blagnacartsmartiaux.fr\/site\/"},{"@type":"ListItem","position":2,"name":"Reprise des cours Karate \/Arnis Kali"}]},{"@type":"WebSite","@id":"https:\/\/www.blagnacartsmartiaux.fr\/site\/#website","url":"https:\/\/www.blagnacartsmartiaux.fr\/site\/","name":"Blagnac Arts Martiaux","description":"Le club de Judo, Karat\u00e9, Jujitsu, Arnis Kali et Self D\u00e9fense sur Blagnac","publisher":{"@id":"https:\/\/www.blagnacartsmartiaux.fr\/site\/#organization"},"potentialAction":[{"@type":"SearchAction","target":{"@type":"EntryPoint","urlTemplate":"https:\/\/www.blagnacartsmartiaux.fr\/site\/?s={search_term_string}"},"query-input":{"@type":"PropertyValueSpecification","valueRequired":true,"valueName":"search_term_string"}}],"inLanguage":"fr-FR"},{"@type":"Organization","@id":"https:\/\/www.blagnacartsmartiaux.fr\/site\/#organization","name":"Blagnac Arts Martiaux","url":"https:\/\/www.blagnacartsmartiaux.fr\/site\/","logo":{"@type":"ImageObject","inLanguage":"fr-FR","@id":"https:\/\/www.blagnacartsmartiaux.fr\/site\/#\/schema\/logo\/image\/","url":"https:\/\/www.blagnacartsmartiaux.fr\/site\/wp-content\/uploads\/2020\/05\/cropped-bam-wide.png","contentUrl":"https:\/\/www.blagnacartsmartiaux.fr\/site\/wp-content\/uploads\/2020\/05\/cropped-bam-wide.png","width":180,"height":60,"caption":"Blagnac Arts Martiaux"},"image":{"@id":"https:\/\/www.blagnacartsmartiaux.fr\/site\/#\/schema\/logo\/image\/"},"sameAs":["https:\/\/www.facebook.com\/BlagnacArtsMartiaux","https:\/\/x.com\/BlagnacArtsM"]},{"@type":"Person","@id":"https:\/\/www.blagnacartsmartiaux.fr\/site\/#\/schema\/person\/5e8c2efafaca349ed0a91288de4be82d","name":"Lionel Froidure","image":{"@type":"ImageObject","inLanguage":"fr-FR","@id":"https:\/\/secure.gravatar.com\/avatar\/6abc90d10c2ec0e58fbc1a422a1bb3658967059e3bb63471b3b5abb1f440e83c?s=96&d=mm&r=g","url":"https:\/\/secure.gravatar.com\/avatar\/6abc90d10c2ec0e58fbc1a422a1bb3658967059e3bb63471b3b5abb1f440e83c?s=96&d=mm&r=g","contentUrl":"https:\/\/secure.gravatar.com\/avatar\/6abc90d10c2ec0e58fbc1a422a1bb3658967059e3bb63471b3b5abb1f440e83c?s=96&d=mm&r=g","caption":"Lionel Froidure"},"description":"CN 6\u00e8me Dan Karat\u00e9 Shotokan - CN 3\u00e8me degr\u00e9 Arnis Kali - Professeur dipl\u00f4m\u00e9 d\u2019\u00e9tat DEJEPS - Instructeur Arnis Kali 2\u00e8me niveau - D\u00e9couvre mon blog KARATE","sameAs":["https:\/\/www.lionelfroidure.com","https:\/\/www.facebook.com\/lionelbudo","https:\/\/instagram.com\/lionelfroidure","https:\/\/x.com\/lionelfroidure"],"url":"https:\/\/www.blagnacartsmartiaux.fr\/site\/author\/lionel-froidure\/"}]}},"_links":{"self":[{"href":"https:\/\/www.blagnacartsmartiaux.fr\/site\/wp-json\/wp\/v2\/posts\/3654","targetHints":{"allow":["GET"]}}],"collection":[{"href":"https:\/\/www.blagnacartsmartiaux.fr\/site\/wp-json\/wp\/v2\/posts"}],"about":[{"href":"https:\/\/www.blagnacartsmartiaux.fr\/site\/wp-json\/wp\/v2\/types\/post"}],"author":[{"embeddable":true,"href":"https:\/\/www.blagnacartsmartiaux.fr\/site\/wp-json\/wp\/v2\/users\/2"}],"replies":[{"embeddable":true,"href":"https:\/\/www.blagnacartsmartiaux.fr\/site\/wp-json\/wp\/v2\/comments?post=3654"}],"version-history":[{"count":3,"href":"https:\/\/www.blagnacartsmartiaux.fr\/site\/wp-json\/wp\/v2\/posts\/3654\/revisions"}],"predecessor-version":[{"id":3659,"href":"https:\/\/www.blagnacartsmartiaux.fr\/site\/wp-json\/wp\/v2\/posts\/3654\/revisions\/3659"}],"wp:featuredmedia":[{"embeddable":true,"href":"https:\/\/www.blagnacartsmartiaux.fr\/site\/wp-json\/wp\/v2\/media\/3655"}],"wp:attachment":[{"href":"https:\/\/www.blagnacartsmartiaux.fr\/site\/wp-json\/wp\/v2\/media?parent=3654"}],"wp:term":[{"taxonomy":"category","embeddable":true,"href":"https:\/\/www.blagnacartsmartiaux.fr\/site\/wp-json\/wp\/v2\/categories?post=3654"},{"taxonomy":"post_tag","embeddable":true,"href":"https:\/\/www.blagnacartsmartiaux.fr\/site\/wp-json\/wp\/v2\/tags?post=3654"}],"curies":[{"name":"wp","href":"https:\/\/api.w.org\/{rel}","templated":true}]}}