{"id":4003,"date":"2022-02-06T18:09:42","date_gmt":"2022-02-06T16:09:42","guid":{"rendered":"http:\/\/www.blagnacartsmartiaux.fr\/site\/?p=4003"},"modified":"2022-02-06T18:09:44","modified_gmt":"2022-02-06T16:09:44","slug":"joao-laranjo-arbitre-regional-arnis-kali","status":"publish","type":"post","link":"https:\/\/www.blagnacartsmartiaux.fr\/site\/2022\/02\/06\/joao-laranjo-arbitre-regional-arnis-kali\/","title":{"rendered":"Joao Laranjo : arbitre r\u00e9gional Arnis Kali"},"content":{"rendered":"\n<div class=\"wp-block-image is-style-default\"><figure class=\"aligncenter size-large is-resized\"><img fetchpriority=\"high\" decoding=\"async\" src=\"https:\/\/www.blagnacartsmartiaux.fr\/site\/wp-content\/uploads\/2022\/02\/joao-laranjo-arnis-kali.jpg\" alt=\"\" class=\"wp-image-4004\" width=\"429\" height=\"429\" srcset=\"https:\/\/www.blagnacartsmartiaux.fr\/site\/wp-content\/uploads\/2022\/02\/joao-laranjo-arnis-kali.jpg 857w, https:\/\/www.blagnacartsmartiaux.fr\/site\/wp-content\/uploads\/2022\/02\/joao-laranjo-arnis-kali-300x300.jpg 300w, https:\/\/www.blagnacartsmartiaux.fr\/site\/wp-content\/uploads\/2022\/02\/joao-laranjo-arnis-kali-150x150.jpg 150w, https:\/\/www.blagnacartsmartiaux.fr\/site\/wp-content\/uploads\/2022\/02\/joao-laranjo-arnis-kali-768x768.jpg 768w\" sizes=\"(max-width: 429px) 100vw, 429px\" \/><\/figure><\/div>\n\n\n\n<p>Notre enseignant d&rsquo;Arnis Kali Eskrima, arts martiaux philippins, vient d&rsquo;\u00eatre re\u00e7u <strong>Arbitre R\u00e9gional<\/strong> lors de son examen \u00e0 Nice lors durant le tournoi international.  Nous sommes fiers du parcours de <strong>JOAO LARANJO<\/strong> qui par son d\u00e9vouement met en avant la discipline, notre club et la ville de Blagnac. Son prochain objectif : devenir arbitre national FFK AMSEA.  <\/p>\n\n\n\n<p>Envie de t&rsquo;entra\u00eener que se soit pour le plaisir ou la comp\u00e9tition, l&rsquo;\u00e9quipe Arnis Kali de Blagnac sera heureuse de te recevoir. <\/p>\n\n\n\n<p><a href=\"https:\/\/www.blagnacartsmartiaux.fr\/site\/arnis-kali-eskrima\/\"><strong><span style=\"text-decoration: underline;\">Toutes les informations<\/span><\/strong><\/a><\/p>\n","protected":false},"excerpt":{"rendered":"<p>Notre enseignant d&rsquo;Arnis Kali Eskrima, arts martiaux philippins, vient d&rsquo;\u00eatre re\u00e7u Arbitre R\u00e9gional lors de son examen \u00e0 Nice lors durant le tournoi international. Nous sommes fiers du parcours de JOAO LARANJO qui par son d\u00e9vouement met en avant la discipline, notre club et la ville de Blagnac. Son prochain objectif : devenir arbitre national [&hellip;]<\/p>\n","protected":false},"author":2,"featured_media":4004,"comment_status":"closed","ping_status":"closed","sticky":false,"template":"","format":"standard","meta":{"site-sidebar-layout":"default","site-content-layout":"default","ast-site-content-layout":"default","site-content-style":"default","site-sidebar-style":"default","ast-global-header-display":"","ast-banner-title-visibility":"","ast-main-header-display":"","ast-hfb-above-header-display":"","ast-hfb-below-header-display":"","ast-hfb-mobile-header-display":"","site-post-title":"","ast-breadcrumbs-content":"","ast-featured-img":"","footer-sml-layout":"","ast-disable-related-posts":"","theme-transparent-header-meta":"default","adv-header-id-meta":"","stick-header-meta":"","header-above-stick-meta":"","header-main-stick-meta":"","header-below-stick-meta":"","astra-migrate-meta-layouts":"default","ast-page-background-enabled":"default","ast-page-background-meta":{"desktop":{"background-color":"","background-image":"","background-repeat":"repeat","background-position":"center center","background-size":"auto","background-attachment":"scroll","background-type":"","background-media":"","overlay-type":"","overlay-color":"","overlay-opacity":"","overlay-gradient":""},"tablet":{"background-color":"","background-image":"","background-repeat":"repeat","background-position":"center center","background-size":"auto","background-attachment":"scroll","background-type":"","background-media":"","overlay-type":"","overlay-color":"","overlay-opacity":"","overlay-gradient":""},"mobile":{"background-color":"","background-image":"","background-repeat":"repeat","background-position":"center center","background-size":"auto","background-attachment":"scroll","background-type":"","background-media":"","overlay-type":"","overlay-color":"","overlay-opacity":"","overlay-gradient":""}},"ast-content-background-meta":{"desktop":{"background-color":"var(--ast-global-color-5)","background-image":"","background-repeat":"repeat","background-position":"center center","background-size":"auto","background-attachment":"scroll","background-type":"","background-media":"","overlay-type":"","overlay-color":"","overlay-opacity":"","overlay-gradient":""},"tablet":{"background-color":"var(--ast-global-color-5)","background-image":"","background-repeat":"repeat","background-position":"center center","background-size":"auto","background-attachment":"scroll","background-type":"","background-media":"","overlay-type":"","overlay-color":"","overlay-opacity":"","overlay-gradient":""},"mobile":{"background-color":"var(--ast-global-color-5)","background-image":"","background-repeat":"repeat","background-position":"center center","background-size":"auto","background-attachment":"scroll","background-type":"","background-media":"","overlay-type":"","overlay-color":"","overlay-opacity":"","overlay-gradient":""}},"footnotes":""},"categories":[16],"tags":[],"class_list":["post-4003","post","type-post","status-publish","format-standard","has-post-thumbnail","hentry","category-arnis-kali"],"yoast_head":"<!-- This site is optimized with the Yoast SEO plugin v27.4 - https:\/\/yoast.com\/product\/yoast-seo-wordpress\/ -->\n<title>Joao Laranjo : arbitre r\u00e9gional Arnis Kali - Blagnac Arts Martiaux<\/title>\n<meta name=\"robots\" content=\"index, follow, max-snippet:-1, max-image-preview:large, max-video-preview:-1\" \/>\n<link rel=\"canonical\" href=\"https:\/\/www.blagnacartsmartiaux.fr\/site\/2022\/02\/06\/joao-laranjo-arbitre-regional-arnis-kali\/\" \/>\n<meta property=\"og:locale\" content=\"fr_FR\" \/>\n<meta property=\"og:type\" content=\"article\" \/>\n<meta property=\"og:title\" content=\"Joao Laranjo : arbitre r\u00e9gional Arnis Kali - Blagnac Arts Martiaux\" \/>\n<meta property=\"og:description\" content=\"Notre enseignant d&rsquo;Arnis Kali Eskrima, arts martiaux philippins, vient d&rsquo;\u00eatre re\u00e7u Arbitre R\u00e9gional lors de son examen \u00e0 Nice lors durant le tournoi international. Nous sommes fiers du parcours de JOAO LARANJO qui par son d\u00e9vouement met en avant la discipline, notre club et la ville de Blagnac. Son prochain objectif : devenir arbitre national [&hellip;]\" \/>\n<meta property=\"og:url\" content=\"https:\/\/www.blagnacartsmartiaux.fr\/site\/2022\/02\/06\/joao-laranjo-arbitre-regional-arnis-kali\/\" \/>\n<meta property=\"og:site_name\" content=\"Blagnac Arts Martiaux\" \/>\n<meta property=\"article:publisher\" content=\"https:\/\/www.facebook.com\/BlagnacArtsMartiaux\" \/>\n<meta property=\"article:author\" content=\"https:\/\/www.facebook.com\/lionelbudo\" \/>\n<meta property=\"article:published_time\" content=\"2022-02-06T16:09:42+00:00\" \/>\n<meta property=\"article:modified_time\" content=\"2022-02-06T16:09:44+00:00\" \/>\n<meta property=\"og:image\" content=\"https:\/\/www.blagnacartsmartiaux.fr\/site\/wp-content\/uploads\/2022\/02\/joao-laranjo-arnis-kali.jpg\" \/>\n\t<meta property=\"og:image:width\" content=\"857\" \/>\n\t<meta property=\"og:image:height\" content=\"857\" \/>\n\t<meta property=\"og:image:type\" content=\"image\/jpeg\" \/>\n<meta name=\"author\" content=\"Lionel Froidure\" \/>\n<meta name=\"twitter:card\" content=\"summary_large_image\" \/>\n<meta name=\"twitter:creator\" content=\"@lionelfroidure\" \/>\n<meta name=\"twitter:site\" content=\"@BlagnacArtsM\" \/>\n<meta name=\"twitter:label1\" content=\"\u00c9crit par\" \/>\n\t<meta name=\"twitter:data1\" content=\"Lionel Froidure\" \/>\n\t<meta name=\"twitter:label2\" content=\"Dur\u00e9e de lecture estim\u00e9e\" \/>\n\t<meta name=\"twitter:data2\" content=\"1 minute\" \/>\n<script type=\"application\/ld+json\" class=\"yoast-schema-graph\">{\"@context\":\"https:\\\/\\\/schema.org\",\"@graph\":[{\"@type\":\"Article\",\"@id\":\"https:\\\/\\\/www.blagnacartsmartiaux.fr\\\/site\\\/2022\\\/02\\\/06\\\/joao-laranjo-arbitre-regional-arnis-kali\\\/#article\",\"isPartOf\":{\"@id\":\"https:\\\/\\\/www.blagnacartsmartiaux.fr\\\/site\\\/2022\\\/02\\\/06\\\/joao-laranjo-arbitre-regional-arnis-kali\\\/\"},\"author\":{\"name\":\"Lionel Froidure\",\"@id\":\"https:\\\/\\\/www.blagnacartsmartiaux.fr\\\/site\\\/#\\\/schema\\\/person\\\/5e8c2efafaca349ed0a91288de4be82d\"},\"headline\":\"Joao Laranjo : arbitre r\u00e9gional Arnis Kali\",\"datePublished\":\"2022-02-06T16:09:42+00:00\",\"dateModified\":\"2022-02-06T16:09:44+00:00\",\"mainEntityOfPage\":{\"@id\":\"https:\\\/\\\/www.blagnacartsmartiaux.fr\\\/site\\\/2022\\\/02\\\/06\\\/joao-laranjo-arbitre-regional-arnis-kali\\\/\"},\"wordCount\":96,\"publisher\":{\"@id\":\"https:\\\/\\\/www.blagnacartsmartiaux.fr\\\/site\\\/#organization\"},\"image\":{\"@id\":\"https:\\\/\\\/www.blagnacartsmartiaux.fr\\\/site\\\/2022\\\/02\\\/06\\\/joao-laranjo-arbitre-regional-arnis-kali\\\/#primaryimage\"},\"thumbnailUrl\":\"https:\\\/\\\/www.blagnacartsmartiaux.fr\\\/site\\\/wp-content\\\/uploads\\\/2022\\\/02\\\/joao-laranjo-arnis-kali.jpg\",\"articleSection\":[\"Arnis Kali\"],\"inLanguage\":\"fr-FR\"},{\"@type\":\"WebPage\",\"@id\":\"https:\\\/\\\/www.blagnacartsmartiaux.fr\\\/site\\\/2022\\\/02\\\/06\\\/joao-laranjo-arbitre-regional-arnis-kali\\\/\",\"url\":\"https:\\\/\\\/www.blagnacartsmartiaux.fr\\\/site\\\/2022\\\/02\\\/06\\\/joao-laranjo-arbitre-regional-arnis-kali\\\/\",\"name\":\"Joao Laranjo : arbitre r\u00e9gional Arnis Kali - Blagnac Arts Martiaux\",\"isPartOf\":{\"@id\":\"https:\\\/\\\/www.blagnacartsmartiaux.fr\\\/site\\\/#website\"},\"primaryImageOfPage\":{\"@id\":\"https:\\\/\\\/www.blagnacartsmartiaux.fr\\\/site\\\/2022\\\/02\\\/06\\\/joao-laranjo-arbitre-regional-arnis-kali\\\/#primaryimage\"},\"image\":{\"@id\":\"https:\\\/\\\/www.blagnacartsmartiaux.fr\\\/site\\\/2022\\\/02\\\/06\\\/joao-laranjo-arbitre-regional-arnis-kali\\\/#primaryimage\"},\"thumbnailUrl\":\"https:\\\/\\\/www.blagnacartsmartiaux.fr\\\/site\\\/wp-content\\\/uploads\\\/2022\\\/02\\\/joao-laranjo-arnis-kali.jpg\",\"datePublished\":\"2022-02-06T16:09:42+00:00\",\"dateModified\":\"2022-02-06T16:09:44+00:00\",\"breadcrumb\":{\"@id\":\"https:\\\/\\\/www.blagnacartsmartiaux.fr\\\/site\\\/2022\\\/02\\\/06\\\/joao-laranjo-arbitre-regional-arnis-kali\\\/#breadcrumb\"},\"inLanguage\":\"fr-FR\",\"potentialAction\":[{\"@type\":\"ReadAction\",\"target\":[\"https:\\\/\\\/www.blagnacartsmartiaux.fr\\\/site\\\/2022\\\/02\\\/06\\\/joao-laranjo-arbitre-regional-arnis-kali\\\/\"]}]},{\"@type\":\"ImageObject\",\"inLanguage\":\"fr-FR\",\"@id\":\"https:\\\/\\\/www.blagnacartsmartiaux.fr\\\/site\\\/2022\\\/02\\\/06\\\/joao-laranjo-arbitre-regional-arnis-kali\\\/#primaryimage\",\"url\":\"https:\\\/\\\/www.blagnacartsmartiaux.fr\\\/site\\\/wp-content\\\/uploads\\\/2022\\\/02\\\/joao-laranjo-arnis-kali.jpg\",\"contentUrl\":\"https:\\\/\\\/www.blagnacartsmartiaux.fr\\\/site\\\/wp-content\\\/uploads\\\/2022\\\/02\\\/joao-laranjo-arnis-kali.jpg\",\"width\":857,\"height\":857},{\"@type\":\"BreadcrumbList\",\"@id\":\"https:\\\/\\\/www.blagnacartsmartiaux.fr\\\/site\\\/2022\\\/02\\\/06\\\/joao-laranjo-arbitre-regional-arnis-kali\\\/#breadcrumb\",\"itemListElement\":[{\"@type\":\"ListItem\",\"position\":1,\"name\":\"Accueil\",\"item\":\"https:\\\/\\\/www.blagnacartsmartiaux.fr\\\/site\\\/\"},{\"@type\":\"ListItem\",\"position\":2,\"name\":\"Joao Laranjo : arbitre r\u00e9gional Arnis Kali\"}]},{\"@type\":\"WebSite\",\"@id\":\"https:\\\/\\\/www.blagnacartsmartiaux.fr\\\/site\\\/#website\",\"url\":\"https:\\\/\\\/www.blagnacartsmartiaux.fr\\\/site\\\/\",\"name\":\"Blagnac Arts Martiaux\",\"description\":\"Le club de Judo, Karat\u00e9, Jujitsu, Arnis Kali et Self D\u00e9fense sur Blagnac\",\"publisher\":{\"@id\":\"https:\\\/\\\/www.blagnacartsmartiaux.fr\\\/site\\\/#organization\"},\"potentialAction\":[{\"@type\":\"SearchAction\",\"target\":{\"@type\":\"EntryPoint\",\"urlTemplate\":\"https:\\\/\\\/www.blagnacartsmartiaux.fr\\\/site\\\/?s={search_term_string}\"},\"query-input\":{\"@type\":\"PropertyValueSpecification\",\"valueRequired\":true,\"valueName\":\"search_term_string\"}}],\"inLanguage\":\"fr-FR\"},{\"@type\":\"Organization\",\"@id\":\"https:\\\/\\\/www.blagnacartsmartiaux.fr\\\/site\\\/#organization\",\"name\":\"Blagnac Arts Martiaux\",\"url\":\"https:\\\/\\\/www.blagnacartsmartiaux.fr\\\/site\\\/\",\"logo\":{\"@type\":\"ImageObject\",\"inLanguage\":\"fr-FR\",\"@id\":\"https:\\\/\\\/www.blagnacartsmartiaux.fr\\\/site\\\/#\\\/schema\\\/logo\\\/image\\\/\",\"url\":\"https:\\\/\\\/www.blagnacartsmartiaux.fr\\\/site\\\/wp-content\\\/uploads\\\/2020\\\/05\\\/cropped-bam-wide.png\",\"contentUrl\":\"https:\\\/\\\/www.blagnacartsmartiaux.fr\\\/site\\\/wp-content\\\/uploads\\\/2020\\\/05\\\/cropped-bam-wide.png\",\"width\":180,\"height\":60,\"caption\":\"Blagnac Arts Martiaux\"},\"image\":{\"@id\":\"https:\\\/\\\/www.blagnacartsmartiaux.fr\\\/site\\\/#\\\/schema\\\/logo\\\/image\\\/\"},\"sameAs\":[\"https:\\\/\\\/www.facebook.com\\\/BlagnacArtsMartiaux\",\"https:\\\/\\\/x.com\\\/BlagnacArtsM\"]},{\"@type\":\"Person\",\"@id\":\"https:\\\/\\\/www.blagnacartsmartiaux.fr\\\/site\\\/#\\\/schema\\\/person\\\/5e8c2efafaca349ed0a91288de4be82d\",\"name\":\"Lionel Froidure\",\"image\":{\"@type\":\"ImageObject\",\"inLanguage\":\"fr-FR\",\"@id\":\"https:\\\/\\\/secure.gravatar.com\\\/avatar\\\/6abc90d10c2ec0e58fbc1a422a1bb3658967059e3bb63471b3b5abb1f440e83c?s=96&d=mm&r=g\",\"url\":\"https:\\\/\\\/secure.gravatar.com\\\/avatar\\\/6abc90d10c2ec0e58fbc1a422a1bb3658967059e3bb63471b3b5abb1f440e83c?s=96&d=mm&r=g\",\"contentUrl\":\"https:\\\/\\\/secure.gravatar.com\\\/avatar\\\/6abc90d10c2ec0e58fbc1a422a1bb3658967059e3bb63471b3b5abb1f440e83c?s=96&d=mm&r=g\",\"caption\":\"Lionel Froidure\"},\"description\":\"CN 6\u00e8me Dan Karat\u00e9 Shotokan - CN 3\u00e8me degr\u00e9 Arnis Kali - Professeur dipl\u00f4m\u00e9 d\u2019\u00e9tat DEJEPS - Instructeur Arnis Kali 2\u00e8me niveau - D\u00e9couvre mon blog KARATE\",\"sameAs\":[\"https:\\\/\\\/www.lionelfroidure.com\",\"https:\\\/\\\/www.facebook.com\\\/lionelbudo\",\"https:\\\/\\\/instagram.com\\\/lionelfroidure\",\"https:\\\/\\\/x.com\\\/lionelfroidure\"],\"url\":\"https:\\\/\\\/www.blagnacartsmartiaux.fr\\\/site\\\/author\\\/lionel-froidure\\\/\"}]}<\/script>\n<!-- \/ Yoast SEO plugin. -->","yoast_head_json":{"title":"Joao Laranjo : arbitre r\u00e9gional Arnis Kali - Blagnac Arts Martiaux","robots":{"index":"index","follow":"follow","max-snippet":"max-snippet:-1","max-image-preview":"max-image-preview:large","max-video-preview":"max-video-preview:-1"},"canonical":"https:\/\/www.blagnacartsmartiaux.fr\/site\/2022\/02\/06\/joao-laranjo-arbitre-regional-arnis-kali\/","og_locale":"fr_FR","og_type":"article","og_title":"Joao Laranjo : arbitre r\u00e9gional Arnis Kali - Blagnac Arts Martiaux","og_description":"Notre enseignant d&rsquo;Arnis Kali Eskrima, arts martiaux philippins, vient d&rsquo;\u00eatre re\u00e7u Arbitre R\u00e9gional lors de son examen \u00e0 Nice lors durant le tournoi international. Nous sommes fiers du parcours de JOAO LARANJO qui par son d\u00e9vouement met en avant la discipline, notre club et la ville de Blagnac. Son prochain objectif : devenir arbitre national [&hellip;]","og_url":"https:\/\/www.blagnacartsmartiaux.fr\/site\/2022\/02\/06\/joao-laranjo-arbitre-regional-arnis-kali\/","og_site_name":"Blagnac Arts Martiaux","article_publisher":"https:\/\/www.facebook.com\/BlagnacArtsMartiaux","article_author":"https:\/\/www.facebook.com\/lionelbudo","article_published_time":"2022-02-06T16:09:42+00:00","article_modified_time":"2022-02-06T16:09:44+00:00","og_image":[{"width":857,"height":857,"url":"https:\/\/www.blagnacartsmartiaux.fr\/site\/wp-content\/uploads\/2022\/02\/joao-laranjo-arnis-kali.jpg","type":"image\/jpeg"}],"author":"Lionel Froidure","twitter_card":"summary_large_image","twitter_creator":"@lionelfroidure","twitter_site":"@BlagnacArtsM","twitter_misc":{"\u00c9crit par":"Lionel Froidure","Dur\u00e9e de lecture estim\u00e9e":"1 minute"},"schema":{"@context":"https:\/\/schema.org","@graph":[{"@type":"Article","@id":"https:\/\/www.blagnacartsmartiaux.fr\/site\/2022\/02\/06\/joao-laranjo-arbitre-regional-arnis-kali\/#article","isPartOf":{"@id":"https:\/\/www.blagnacartsmartiaux.fr\/site\/2022\/02\/06\/joao-laranjo-arbitre-regional-arnis-kali\/"},"author":{"name":"Lionel Froidure","@id":"https:\/\/www.blagnacartsmartiaux.fr\/site\/#\/schema\/person\/5e8c2efafaca349ed0a91288de4be82d"},"headline":"Joao Laranjo : arbitre r\u00e9gional Arnis Kali","datePublished":"2022-02-06T16:09:42+00:00","dateModified":"2022-02-06T16:09:44+00:00","mainEntityOfPage":{"@id":"https:\/\/www.blagnacartsmartiaux.fr\/site\/2022\/02\/06\/joao-laranjo-arbitre-regional-arnis-kali\/"},"wordCount":96,"publisher":{"@id":"https:\/\/www.blagnacartsmartiaux.fr\/site\/#organization"},"image":{"@id":"https:\/\/www.blagnacartsmartiaux.fr\/site\/2022\/02\/06\/joao-laranjo-arbitre-regional-arnis-kali\/#primaryimage"},"thumbnailUrl":"https:\/\/www.blagnacartsmartiaux.fr\/site\/wp-content\/uploads\/2022\/02\/joao-laranjo-arnis-kali.jpg","articleSection":["Arnis Kali"],"inLanguage":"fr-FR"},{"@type":"WebPage","@id":"https:\/\/www.blagnacartsmartiaux.fr\/site\/2022\/02\/06\/joao-laranjo-arbitre-regional-arnis-kali\/","url":"https:\/\/www.blagnacartsmartiaux.fr\/site\/2022\/02\/06\/joao-laranjo-arbitre-regional-arnis-kali\/","name":"Joao Laranjo : arbitre r\u00e9gional Arnis Kali - Blagnac Arts Martiaux","isPartOf":{"@id":"https:\/\/www.blagnacartsmartiaux.fr\/site\/#website"},"primaryImageOfPage":{"@id":"https:\/\/www.blagnacartsmartiaux.fr\/site\/2022\/02\/06\/joao-laranjo-arbitre-regional-arnis-kali\/#primaryimage"},"image":{"@id":"https:\/\/www.blagnacartsmartiaux.fr\/site\/2022\/02\/06\/joao-laranjo-arbitre-regional-arnis-kali\/#primaryimage"},"thumbnailUrl":"https:\/\/www.blagnacartsmartiaux.fr\/site\/wp-content\/uploads\/2022\/02\/joao-laranjo-arnis-kali.jpg","datePublished":"2022-02-06T16:09:42+00:00","dateModified":"2022-02-06T16:09:44+00:00","breadcrumb":{"@id":"https:\/\/www.blagnacartsmartiaux.fr\/site\/2022\/02\/06\/joao-laranjo-arbitre-regional-arnis-kali\/#breadcrumb"},"inLanguage":"fr-FR","potentialAction":[{"@type":"ReadAction","target":["https:\/\/www.blagnacartsmartiaux.fr\/site\/2022\/02\/06\/joao-laranjo-arbitre-regional-arnis-kali\/"]}]},{"@type":"ImageObject","inLanguage":"fr-FR","@id":"https:\/\/www.blagnacartsmartiaux.fr\/site\/2022\/02\/06\/joao-laranjo-arbitre-regional-arnis-kali\/#primaryimage","url":"https:\/\/www.blagnacartsmartiaux.fr\/site\/wp-content\/uploads\/2022\/02\/joao-laranjo-arnis-kali.jpg","contentUrl":"https:\/\/www.blagnacartsmartiaux.fr\/site\/wp-content\/uploads\/2022\/02\/joao-laranjo-arnis-kali.jpg","width":857,"height":857},{"@type":"BreadcrumbList","@id":"https:\/\/www.blagnacartsmartiaux.fr\/site\/2022\/02\/06\/joao-laranjo-arbitre-regional-arnis-kali\/#breadcrumb","itemListElement":[{"@type":"ListItem","position":1,"name":"Accueil","item":"https:\/\/www.blagnacartsmartiaux.fr\/site\/"},{"@type":"ListItem","position":2,"name":"Joao Laranjo : arbitre r\u00e9gional Arnis Kali"}]},{"@type":"WebSite","@id":"https:\/\/www.blagnacartsmartiaux.fr\/site\/#website","url":"https:\/\/www.blagnacartsmartiaux.fr\/site\/","name":"Blagnac Arts Martiaux","description":"Le club de Judo, Karat\u00e9, Jujitsu, Arnis Kali et Self D\u00e9fense sur Blagnac","publisher":{"@id":"https:\/\/www.blagnacartsmartiaux.fr\/site\/#organization"},"potentialAction":[{"@type":"SearchAction","target":{"@type":"EntryPoint","urlTemplate":"https:\/\/www.blagnacartsmartiaux.fr\/site\/?s={search_term_string}"},"query-input":{"@type":"PropertyValueSpecification","valueRequired":true,"valueName":"search_term_string"}}],"inLanguage":"fr-FR"},{"@type":"Organization","@id":"https:\/\/www.blagnacartsmartiaux.fr\/site\/#organization","name":"Blagnac Arts Martiaux","url":"https:\/\/www.blagnacartsmartiaux.fr\/site\/","logo":{"@type":"ImageObject","inLanguage":"fr-FR","@id":"https:\/\/www.blagnacartsmartiaux.fr\/site\/#\/schema\/logo\/image\/","url":"https:\/\/www.blagnacartsmartiaux.fr\/site\/wp-content\/uploads\/2020\/05\/cropped-bam-wide.png","contentUrl":"https:\/\/www.blagnacartsmartiaux.fr\/site\/wp-content\/uploads\/2020\/05\/cropped-bam-wide.png","width":180,"height":60,"caption":"Blagnac Arts Martiaux"},"image":{"@id":"https:\/\/www.blagnacartsmartiaux.fr\/site\/#\/schema\/logo\/image\/"},"sameAs":["https:\/\/www.facebook.com\/BlagnacArtsMartiaux","https:\/\/x.com\/BlagnacArtsM"]},{"@type":"Person","@id":"https:\/\/www.blagnacartsmartiaux.fr\/site\/#\/schema\/person\/5e8c2efafaca349ed0a91288de4be82d","name":"Lionel Froidure","image":{"@type":"ImageObject","inLanguage":"fr-FR","@id":"https:\/\/secure.gravatar.com\/avatar\/6abc90d10c2ec0e58fbc1a422a1bb3658967059e3bb63471b3b5abb1f440e83c?s=96&d=mm&r=g","url":"https:\/\/secure.gravatar.com\/avatar\/6abc90d10c2ec0e58fbc1a422a1bb3658967059e3bb63471b3b5abb1f440e83c?s=96&d=mm&r=g","contentUrl":"https:\/\/secure.gravatar.com\/avatar\/6abc90d10c2ec0e58fbc1a422a1bb3658967059e3bb63471b3b5abb1f440e83c?s=96&d=mm&r=g","caption":"Lionel Froidure"},"description":"CN 6\u00e8me Dan Karat\u00e9 Shotokan - CN 3\u00e8me degr\u00e9 Arnis Kali - Professeur dipl\u00f4m\u00e9 d\u2019\u00e9tat DEJEPS - Instructeur Arnis Kali 2\u00e8me niveau - D\u00e9couvre mon blog KARATE","sameAs":["https:\/\/www.lionelfroidure.com","https:\/\/www.facebook.com\/lionelbudo","https:\/\/instagram.com\/lionelfroidure","https:\/\/x.com\/lionelfroidure"],"url":"https:\/\/www.blagnacartsmartiaux.fr\/site\/author\/lionel-froidure\/"}]}},"_links":{"self":[{"href":"https:\/\/www.blagnacartsmartiaux.fr\/site\/wp-json\/wp\/v2\/posts\/4003","targetHints":{"allow":["GET"]}}],"collection":[{"href":"https:\/\/www.blagnacartsmartiaux.fr\/site\/wp-json\/wp\/v2\/posts"}],"about":[{"href":"https:\/\/www.blagnacartsmartiaux.fr\/site\/wp-json\/wp\/v2\/types\/post"}],"author":[{"embeddable":true,"href":"https:\/\/www.blagnacartsmartiaux.fr\/site\/wp-json\/wp\/v2\/users\/2"}],"replies":[{"embeddable":true,"href":"https:\/\/www.blagnacartsmartiaux.fr\/site\/wp-json\/wp\/v2\/comments?post=4003"}],"version-history":[{"count":3,"href":"https:\/\/www.blagnacartsmartiaux.fr\/site\/wp-json\/wp\/v2\/posts\/4003\/revisions"}],"predecessor-version":[{"id":4007,"href":"https:\/\/www.blagnacartsmartiaux.fr\/site\/wp-json\/wp\/v2\/posts\/4003\/revisions\/4007"}],"wp:featuredmedia":[{"embeddable":true,"href":"https:\/\/www.blagnacartsmartiaux.fr\/site\/wp-json\/wp\/v2\/media\/4004"}],"wp:attachment":[{"href":"https:\/\/www.blagnacartsmartiaux.fr\/site\/wp-json\/wp\/v2\/media?parent=4003"}],"wp:term":[{"taxonomy":"category","embeddable":true,"href":"https:\/\/www.blagnacartsmartiaux.fr\/site\/wp-json\/wp\/v2\/categories?post=4003"},{"taxonomy":"post_tag","embeddable":true,"href":"https:\/\/www.blagnacartsmartiaux.fr\/site\/wp-json\/wp\/v2\/tags?post=4003"}],"curies":[{"name":"wp","href":"https:\/\/api.w.org\/{rel}","templated":true}]}}