{"id":5019,"date":"2022-09-23T20:20:00","date_gmt":"2022-09-23T18:20:00","guid":{"rendered":"http:\/\/www.blagnacartsmartiaux.fr\/site\/?p=5019"},"modified":"2022-11-06T16:43:49","modified_gmt":"2022-11-06T14:43:49","slug":"jean-francois-mougenot-decroche-son-cqp-judo","status":"publish","type":"post","link":"https:\/\/www.blagnacartsmartiaux.fr\/site\/2022\/09\/23\/jean-francois-mougenot-decroche-son-cqp-judo\/","title":{"rendered":"Jean-Fran\u00e7ois Mougenot d\u00e9croche son CQP Judo!"},"content":{"rendered":"\n<p>Avec une formation am\u00e9nag\u00e9e sur plusieurs ann\u00e9es (contraintes professionnelles), Jean-Fran\u00e7ois a d\u00e9croch\u00e9 fin juin son CQP judo!<\/p>\n\n\n\n<p>Intervenant r\u00e9guli\u00e8rement au cours adulte cette saison dans le cadre de sa formation, il a d\u00e9montr\u00e9 courant mai, sa capacit\u00e9 p\u00e9dagogique en faisant travailler Yoko Tomoe Nage au cours adulte devant le jury du CQP.&nbsp;<\/p>\n\n\n\n<p>Mi-juin, c\u2019\u00e9tait au tour de la partie technique.<\/p>\n\n\n\n<p>F\u00e9licitations Jeff!<\/p>\n\n\n\n<p class=\"has-text-align-center\"><img fetchpriority=\"high\" decoding=\"async\" src=\"https:\/\/lh4.googleusercontent.com\/lKpEwtKST33J7Qmja-Xlu5JxxzkMD0sr5wglwat5cclnjgrbwBdKbxM-_QG64VEn_6hfrPm7tcRLZAp05CyfCGwG0boH2HpvXIm36PwCVxzDKvBwr0HjryBkQiWMHZVF1HxujaQIyUsNnduVaCHFrNwdICtV7jjJoQ8P8jQmPZv-HeeFiRaPEQkB\" width=\"602\" height=\"339\"><\/p>\n","protected":false},"excerpt":{"rendered":"<p>Avec une formation am\u00e9nag\u00e9e sur plusieurs ann\u00e9es (contraintes professionnelles), Jean-Fran\u00e7ois a d\u00e9croch\u00e9 fin juin son CQP judo! Intervenant r\u00e9guli\u00e8rement au cours adulte cette saison dans le cadre de sa formation, il a d\u00e9montr\u00e9 courant mai, sa capacit\u00e9 p\u00e9dagogique en faisant travailler Yoko Tomoe Nage au cours adulte devant le jury du CQP.&nbsp; Mi-juin, c\u2019\u00e9tait au [&hellip;]<\/p>\n","protected":false},"author":109,"featured_media":5060,"comment_status":"closed","ping_status":"closed","sticky":false,"template":"","format":"standard","meta":{"site-sidebar-layout":"default","site-content-layout":"","ast-site-content-layout":"default","site-content-style":"default","site-sidebar-style":"default","ast-global-header-display":"","ast-banner-title-visibility":"","ast-main-header-display":"","ast-hfb-above-header-display":"","ast-hfb-below-header-display":"","ast-hfb-mobile-header-display":"","site-post-title":"","ast-breadcrumbs-content":"","ast-featured-img":"","footer-sml-layout":"","ast-disable-related-posts":"","theme-transparent-header-meta":"","adv-header-id-meta":"","stick-header-meta":"","header-above-stick-meta":"","header-main-stick-meta":"","header-below-stick-meta":"","astra-migrate-meta-layouts":"default","ast-page-background-enabled":"default","ast-page-background-meta":{"desktop":{"background-color":"","background-image":"","background-repeat":"repeat","background-position":"center center","background-size":"auto","background-attachment":"scroll","background-type":"","background-media":"","overlay-type":"","overlay-color":"","overlay-opacity":"","overlay-gradient":""},"tablet":{"background-color":"","background-image":"","background-repeat":"repeat","background-position":"center center","background-size":"auto","background-attachment":"scroll","background-type":"","background-media":"","overlay-type":"","overlay-color":"","overlay-opacity":"","overlay-gradient":""},"mobile":{"background-color":"","background-image":"","background-repeat":"repeat","background-position":"center center","background-size":"auto","background-attachment":"scroll","background-type":"","background-media":"","overlay-type":"","overlay-color":"","overlay-opacity":"","overlay-gradient":""}},"ast-content-background-meta":{"desktop":{"background-color":"var(--ast-global-color-5)","background-image":"","background-repeat":"repeat","background-position":"center center","background-size":"auto","background-attachment":"scroll","background-type":"","background-media":"","overlay-type":"","overlay-color":"","overlay-opacity":"","overlay-gradient":""},"tablet":{"background-color":"var(--ast-global-color-5)","background-image":"","background-repeat":"repeat","background-position":"center center","background-size":"auto","background-attachment":"scroll","background-type":"","background-media":"","overlay-type":"","overlay-color":"","overlay-opacity":"","overlay-gradient":""},"mobile":{"background-color":"var(--ast-global-color-5)","background-image":"","background-repeat":"repeat","background-position":"center center","background-size":"auto","background-attachment":"scroll","background-type":"","background-media":"","overlay-type":"","overlay-color":"","overlay-opacity":"","overlay-gradient":""}},"footnotes":""},"categories":[4],"tags":[],"class_list":["post-5019","post","type-post","status-publish","format-standard","has-post-thumbnail","hentry","category-judo"],"yoast_head":"<!-- This site is optimized with the Yoast SEO plugin v27.5 - https:\/\/yoast.com\/product\/yoast-seo-wordpress\/ -->\n<title>Jean-Fran\u00e7ois Mougenot d\u00e9croche son CQP Judo! - Blagnac Arts Martiaux<\/title>\n<meta name=\"robots\" content=\"index, follow, max-snippet:-1, max-image-preview:large, max-video-preview:-1\" \/>\n<link rel=\"canonical\" href=\"https:\/\/www.blagnacartsmartiaux.fr\/site\/2022\/09\/23\/jean-francois-mougenot-decroche-son-cqp-judo\/\" \/>\n<meta property=\"og:locale\" content=\"fr_FR\" \/>\n<meta property=\"og:type\" content=\"article\" \/>\n<meta property=\"og:title\" content=\"Jean-Fran\u00e7ois Mougenot d\u00e9croche son CQP Judo! - Blagnac Arts Martiaux\" \/>\n<meta property=\"og:description\" content=\"Avec une formation am\u00e9nag\u00e9e sur plusieurs ann\u00e9es (contraintes professionnelles), Jean-Fran\u00e7ois a d\u00e9croch\u00e9 fin juin son CQP judo! Intervenant r\u00e9guli\u00e8rement au cours adulte cette saison dans le cadre de sa formation, il a d\u00e9montr\u00e9 courant mai, sa capacit\u00e9 p\u00e9dagogique en faisant travailler Yoko Tomoe Nage au cours adulte devant le jury du CQP.&nbsp; Mi-juin, c\u2019\u00e9tait au [&hellip;]\" \/>\n<meta property=\"og:url\" content=\"https:\/\/www.blagnacartsmartiaux.fr\/site\/2022\/09\/23\/jean-francois-mougenot-decroche-son-cqp-judo\/\" \/>\n<meta property=\"og:site_name\" content=\"Blagnac Arts Martiaux\" \/>\n<meta property=\"article:publisher\" content=\"https:\/\/www.facebook.com\/BlagnacArtsMartiaux\" \/>\n<meta property=\"article:published_time\" content=\"2022-09-23T18:20:00+00:00\" \/>\n<meta property=\"article:modified_time\" content=\"2022-11-06T14:43:49+00:00\" \/>\n<meta property=\"og:image\" content=\"https:\/\/www.blagnacartsmartiaux.fr\/site\/wp-content\/uploads\/2022\/09\/Judo_Adultes_Lundi_Technique-scaled.jpg\" \/>\n\t<meta property=\"og:image:width\" content=\"2560\" \/>\n\t<meta property=\"og:image:height\" content=\"1440\" \/>\n\t<meta property=\"og:image:type\" content=\"image\/jpeg\" \/>\n<meta name=\"author\" content=\"Alaric BECKER\" \/>\n<meta name=\"twitter:card\" content=\"summary_large_image\" \/>\n<meta name=\"twitter:creator\" content=\"@BlagnacArtsM\" \/>\n<meta name=\"twitter:site\" content=\"@BlagnacArtsM\" \/>\n<meta name=\"twitter:label1\" content=\"\u00c9crit par\" \/>\n\t<meta name=\"twitter:data1\" content=\"Alaric BECKER\" \/>\n\t<meta name=\"twitter:label2\" content=\"Dur\u00e9e de lecture estim\u00e9e\" \/>\n\t<meta name=\"twitter:data2\" content=\"1 minute\" \/>\n<script type=\"application\/ld+json\" class=\"yoast-schema-graph\">{\"@context\":\"https:\\\/\\\/schema.org\",\"@graph\":[{\"@type\":\"Article\",\"@id\":\"https:\\\/\\\/www.blagnacartsmartiaux.fr\\\/site\\\/2022\\\/09\\\/23\\\/jean-francois-mougenot-decroche-son-cqp-judo\\\/#article\",\"isPartOf\":{\"@id\":\"https:\\\/\\\/www.blagnacartsmartiaux.fr\\\/site\\\/2022\\\/09\\\/23\\\/jean-francois-mougenot-decroche-son-cqp-judo\\\/\"},\"author\":{\"name\":\"Alaric BECKER\",\"@id\":\"https:\\\/\\\/www.blagnacartsmartiaux.fr\\\/site\\\/#\\\/schema\\\/person\\\/110a92270c2be7d48596315a53e863c1\"},\"headline\":\"Jean-Fran\u00e7ois Mougenot d\u00e9croche son CQP Judo!\",\"datePublished\":\"2022-09-23T18:20:00+00:00\",\"dateModified\":\"2022-11-06T14:43:49+00:00\",\"mainEntityOfPage\":{\"@id\":\"https:\\\/\\\/www.blagnacartsmartiaux.fr\\\/site\\\/2022\\\/09\\\/23\\\/jean-francois-mougenot-decroche-son-cqp-judo\\\/\"},\"wordCount\":82,\"publisher\":{\"@id\":\"https:\\\/\\\/www.blagnacartsmartiaux.fr\\\/site\\\/#organization\"},\"image\":{\"@id\":\"https:\\\/\\\/www.blagnacartsmartiaux.fr\\\/site\\\/2022\\\/09\\\/23\\\/jean-francois-mougenot-decroche-son-cqp-judo\\\/#primaryimage\"},\"thumbnailUrl\":\"https:\\\/\\\/www.blagnacartsmartiaux.fr\\\/site\\\/wp-content\\\/uploads\\\/2022\\\/09\\\/Judo_Adultes_Lundi_Technique-scaled.jpg\",\"articleSection\":[\"Judo\"],\"inLanguage\":\"fr-FR\"},{\"@type\":\"WebPage\",\"@id\":\"https:\\\/\\\/www.blagnacartsmartiaux.fr\\\/site\\\/2022\\\/09\\\/23\\\/jean-francois-mougenot-decroche-son-cqp-judo\\\/\",\"url\":\"https:\\\/\\\/www.blagnacartsmartiaux.fr\\\/site\\\/2022\\\/09\\\/23\\\/jean-francois-mougenot-decroche-son-cqp-judo\\\/\",\"name\":\"Jean-Fran\u00e7ois Mougenot d\u00e9croche son CQP Judo! - Blagnac Arts Martiaux\",\"isPartOf\":{\"@id\":\"https:\\\/\\\/www.blagnacartsmartiaux.fr\\\/site\\\/#website\"},\"primaryImageOfPage\":{\"@id\":\"https:\\\/\\\/www.blagnacartsmartiaux.fr\\\/site\\\/2022\\\/09\\\/23\\\/jean-francois-mougenot-decroche-son-cqp-judo\\\/#primaryimage\"},\"image\":{\"@id\":\"https:\\\/\\\/www.blagnacartsmartiaux.fr\\\/site\\\/2022\\\/09\\\/23\\\/jean-francois-mougenot-decroche-son-cqp-judo\\\/#primaryimage\"},\"thumbnailUrl\":\"https:\\\/\\\/www.blagnacartsmartiaux.fr\\\/site\\\/wp-content\\\/uploads\\\/2022\\\/09\\\/Judo_Adultes_Lundi_Technique-scaled.jpg\",\"datePublished\":\"2022-09-23T18:20:00+00:00\",\"dateModified\":\"2022-11-06T14:43:49+00:00\",\"breadcrumb\":{\"@id\":\"https:\\\/\\\/www.blagnacartsmartiaux.fr\\\/site\\\/2022\\\/09\\\/23\\\/jean-francois-mougenot-decroche-son-cqp-judo\\\/#breadcrumb\"},\"inLanguage\":\"fr-FR\",\"potentialAction\":[{\"@type\":\"ReadAction\",\"target\":[\"https:\\\/\\\/www.blagnacartsmartiaux.fr\\\/site\\\/2022\\\/09\\\/23\\\/jean-francois-mougenot-decroche-son-cqp-judo\\\/\"]}]},{\"@type\":\"ImageObject\",\"inLanguage\":\"fr-FR\",\"@id\":\"https:\\\/\\\/www.blagnacartsmartiaux.fr\\\/site\\\/2022\\\/09\\\/23\\\/jean-francois-mougenot-decroche-son-cqp-judo\\\/#primaryimage\",\"url\":\"https:\\\/\\\/www.blagnacartsmartiaux.fr\\\/site\\\/wp-content\\\/uploads\\\/2022\\\/09\\\/Judo_Adultes_Lundi_Technique-scaled.jpg\",\"contentUrl\":\"https:\\\/\\\/www.blagnacartsmartiaux.fr\\\/site\\\/wp-content\\\/uploads\\\/2022\\\/09\\\/Judo_Adultes_Lundi_Technique-scaled.jpg\",\"width\":2560,\"height\":1440},{\"@type\":\"BreadcrumbList\",\"@id\":\"https:\\\/\\\/www.blagnacartsmartiaux.fr\\\/site\\\/2022\\\/09\\\/23\\\/jean-francois-mougenot-decroche-son-cqp-judo\\\/#breadcrumb\",\"itemListElement\":[{\"@type\":\"ListItem\",\"position\":1,\"name\":\"Accueil\",\"item\":\"https:\\\/\\\/www.blagnacartsmartiaux.fr\\\/site\\\/\"},{\"@type\":\"ListItem\",\"position\":2,\"name\":\"Jean-Fran\u00e7ois Mougenot d\u00e9croche son CQP Judo!\"}]},{\"@type\":\"WebSite\",\"@id\":\"https:\\\/\\\/www.blagnacartsmartiaux.fr\\\/site\\\/#website\",\"url\":\"https:\\\/\\\/www.blagnacartsmartiaux.fr\\\/site\\\/\",\"name\":\"Blagnac Arts Martiaux\",\"description\":\"Le club de Judo, Karat\u00e9, Jujitsu, Arnis Kali et Self D\u00e9fense sur Blagnac\",\"publisher\":{\"@id\":\"https:\\\/\\\/www.blagnacartsmartiaux.fr\\\/site\\\/#organization\"},\"potentialAction\":[{\"@type\":\"SearchAction\",\"target\":{\"@type\":\"EntryPoint\",\"urlTemplate\":\"https:\\\/\\\/www.blagnacartsmartiaux.fr\\\/site\\\/?s={search_term_string}\"},\"query-input\":{\"@type\":\"PropertyValueSpecification\",\"valueRequired\":true,\"valueName\":\"search_term_string\"}}],\"inLanguage\":\"fr-FR\"},{\"@type\":\"Organization\",\"@id\":\"https:\\\/\\\/www.blagnacartsmartiaux.fr\\\/site\\\/#organization\",\"name\":\"Blagnac Arts Martiaux\",\"url\":\"https:\\\/\\\/www.blagnacartsmartiaux.fr\\\/site\\\/\",\"logo\":{\"@type\":\"ImageObject\",\"inLanguage\":\"fr-FR\",\"@id\":\"https:\\\/\\\/www.blagnacartsmartiaux.fr\\\/site\\\/#\\\/schema\\\/logo\\\/image\\\/\",\"url\":\"https:\\\/\\\/www.blagnacartsmartiaux.fr\\\/site\\\/wp-content\\\/uploads\\\/2020\\\/05\\\/cropped-bam-wide.png\",\"contentUrl\":\"https:\\\/\\\/www.blagnacartsmartiaux.fr\\\/site\\\/wp-content\\\/uploads\\\/2020\\\/05\\\/cropped-bam-wide.png\",\"width\":180,\"height\":60,\"caption\":\"Blagnac Arts Martiaux\"},\"image\":{\"@id\":\"https:\\\/\\\/www.blagnacartsmartiaux.fr\\\/site\\\/#\\\/schema\\\/logo\\\/image\\\/\"},\"sameAs\":[\"https:\\\/\\\/www.facebook.com\\\/BlagnacArtsMartiaux\",\"https:\\\/\\\/x.com\\\/BlagnacArtsM\"]},{\"@type\":\"Person\",\"@id\":\"https:\\\/\\\/www.blagnacartsmartiaux.fr\\\/site\\\/#\\\/schema\\\/person\\\/110a92270c2be7d48596315a53e863c1\",\"name\":\"Alaric BECKER\",\"image\":{\"@type\":\"ImageObject\",\"inLanguage\":\"fr-FR\",\"@id\":\"https:\\\/\\\/secure.gravatar.com\\\/avatar\\\/3c1c50196c68fe76095301e80afec0147264af1325eefeca6efb4beea33f4187?s=96&d=mm&r=g\",\"url\":\"https:\\\/\\\/secure.gravatar.com\\\/avatar\\\/3c1c50196c68fe76095301e80afec0147264af1325eefeca6efb4beea33f4187?s=96&d=mm&r=g\",\"contentUrl\":\"https:\\\/\\\/secure.gravatar.com\\\/avatar\\\/3c1c50196c68fe76095301e80afec0147264af1325eefeca6efb4beea33f4187?s=96&d=mm&r=g\",\"caption\":\"Alaric BECKER\"},\"url\":\"https:\\\/\\\/www.blagnacartsmartiaux.fr\\\/site\\\/author\\\/abecker\\\/\"}]}<\/script>\n<!-- \/ Yoast SEO plugin. -->","yoast_head_json":{"title":"Jean-Fran\u00e7ois Mougenot d\u00e9croche son CQP Judo! - Blagnac Arts Martiaux","robots":{"index":"index","follow":"follow","max-snippet":"max-snippet:-1","max-image-preview":"max-image-preview:large","max-video-preview":"max-video-preview:-1"},"canonical":"https:\/\/www.blagnacartsmartiaux.fr\/site\/2022\/09\/23\/jean-francois-mougenot-decroche-son-cqp-judo\/","og_locale":"fr_FR","og_type":"article","og_title":"Jean-Fran\u00e7ois Mougenot d\u00e9croche son CQP Judo! - Blagnac Arts Martiaux","og_description":"Avec une formation am\u00e9nag\u00e9e sur plusieurs ann\u00e9es (contraintes professionnelles), Jean-Fran\u00e7ois a d\u00e9croch\u00e9 fin juin son CQP judo! Intervenant r\u00e9guli\u00e8rement au cours adulte cette saison dans le cadre de sa formation, il a d\u00e9montr\u00e9 courant mai, sa capacit\u00e9 p\u00e9dagogique en faisant travailler Yoko Tomoe Nage au cours adulte devant le jury du CQP.&nbsp; Mi-juin, c\u2019\u00e9tait au [&hellip;]","og_url":"https:\/\/www.blagnacartsmartiaux.fr\/site\/2022\/09\/23\/jean-francois-mougenot-decroche-son-cqp-judo\/","og_site_name":"Blagnac Arts Martiaux","article_publisher":"https:\/\/www.facebook.com\/BlagnacArtsMartiaux","article_published_time":"2022-09-23T18:20:00+00:00","article_modified_time":"2022-11-06T14:43:49+00:00","og_image":[{"width":2560,"height":1440,"url":"https:\/\/www.blagnacartsmartiaux.fr\/site\/wp-content\/uploads\/2022\/09\/Judo_Adultes_Lundi_Technique-scaled.jpg","type":"image\/jpeg"}],"author":"Alaric BECKER","twitter_card":"summary_large_image","twitter_creator":"@BlagnacArtsM","twitter_site":"@BlagnacArtsM","twitter_misc":{"\u00c9crit par":"Alaric BECKER","Dur\u00e9e de lecture estim\u00e9e":"1 minute"},"schema":{"@context":"https:\/\/schema.org","@graph":[{"@type":"Article","@id":"https:\/\/www.blagnacartsmartiaux.fr\/site\/2022\/09\/23\/jean-francois-mougenot-decroche-son-cqp-judo\/#article","isPartOf":{"@id":"https:\/\/www.blagnacartsmartiaux.fr\/site\/2022\/09\/23\/jean-francois-mougenot-decroche-son-cqp-judo\/"},"author":{"name":"Alaric BECKER","@id":"https:\/\/www.blagnacartsmartiaux.fr\/site\/#\/schema\/person\/110a92270c2be7d48596315a53e863c1"},"headline":"Jean-Fran\u00e7ois Mougenot d\u00e9croche son CQP Judo!","datePublished":"2022-09-23T18:20:00+00:00","dateModified":"2022-11-06T14:43:49+00:00","mainEntityOfPage":{"@id":"https:\/\/www.blagnacartsmartiaux.fr\/site\/2022\/09\/23\/jean-francois-mougenot-decroche-son-cqp-judo\/"},"wordCount":82,"publisher":{"@id":"https:\/\/www.blagnacartsmartiaux.fr\/site\/#organization"},"image":{"@id":"https:\/\/www.blagnacartsmartiaux.fr\/site\/2022\/09\/23\/jean-francois-mougenot-decroche-son-cqp-judo\/#primaryimage"},"thumbnailUrl":"https:\/\/www.blagnacartsmartiaux.fr\/site\/wp-content\/uploads\/2022\/09\/Judo_Adultes_Lundi_Technique-scaled.jpg","articleSection":["Judo"],"inLanguage":"fr-FR"},{"@type":"WebPage","@id":"https:\/\/www.blagnacartsmartiaux.fr\/site\/2022\/09\/23\/jean-francois-mougenot-decroche-son-cqp-judo\/","url":"https:\/\/www.blagnacartsmartiaux.fr\/site\/2022\/09\/23\/jean-francois-mougenot-decroche-son-cqp-judo\/","name":"Jean-Fran\u00e7ois Mougenot d\u00e9croche son CQP Judo! - Blagnac Arts Martiaux","isPartOf":{"@id":"https:\/\/www.blagnacartsmartiaux.fr\/site\/#website"},"primaryImageOfPage":{"@id":"https:\/\/www.blagnacartsmartiaux.fr\/site\/2022\/09\/23\/jean-francois-mougenot-decroche-son-cqp-judo\/#primaryimage"},"image":{"@id":"https:\/\/www.blagnacartsmartiaux.fr\/site\/2022\/09\/23\/jean-francois-mougenot-decroche-son-cqp-judo\/#primaryimage"},"thumbnailUrl":"https:\/\/www.blagnacartsmartiaux.fr\/site\/wp-content\/uploads\/2022\/09\/Judo_Adultes_Lundi_Technique-scaled.jpg","datePublished":"2022-09-23T18:20:00+00:00","dateModified":"2022-11-06T14:43:49+00:00","breadcrumb":{"@id":"https:\/\/www.blagnacartsmartiaux.fr\/site\/2022\/09\/23\/jean-francois-mougenot-decroche-son-cqp-judo\/#breadcrumb"},"inLanguage":"fr-FR","potentialAction":[{"@type":"ReadAction","target":["https:\/\/www.blagnacartsmartiaux.fr\/site\/2022\/09\/23\/jean-francois-mougenot-decroche-son-cqp-judo\/"]}]},{"@type":"ImageObject","inLanguage":"fr-FR","@id":"https:\/\/www.blagnacartsmartiaux.fr\/site\/2022\/09\/23\/jean-francois-mougenot-decroche-son-cqp-judo\/#primaryimage","url":"https:\/\/www.blagnacartsmartiaux.fr\/site\/wp-content\/uploads\/2022\/09\/Judo_Adultes_Lundi_Technique-scaled.jpg","contentUrl":"https:\/\/www.blagnacartsmartiaux.fr\/site\/wp-content\/uploads\/2022\/09\/Judo_Adultes_Lundi_Technique-scaled.jpg","width":2560,"height":1440},{"@type":"BreadcrumbList","@id":"https:\/\/www.blagnacartsmartiaux.fr\/site\/2022\/09\/23\/jean-francois-mougenot-decroche-son-cqp-judo\/#breadcrumb","itemListElement":[{"@type":"ListItem","position":1,"name":"Accueil","item":"https:\/\/www.blagnacartsmartiaux.fr\/site\/"},{"@type":"ListItem","position":2,"name":"Jean-Fran\u00e7ois Mougenot d\u00e9croche son CQP Judo!"}]},{"@type":"WebSite","@id":"https:\/\/www.blagnacartsmartiaux.fr\/site\/#website","url":"https:\/\/www.blagnacartsmartiaux.fr\/site\/","name":"Blagnac Arts Martiaux","description":"Le club de Judo, Karat\u00e9, Jujitsu, Arnis Kali et Self D\u00e9fense sur Blagnac","publisher":{"@id":"https:\/\/www.blagnacartsmartiaux.fr\/site\/#organization"},"potentialAction":[{"@type":"SearchAction","target":{"@type":"EntryPoint","urlTemplate":"https:\/\/www.blagnacartsmartiaux.fr\/site\/?s={search_term_string}"},"query-input":{"@type":"PropertyValueSpecification","valueRequired":true,"valueName":"search_term_string"}}],"inLanguage":"fr-FR"},{"@type":"Organization","@id":"https:\/\/www.blagnacartsmartiaux.fr\/site\/#organization","name":"Blagnac Arts Martiaux","url":"https:\/\/www.blagnacartsmartiaux.fr\/site\/","logo":{"@type":"ImageObject","inLanguage":"fr-FR","@id":"https:\/\/www.blagnacartsmartiaux.fr\/site\/#\/schema\/logo\/image\/","url":"https:\/\/www.blagnacartsmartiaux.fr\/site\/wp-content\/uploads\/2020\/05\/cropped-bam-wide.png","contentUrl":"https:\/\/www.blagnacartsmartiaux.fr\/site\/wp-content\/uploads\/2020\/05\/cropped-bam-wide.png","width":180,"height":60,"caption":"Blagnac Arts Martiaux"},"image":{"@id":"https:\/\/www.blagnacartsmartiaux.fr\/site\/#\/schema\/logo\/image\/"},"sameAs":["https:\/\/www.facebook.com\/BlagnacArtsMartiaux","https:\/\/x.com\/BlagnacArtsM"]},{"@type":"Person","@id":"https:\/\/www.blagnacartsmartiaux.fr\/site\/#\/schema\/person\/110a92270c2be7d48596315a53e863c1","name":"Alaric BECKER","image":{"@type":"ImageObject","inLanguage":"fr-FR","@id":"https:\/\/secure.gravatar.com\/avatar\/3c1c50196c68fe76095301e80afec0147264af1325eefeca6efb4beea33f4187?s=96&d=mm&r=g","url":"https:\/\/secure.gravatar.com\/avatar\/3c1c50196c68fe76095301e80afec0147264af1325eefeca6efb4beea33f4187?s=96&d=mm&r=g","contentUrl":"https:\/\/secure.gravatar.com\/avatar\/3c1c50196c68fe76095301e80afec0147264af1325eefeca6efb4beea33f4187?s=96&d=mm&r=g","caption":"Alaric BECKER"},"url":"https:\/\/www.blagnacartsmartiaux.fr\/site\/author\/abecker\/"}]}},"_links":{"self":[{"href":"https:\/\/www.blagnacartsmartiaux.fr\/site\/wp-json\/wp\/v2\/posts\/5019","targetHints":{"allow":["GET"]}}],"collection":[{"href":"https:\/\/www.blagnacartsmartiaux.fr\/site\/wp-json\/wp\/v2\/posts"}],"about":[{"href":"https:\/\/www.blagnacartsmartiaux.fr\/site\/wp-json\/wp\/v2\/types\/post"}],"author":[{"embeddable":true,"href":"https:\/\/www.blagnacartsmartiaux.fr\/site\/wp-json\/wp\/v2\/users\/109"}],"replies":[{"embeddable":true,"href":"https:\/\/www.blagnacartsmartiaux.fr\/site\/wp-json\/wp\/v2\/comments?post=5019"}],"version-history":[{"count":2,"href":"https:\/\/www.blagnacartsmartiaux.fr\/site\/wp-json\/wp\/v2\/posts\/5019\/revisions"}],"predecessor-version":[{"id":5048,"href":"https:\/\/www.blagnacartsmartiaux.fr\/site\/wp-json\/wp\/v2\/posts\/5019\/revisions\/5048"}],"wp:featuredmedia":[{"embeddable":true,"href":"https:\/\/www.blagnacartsmartiaux.fr\/site\/wp-json\/wp\/v2\/media\/5060"}],"wp:attachment":[{"href":"https:\/\/www.blagnacartsmartiaux.fr\/site\/wp-json\/wp\/v2\/media?parent=5019"}],"wp:term":[{"taxonomy":"category","embeddable":true,"href":"https:\/\/www.blagnacartsmartiaux.fr\/site\/wp-json\/wp\/v2\/categories?post=5019"},{"taxonomy":"post_tag","embeddable":true,"href":"https:\/\/www.blagnacartsmartiaux.fr\/site\/wp-json\/wp\/v2\/tags?post=5019"}],"curies":[{"name":"wp","href":"https:\/\/api.w.org\/{rel}","templated":true}]}}